{"id":19061,"date":"2023-08-09T14:04:27","date_gmt":"2023-08-09T17:04:27","guid":{"rendered":"https:\/\/www.ifbaiano.edu.br\/unidades\/santaines\/?p=19061"},"modified":"2023-08-09T14:04:28","modified_gmt":"2023-08-09T17:04:28","slug":"nucleo-de-estudos-realizou-bate-bola-com-as-jogadeiras-do-if-no-campus-santa-ines","status":"publish","type":"post","link":"https:\/\/www.ifbaiano.edu.br\/unidades\/santaines\/nucleo-de-estudos-realizou-bate-bola-com-as-jogadeiras-do-if-no-campus-santa-ines\/","title":{"rendered":"N\u00facleo de Estudos realizou \u201cBate bola com as Jogadeiras do IF\u201d no Campus Santa In\u00eas"},"content":{"rendered":"\n<p>No dia 26 de julho de 2023 aconteceu, no IF Baiano &#8211; <em>Campus<\/em> santa In\u00eas, o \u201c<strong>Bate bola com as Jogadeiras do IF\u201d<\/strong>. Uma a\u00e7\u00e3o de visibilidade ao futebol feminino realizada pelo N\u00facleo de Estudos de G\u00eanero e Sexualidade (GENI). O evento foi realizado na cantina da institui\u00e7\u00e3o, durante o hor\u00e1rio do almo\u00e7o, com in\u00edcio \u00e0s 12h30min.<\/p>\n\n\n\n<figure class=\"wp-block-image size-full\"><a href=\"https:\/\/www.ifbaiano.edu.br\/unidades\/santaines\/files\/2023\/08\/aaa.jpg\"><img decoding=\"async\" loading=\"lazy\" width=\"1599\" height=\"797\" src=\"https:\/\/www.ifbaiano.edu.br\/unidades\/santaines\/files\/2023\/08\/aaa.jpg\" alt=\"\" class=\"wp-image-19086\" \/><\/a><\/figure>\n\n\n\n<p>A ideia da a\u00e7\u00e3o partiu da professora do campus, J\u00e9ssica Bigaski, que, al\u00e9m de compor o GENI, \u00e9 f\u00e3 de futebol. O encontro foi organizado pelas coordenadoras do GENI: Professoras Dolores Assaritti, Cleomar Cabral e Marilete Previeiro, e pelos(as) membros(as) do n\u00facleo. Contou com a presen\u00e7a de estudantes e servidores do campus e, tamb\u00e9m, representantes da gest\u00e3o p\u00fablica do munic\u00edpio de Santa In\u00eas: <strong>Reuben Marinho, <\/strong>Secret\u00e1rio de Esporte, Cultura e Turismo; <strong>Karla Caja\u00edba,<\/strong> Diretora de Cultura; <strong>Gessica Silva, <\/strong>Diretora de Turismo e <strong>Genaldo Sousa, <\/strong>Diretor de Esporte.<\/p>\n\n\n\n<p> De acordo com a professora Dolores, professora de Educa\u00e7\u00e3o F\u00edsica do <em>Campus <\/em>Santa In\u00eas e uma das coordenadoras do GENI, esse foi um momento importante para algumas reflex\u00f5es\/discuss\u00f5es: \u201cPor mais de 30 anos as mulheres foram proibidas de jogar futebol no Brasil. Hoje, apesar de muita resist\u00eancia, o futebol \u00e9 uma das modalidades em que h\u00e1 maior desigualdade de g\u00eanero\u201d. A professora ressaltou que o GENI do IF Baiano &#8211; <em>Campus<\/em> Santa In\u00eas reuniu a comunidade acad\u00eamica, aproveitando esse momento de Copa do Mundo de Futebol Feminino e de prepara\u00e7\u00e3o da delega\u00e7\u00e3o do campus para os Jogos Estudantis do IF Baiano (JEIF 2023), para saudar as jogadoras de futebol e futsal do campus.<\/p>\n\n\n\n<figure class=\"wp-block-gallery has-nested-images columns-default is-cropped wp-block-gallery-1 is-layout-flex\">\n<figure class=\"wp-block-image size-large\"><a href=\"https:\/\/www.ifbaiano.edu.br\/unidades\/santaines\/files\/2023\/08\/9c60c035-d9fd-45c2-a496-6c44e40aa49d.jpeg\"><img decoding=\"async\" loading=\"lazy\" width=\"900\" height=\"1600\" data-id=\"19067\"  src=\"https:\/\/www.ifbaiano.edu.br\/unidades\/santaines\/files\/2023\/08\/9c60c035-d9fd-45c2-a496-6c44e40aa49d.jpeg\" alt=\"\" class=\"wp-image-19067\" \/><\/a><\/figure>\n\n\n\n<figure class=\"wp-block-image size-large\"><a href=\"https:\/\/www.ifbaiano.edu.br\/unidades\/santaines\/files\/2023\/08\/7fc2fd5e-0fa1-4284-8b4e-69b099108a06.jpeg\"><img decoding=\"async\" loading=\"lazy\" width=\"1600\" height=\"737\" data-id=\"19066\"  src=\"https:\/\/www.ifbaiano.edu.br\/unidades\/santaines\/files\/2023\/08\/7fc2fd5e-0fa1-4284-8b4e-69b099108a06.jpeg\" alt=\"\" class=\"wp-image-19066\" \/><\/a><\/figure>\n<\/figure>\n\n\n\n<p>A professora Dolores tamb\u00e9m registra a import\u00e2ncia desse encontro \u201cEsse momento de partilha proporcionado pela a\u00e7\u00e3o foi muito emocionante, pois as atletas, estudantes dos cursos t\u00e9cnicos integrados do campus, puderam contatar um pouco sobre suas trajet\u00f3rias na modalidade e compartilhar os desafios enfrentados por se tratar de uma modalidade majoritariamente masculina\u201d.<\/p>\n\n\n\n<p>No in\u00edcio do semestre o <em>Campus<\/em> Santa In\u00eas firmou parceria com a Secretaria de Esporte, Cultura e Turismo do munic\u00edpio para uso do campo de futebol a fim de viabilizar os treinamentos dos times selecionados para o JEIF 2023. No dia do evento, 26 de julho, foi tamb\u00e9m inaugurado um mural, localizado no pavilh\u00e3o pedag\u00f3gico, com fotos e depoimentos das jogadoras da sele\u00e7\u00e3o de futsal do campus e das jogadoras da sele\u00e7\u00e3o brasileira de futebol que representaram nosso pa\u00eds na copa do mundo.<\/p>\n\n\n\n<figure class=\"wp-block-gallery has-nested-images columns-default is-cropped wp-block-gallery-3 is-layout-flex\">\n<figure class=\"wp-block-image size-large\"><a href=\"https:\/\/www.ifbaiano.edu.br\/unidades\/santaines\/files\/2023\/08\/a8c70df2-6826-4c8b-a015-0c9ad25bba58.jpeg\"><img decoding=\"async\" loading=\"lazy\" width=\"1600\" height=\"1197\" data-id=\"19077\"  src=\"https:\/\/www.ifbaiano.edu.br\/unidades\/santaines\/files\/2023\/08\/a8c70df2-6826-4c8b-a015-0c9ad25bba58.jpeg\" alt=\"\" class=\"wp-image-19077\" \/><\/a><\/figure>\n<\/figure>\n\n\n\n<p>Abaixo seguem os nomes e turmas das atletas de futsal que representar\u00e3o o <em>Campus <\/em>Santa In\u00eas no JEIF 2023 a ser realizado de 21 a 29 de agosto no <em>Campus <\/em>Guanambi:<\/p>\n\n\n\n<p>Mikaely Souza de Jesus 1\u00ba ano B;<\/p>\n\n\n\n<p>Kailane de J. Santos 1\u00ba ano F;<\/p>\n\n\n\n<p>Fabiane dos Santos Bandeira 1\u00ba ano A;<\/p>\n\n\n\n<p>Estefany Cerqueira de Jesus 1\u00ba ano C;<\/p>\n\n\n\n<p>Grasiele dos S. Dias 3\u00ba ano C;<\/p>\n\n\n\n<p>Thayla Rebeca Ara\u00fajo Barbosa 1\u00ba ano B;<\/p>\n\n\n\n<p>Maria Eduarda Sampaio Macedo de Sales 3\u00ba ano C;<\/p>\n\n\n\n<p>Carla Kauanny Almeida Pereira 1\u00ba ano C;<\/p>\n\n\n\n<p>Caroline Nascimento Cruz 1\u00ba ano A;<\/p>\n\n\n\n<p>Andressa Alves Cerqueira 1\u00ba ano C.<\/p>\n\n\n\n<hr class=\"wp-block-separator has-alpha-channel-opacity\" \/>\n\n\n\n<figure class=\"wp-block-gallery has-nested-images columns-default is-cropped wp-block-gallery-5 is-layout-flex\">\n<figure class=\"wp-block-image size-large\"><a href=\"https:\/\/www.ifbaiano.edu.br\/unidades\/santaines\/files\/2023\/08\/d14fd151-abd8-4ffb-9b32-9f47b5e8fab9.jpeg\"><img decoding=\"async\" loading=\"lazy\" width=\"1200\" height=\"1600\" data-id=\"19084\"  src=\"https:\/\/www.ifbaiano.edu.br\/unidades\/santaines\/files\/2023\/08\/d14fd151-abd8-4ffb-9b32-9f47b5e8fab9.jpeg\" alt=\"\" class=\"wp-image-19084\" \/><\/a><\/figure>\n\n\n\n<figure class=\"wp-block-image size-large\"><a href=\"https:\/\/www.ifbaiano.edu.br\/unidades\/santaines\/files\/2023\/08\/c613e083-e794-4c03-bffb-fa51a3acd2da.jpeg\"><img decoding=\"async\" loading=\"lazy\" width=\"1600\" height=\"1197\" data-id=\"19083\"  src=\"https:\/\/www.ifbaiano.edu.br\/unidades\/santaines\/files\/2023\/08\/c613e083-e794-4c03-bffb-fa51a3acd2da.jpeg\" alt=\"\" class=\"wp-image-19083\" \/><\/a><\/figure>\n\n\n\n<figure class=\"wp-block-image size-large\"><a href=\"https:\/\/www.ifbaiano.edu.br\/unidades\/santaines\/files\/2023\/08\/0323d6bf-125a-4db4-bd07-4bee42ab1a9e.jpeg\"><img decoding=\"async\" loading=\"lazy\" width=\"900\" height=\"1600\" data-id=\"19072\"  src=\"https:\/\/www.ifbaiano.edu.br\/unidades\/santaines\/files\/2023\/08\/0323d6bf-125a-4db4-bd07-4bee42ab1a9e.jpeg\" alt=\"\" class=\"wp-image-19072\" \/><\/a><\/figure>\n\n\n\n<figure class=\"wp-block-image size-large\"><a href=\"https:\/\/www.ifbaiano.edu.br\/unidades\/santaines\/files\/2023\/08\/b40b6ce0-d0ae-4e6a-9833-54090d1bfcee.jpeg\"><img decoding=\"async\" loading=\"lazy\" width=\"900\" height=\"1600\" data-id=\"19080\"  src=\"https:\/\/www.ifbaiano.edu.br\/unidades\/santaines\/files\/2023\/08\/b40b6ce0-d0ae-4e6a-9833-54090d1bfcee.jpeg\" alt=\"\" class=\"wp-image-19080\" \/><\/a><\/figure>\n\n\n\n<figure class=\"wp-block-image size-large\"><a href=\"https:\/\/www.ifbaiano.edu.br\/unidades\/santaines\/files\/2023\/08\/aa064444-0bf4-48fe-81c4-817a40ed2e8b.jpeg\"><img decoding=\"async\" loading=\"lazy\" width=\"900\" height=\"1600\" data-id=\"19078\"  src=\"https:\/\/www.ifbaiano.edu.br\/unidades\/santaines\/files\/2023\/08\/aa064444-0bf4-48fe-81c4-817a40ed2e8b.jpeg\" alt=\"\" class=\"wp-image-19078\" \/><\/a><\/figure>\n\n\n\n<figure class=\"wp-block-image size-large\"><a href=\"https:\/\/www.ifbaiano.edu.br\/unidades\/santaines\/files\/2023\/08\/0f800ae8-0fc5-4a7e-994e-c7392778d3c5.jpeg\"><img decoding=\"async\" loading=\"lazy\" width=\"1600\" height=\"737\" data-id=\"19062\"  src=\"https:\/\/www.ifbaiano.edu.br\/unidades\/santaines\/files\/2023\/08\/0f800ae8-0fc5-4a7e-994e-c7392778d3c5.jpeg\" alt=\"\" class=\"wp-image-19062\" \/><\/a><\/figure>\n<\/figure>\n","protected":false},"excerpt":{"rendered":"<p>No dia 26 de julho de 2023 aconteceu, no IF Baiano &#8211; Campus santa In\u00eas, o \u201cBate bola com as Jogadeiras do IF\u201d. Uma a\u00e7\u00e3o de visibilidade ao futebol feminino realizada pelo N\u00facleo de Estudos de G\u00eanero e Sexualidade (GENI). O evento foi realizado na cantina da institui\u00e7\u00e3o, durante o hor\u00e1rio do almo\u00e7o, com in\u00edcio [&hellip;]<\/p>\n","protected":false},"author":86,"featured_media":19086,"comment_status":"closed","ping_status":"closed","sticky":false,"template":"","format":"standard","meta":[],"categories":[4,57],"tags":[],"_links":{"self":[{"href":"https:\/\/www.ifbaiano.edu.br\/unidades\/santaines\/wp-json\/wp\/v2\/posts\/19061"}],"collection":[{"href":"https:\/\/www.ifbaiano.edu.br\/unidades\/santaines\/wp-json\/wp\/v2\/posts"}],"about":[{"href":"https:\/\/www.ifbaiano.edu.br\/unidades\/santaines\/wp-json\/wp\/v2\/types\/post"}],"author":[{"embeddable":true,"href":"https:\/\/www.ifbaiano.edu.br\/unidades\/santaines\/wp-json\/wp\/v2\/users\/86"}],"replies":[{"embeddable":true,"href":"https:\/\/www.ifbaiano.edu.br\/unidades\/santaines\/wp-json\/wp\/v2\/comments?post=19061"}],"version-history":[{"count":2,"href":"https:\/\/www.ifbaiano.edu.br\/unidades\/santaines\/wp-json\/wp\/v2\/posts\/19061\/revisions"}],"predecessor-version":[{"id":19088,"href":"https:\/\/www.ifbaiano.edu.br\/unidades\/santaines\/wp-json\/wp\/v2\/posts\/19061\/revisions\/19088"}],"wp:featuredmedia":[{"embeddable":true,"href":"https:\/\/www.ifbaiano.edu.br\/unidades\/santaines\/wp-json\/wp\/v2\/media\/19086"}],"wp:attachment":[{"href":"https:\/\/www.ifbaiano.edu.br\/unidades\/santaines\/wp-json\/wp\/v2\/media?parent=19061"}],"wp:term":[{"taxonomy":"category","embeddable":true,"href":"https:\/\/www.ifbaiano.edu.br\/unidades\/santaines\/wp-json\/wp\/v2\/categories?post=19061"},{"taxonomy":"post_tag","embeddable":true,"href":"https:\/\/www.ifbaiano.edu.br\/unidades\/santaines\/wp-json\/wp\/v2\/tags?post=19061"}],"curies":[{"name":"wp","href":"https:\/\/api.w.org\/{rel}","templated":true}]}}