{"id":1907,"date":"2012-05-16T16:28:18","date_gmt":"2012-05-16T19:28:18","guid":{"rendered":"http:\/\/www.ifbaiano.edu.br\/unidades\/santaines\/?p=1907"},"modified":"2012-05-24T11:04:10","modified_gmt":"2012-05-24T14:04:10","slug":"edital-de-assistencia-estudantil","status":"publish","type":"post","link":"https:\/\/www.ifbaiano.edu.br\/unidades\/santaines\/edital-de-assistencia-estudantil\/","title":{"rendered":"EDITAL DE ASSIST\u00caNCIA ESTUDANTIL N\u00ba 22\/2012"},"content":{"rendered":"<p style=\"text-align: justify\">O Diretor Geral do Instituto Federal de Educa\u00e7\u00e3o, Ci\u00eancia e Tecnologia Baiano \u2013 IF Baiano Campus Santa In\u00eas, por meio da Comiss\u00e3o de Assist\u00eancia Estudantil respons\u00e1vel pela Implanta\u00e7\u00e3o, Execu\u00e7\u00e3o, Acompanhamento e Avalia\u00e7\u00e3o da Pol\u00edtica da Assist\u00eancia Estudantil deste Campus, torna p\u00fablico que est\u00e3o abertas as inscri\u00e7\u00f5es para sele\u00e7\u00e3o de estudantes em situa\u00e7\u00e3o de vulnerabilidade socioecon\u00f4mica para participar das a\u00e7\u00f5es do Programa de Assist\u00eancia e Inclus\u00e3o Social do Estudante \u2013 PAISE, segundo os termos deste Edital, para o per\u00edodo letivo de 2012. O presente edital est\u00e1 em conformidade com o Decreto Presidencial n\u00ba 7. 234, de 19 de Julho de 2010, que disp\u00f5e sobre o Programa Nacional de Assist\u00eancia Estudantil.<\/p>\n<p>Confira o edital e os documentos abaixo:<\/p>\n<p style=\"text-align: justify\"><a href=\"http:\/\/www.ifbaiano.edu.br\/unidades\/santaines\/files\/2012\/05\/EDITAL-DE-ASSISTeNCIA-ESTUDANTIL-N-22.pdf\" target=\"_blank\">Edital de Assist\u00eancia Estudantil N 22<\/a><\/p>\n<p style=\"text-align: justify\"><a href=\"http:\/\/www.ifbaiano.edu.br\/unidades\/santaines\/files\/2012\/05\/declaracao-autonomo-pdf.pdf\" target=\"_blank\">Declara\u00e7\u00e3o Aut\u00f4nomo<\/a><\/p>\n<p style=\"text-align: justify\"><a href=\"http:\/\/www.ifbaiano.edu.br\/unidades\/santaines\/files\/2012\/05\/declaracao-de-aluguel-pdf.pdf\" target=\"_blank\">Declara\u00e7\u00e3o de Aluguel<\/a><\/p>\n<p style=\"text-align: justify\"><a href=\"http:\/\/www.ifbaiano.edu.br\/unidades\/santaines\/files\/2012\/05\/FICHA-DE-INSCRIcaO-pdf.pdf\" target=\"_blank\">Ficha de Inscri\u00e7\u00e3o<\/a><\/p>\n<p style=\"text-align: justify\"><a href=\"http:\/\/www.ifbaiano.edu.br\/unidades\/santaines\/files\/2012\/05\/QUESTIONARIO-SOCIOECONOMICO-REITORIA-pdf.pdf\" target=\"_blank\">Question\u00e1rio Socioecon\u00f4mico Reitoria<\/a><\/p>\n<p style=\"text-align: justify\">\n","protected":false},"excerpt":{"rendered":"<p>O Diretor Geral do Instituto Federal de Educa\u00e7\u00e3o, Ci\u00eancia e Tecnologia Baiano \u2013 IF Baiano Campus Santa In\u00eas, por meio da Comiss\u00e3o de Assist\u00eancia Estudantil respons\u00e1vel pela Implanta\u00e7\u00e3o, Execu\u00e7\u00e3o, Acompanhamento e Avalia\u00e7\u00e3o da Pol\u00edtica da Assist\u00eancia Estudantil deste Campus, torna p\u00fablico que est\u00e3o abertas as inscri\u00e7\u00f5es para sele\u00e7\u00e3o de estudantes em situa\u00e7\u00e3o de vulnerabilidade socioecon\u00f4mica [&hellip;]<\/p>\n","protected":false},"author":26,"featured_media":0,"comment_status":"closed","ping_status":"closed","sticky":false,"template":"","format":"standard","meta":[],"categories":[10],"tags":[],"_links":{"self":[{"href":"https:\/\/www.ifbaiano.edu.br\/unidades\/santaines\/wp-json\/wp\/v2\/posts\/1907"}],"collection":[{"href":"https:\/\/www.ifbaiano.edu.br\/unidades\/santaines\/wp-json\/wp\/v2\/posts"}],"about":[{"href":"https:\/\/www.ifbaiano.edu.br\/unidades\/santaines\/wp-json\/wp\/v2\/types\/post"}],"author":[{"embeddable":true,"href":"https:\/\/www.ifbaiano.edu.br\/unidades\/santaines\/wp-json\/wp\/v2\/users\/26"}],"replies":[{"embeddable":true,"href":"https:\/\/www.ifbaiano.edu.br\/unidades\/santaines\/wp-json\/wp\/v2\/comments?post=1907"}],"version-history":[{"count":4,"href":"https:\/\/www.ifbaiano.edu.br\/unidades\/santaines\/wp-json\/wp\/v2\/posts\/1907\/revisions"}],"predecessor-version":[{"id":1914,"href":"https:\/\/www.ifbaiano.edu.br\/unidades\/santaines\/wp-json\/wp\/v2\/posts\/1907\/revisions\/1914"}],"wp:attachment":[{"href":"https:\/\/www.ifbaiano.edu.br\/unidades\/santaines\/wp-json\/wp\/v2\/media?parent=1907"}],"wp:term":[{"taxonomy":"category","embeddable":true,"href":"https:\/\/www.ifbaiano.edu.br\/unidades\/santaines\/wp-json\/wp\/v2\/categories?post=1907"},{"taxonomy":"post_tag","embeddable":true,"href":"https:\/\/www.ifbaiano.edu.br\/unidades\/santaines\/wp-json\/wp\/v2\/tags?post=1907"}],"curies":[{"name":"wp","href":"https:\/\/api.w.org\/{rel}","templated":true}]}}