{"id":19129,"date":"2023-08-15T17:41:28","date_gmt":"2023-08-15T20:41:28","guid":{"rendered":"https:\/\/www.ifbaiano.edu.br\/unidades\/santaines\/?p=19129"},"modified":"2023-08-15T17:41:29","modified_gmt":"2023-08-15T20:41:29","slug":"if-baiano-se-articula-para-participar-de-programas-de-internacionalizacao-em-parceria-com-os-eua","status":"publish","type":"post","link":"https:\/\/www.ifbaiano.edu.br\/unidades\/santaines\/if-baiano-se-articula-para-participar-de-programas-de-internacionalizacao-em-parceria-com-os-eua\/","title":{"rendered":"IF Baiano se articula para participar de programas de internacionaliza\u00e7\u00e3o em parceria com os EUA"},"content":{"rendered":"\n<p>O IF Baiano recebeu na \u00faltima sexta-feira, 11, em continuidade \u00e0s a\u00e7\u00f5es com o Consulado Americano, os representantes da Embaixada dos Estados Unidos, Sylvie Young (diretora do Programa dos Espa\u00e7os Americanos para o Brasil e Paraguai) e Renan Silva (assistente de Programa de Espa\u00e7os Americanos, al\u00e9m da representante do&nbsp;Consulado Americano do Rio de Janeiro, Roberta Pope&nbsp;(assistente de Engajamento P\u00fablico \u2013 American Spaces).&nbsp;<\/p>\n\n\n\n<p>Eles foram recepcionados em nome do Reitor,&nbsp;A\u00e9cio Jos\u00e9 Duarte, pela pr\u00f3-reitora de Desenvolvimento Institucional, Hildonice Batista, e pela Assessora de Rela\u00e7\u00f5es Institucionais, Cinira Fernandes. &nbsp;<\/p>\n\n\n\n<p>O prop\u00f3sito da visita foi apresentar o Programa Pontes Americanas, uma iniciativa colaborativa entre a Embaixada e Consulados dos Estados Unidos, com o Conselho Nacional das Institui\u00e7\u00f5es da Rede Federal de Educa\u00e7\u00e3o Profissional, Cient\u00edfica e Tecnol\u00f3gica (CONIF). O programa tem como objetivo a dissemina\u00e7\u00e3o de informa\u00e7\u00f5es sobre oportunidades de estudo nos Estados Unidos, estabelecendo conex\u00f5es entre in\u00fameros estudantes brasileiros e programas oferecidos pelos Espa\u00e7os Americanos.&nbsp;<\/p>\n\n\n\n<p>De acordo com a assessora de Rela\u00e7\u00f5es Internacionais, Cinira Fernandes, o programa \u00e9 inovador e&nbsp;proporcionar\u00e1 aos estudantes do IF Baiano a possibilidade de&nbsp;aprimorar o aprendizado da L\u00edngua Inglesa, participar de atividades culturais diversificadas e se engajar em interc\u00e2mbios educacionais. Entre as oportunidades oferecidas, destacam-se programas como Jovens Embaixadores, Jovens L\u00edderes das Am\u00e9ricas (YLAI) e iniciativas voltadas ao empreendedorismo, direitos humanos, meio ambiente, alfabetiza\u00e7\u00e3o midi\u00e1tica, a\u00e7\u00f5es de diversidade e inclus\u00e3o e combate \u00e0 desinforma\u00e7\u00e3o. &nbsp;<\/p>\n\n\n\n<p>Al\u00e9m disso, haver\u00e1 \u00eanfase em programas Maker e de STEAM ( que articula conhecimentos das Ci\u00eancias, das Tecnologias, das Engenharias, das Artes &amp; Design e da Matem\u00e1tica), workshops e palestras conduzidas por especialistas norte-americanos e brasileiros. A agenda cultural tamb\u00e9m ser\u00e1 contemplada, abrangendo exposi\u00e7\u00f5es, concertos musicais, sess\u00f5es de filmes e grupos de leitura e conversa\u00e7\u00e3o em ingl\u00eas.\u00a0<\/p>\n\n\n\n<figure class=\"wp-block-gallery has-nested-images columns-default is-cropped wp-block-gallery-1 is-layout-flex\">\n<figure class=\"wp-block-image size-large\"><a href=\"https:\/\/www.ifbaiano.edu.br\/unidades\/santaines\/files\/2023\/08\/WhatsApp-Image-2023-08-14-at-07.28.45.jpeg\"><img decoding=\"async\" loading=\"lazy\" width=\"1600\" height=\"1200\" data-id=\"19130\"  src=\"https:\/\/www.ifbaiano.edu.br\/unidades\/santaines\/files\/2023\/08\/WhatsApp-Image-2023-08-14-at-07.28.45.jpeg\" alt=\"\" class=\"wp-image-19130\" \/><\/a><\/figure>\n\n\n\n<figure class=\"wp-block-image size-large\"><a href=\"https:\/\/www.ifbaiano.edu.br\/unidades\/santaines\/files\/2023\/08\/WhatsApp-Image-2023-08-14-at-07.28.44.jpeg\"><img decoding=\"async\" loading=\"lazy\" width=\"1600\" height=\"1200\" data-id=\"19131\"  src=\"https:\/\/www.ifbaiano.edu.br\/unidades\/santaines\/files\/2023\/08\/WhatsApp-Image-2023-08-14-at-07.28.44.jpeg\" alt=\"\" class=\"wp-image-19131\" \/><\/a><\/figure>\n<\/figure>\n\n\n\n<hr class=\"wp-block-separator has-alpha-channel-opacity\" \/>\n\n\n\n<p><\/p>\n","protected":false},"excerpt":{"rendered":"<p>O IF Baiano recebeu na \u00faltima sexta-feira, 11, em continuidade \u00e0s a\u00e7\u00f5es com o Consulado Americano, os representantes da Embaixada dos Estados Unidos, Sylvie Young (diretora do Programa dos Espa\u00e7os Americanos para o Brasil e Paraguai) e Renan Silva (assistente de Programa de Espa\u00e7os Americanos, al\u00e9m da representante do&nbsp;Consulado Americano do Rio de Janeiro, Roberta [&hellip;]<\/p>\n","protected":false},"author":86,"featured_media":19131,"comment_status":"closed","ping_status":"closed","sticky":false,"template":"","format":"standard","meta":[],"categories":[4,5,57],"tags":[],"_links":{"self":[{"href":"https:\/\/www.ifbaiano.edu.br\/unidades\/santaines\/wp-json\/wp\/v2\/posts\/19129"}],"collection":[{"href":"https:\/\/www.ifbaiano.edu.br\/unidades\/santaines\/wp-json\/wp\/v2\/posts"}],"about":[{"href":"https:\/\/www.ifbaiano.edu.br\/unidades\/santaines\/wp-json\/wp\/v2\/types\/post"}],"author":[{"embeddable":true,"href":"https:\/\/www.ifbaiano.edu.br\/unidades\/santaines\/wp-json\/wp\/v2\/users\/86"}],"replies":[{"embeddable":true,"href":"https:\/\/www.ifbaiano.edu.br\/unidades\/santaines\/wp-json\/wp\/v2\/comments?post=19129"}],"version-history":[{"count":1,"href":"https:\/\/www.ifbaiano.edu.br\/unidades\/santaines\/wp-json\/wp\/v2\/posts\/19129\/revisions"}],"predecessor-version":[{"id":19132,"href":"https:\/\/www.ifbaiano.edu.br\/unidades\/santaines\/wp-json\/wp\/v2\/posts\/19129\/revisions\/19132"}],"wp:featuredmedia":[{"embeddable":true,"href":"https:\/\/www.ifbaiano.edu.br\/unidades\/santaines\/wp-json\/wp\/v2\/media\/19131"}],"wp:attachment":[{"href":"https:\/\/www.ifbaiano.edu.br\/unidades\/santaines\/wp-json\/wp\/v2\/media?parent=19129"}],"wp:term":[{"taxonomy":"category","embeddable":true,"href":"https:\/\/www.ifbaiano.edu.br\/unidades\/santaines\/wp-json\/wp\/v2\/categories?post=19129"},{"taxonomy":"post_tag","embeddable":true,"href":"https:\/\/www.ifbaiano.edu.br\/unidades\/santaines\/wp-json\/wp\/v2\/tags?post=19129"}],"curies":[{"name":"wp","href":"https:\/\/api.w.org\/{rel}","templated":true}]}}