{"id":19151,"date":"2023-08-17T20:26:12","date_gmt":"2023-08-17T23:26:12","guid":{"rendered":"https:\/\/www.ifbaiano.edu.br\/unidades\/santaines\/?p=19151"},"modified":"2023-08-17T20:26:13","modified_gmt":"2023-08-17T23:26:13","slug":"campus-santa-ines-realiza-reuniao-com-delegacao-do-jeif-e-pais-de-estudantes","status":"publish","type":"post","link":"https:\/\/www.ifbaiano.edu.br\/unidades\/santaines\/campus-santa-ines-realiza-reuniao-com-delegacao-do-jeif-e-pais-de-estudantes\/","title":{"rendered":"Campus Santa In\u00eas realiza reuni\u00e3o com delega\u00e7\u00e3o do JEIF e pais de estudantes"},"content":{"rendered":"\n<p>Ontem, 16, foi realizada, no audit\u00f3rio da biblioteca do Campus Santa In\u00eas, uma reuni\u00e3o com os pais e os atletas que ir\u00e3o participar dos Jogos Estudantis do IF Baiano (JEIF 2023). Os jogos, este ano, ser\u00e3o realizados no Campus Guanambi, no per\u00edodo de 21 a 29 de agosto de 2023.<\/p>\n\n\n\n<figure class=\"wp-block-image size-full\"><a href=\"https:\/\/www.ifbaiano.edu.br\/unidades\/santaines\/files\/2023\/08\/6b90af79-46c6-4c61-9034-513dd5c1d559.jpg\"><img decoding=\"async\" loading=\"lazy\" width=\"1600\" height=\"719\" src=\"https:\/\/www.ifbaiano.edu.br\/unidades\/santaines\/files\/2023\/08\/6b90af79-46c6-4c61-9034-513dd5c1d559.jpg\" alt=\"\" class=\"wp-image-19161\" \/><\/a><\/figure>\n\n\n\n<p>Estiveram presentes na reuni\u00e3o, a Diretora Geral, professora Genilda Lima, o Diretor Acad\u00eamico, Guilherme Rodrigues, o Coordenador de Assist\u00eancia ao Educando, \u00c2ngelo Francisco, a Equipe T\u00e9cnica que ir\u00e1 acompanhar os estudantes nos jogos, composta pelas professoras Dolores Assariti e Ilana Brito; o T\u00e9cnico em Audiovisual, Noel Costa; a professora de Atendimento Educacional Especializado (AEE), N\u00fabia Cruz e o presidente do Gr\u00eamio Estudantil Carlos Lamarca, Jeferson Souza, os quais passaram os informes e tiraram as d\u00favidas com rela\u00e7\u00e3o a participa\u00e7\u00e3o da delega\u00e7\u00e3o do Campus Santa In\u00eas nos Jogos.<\/p>\n\n\n\n<p>Ap\u00f3s a reuni\u00e3o, a professora Genilda parabenizou e agradeceu a Equipe T\u00e9cnica pelo trabalho desenvolvido, desejou um excelente trabalho nos jogos e passou uma mensagem de motiva\u00e7\u00e3o para os atletas, parabenizando e desejando que tudo ocorra bem durante a viagem e os Jogos.<\/p>\n\n\n\n<figure class=\"wp-block-gallery has-nested-images columns-default is-cropped wp-block-gallery-1 is-layout-flex\">\n<figure class=\"wp-block-image size-large\"><a href=\"https:\/\/www.ifbaiano.edu.br\/unidades\/santaines\/files\/2023\/08\/2ddb63bb-4111-4181-bb2e-ecb4b119c7a2.jpg\"><img decoding=\"async\" loading=\"lazy\" width=\"1600\" height=\"719\" data-id=\"19164\"  src=\"https:\/\/www.ifbaiano.edu.br\/unidades\/santaines\/files\/2023\/08\/2ddb63bb-4111-4181-bb2e-ecb4b119c7a2.jpg\" alt=\"\" class=\"wp-image-19164\" \/><\/a><\/figure>\n\n\n\n<figure class=\"wp-block-image size-large\"><a href=\"https:\/\/www.ifbaiano.edu.br\/unidades\/santaines\/files\/2023\/08\/ab76cd30-687f-4c5e-b0a3-c39951d9b10a.jpg\"><img decoding=\"async\" loading=\"lazy\" width=\"1600\" height=\"719\" data-id=\"19163\"  src=\"https:\/\/www.ifbaiano.edu.br\/unidades\/santaines\/files\/2023\/08\/ab76cd30-687f-4c5e-b0a3-c39951d9b10a.jpg\" alt=\"\" class=\"wp-image-19163\" \/><\/a><\/figure>\n\n\n\n<figure class=\"wp-block-image size-large\"><a href=\"https:\/\/www.ifbaiano.edu.br\/unidades\/santaines\/files\/2023\/08\/bc765bf4-a360-4407-aec3-cba6dd082040.jpg\"><img decoding=\"async\" loading=\"lazy\" width=\"1600\" height=\"719\" data-id=\"19162\"  src=\"https:\/\/www.ifbaiano.edu.br\/unidades\/santaines\/files\/2023\/08\/bc765bf4-a360-4407-aec3-cba6dd082040.jpg\" alt=\"\" class=\"wp-image-19162\" \/><\/a><\/figure>\n<\/figure>\n\n\n\n<hr class=\"wp-block-separator has-alpha-channel-opacity\" \/>\n","protected":false},"excerpt":{"rendered":"<p>Ontem, 16, foi realizada, no audit\u00f3rio da biblioteca do Campus Santa In\u00eas, uma reuni\u00e3o com os pais e os atletas que ir\u00e3o participar dos Jogos Estudantis do IF Baiano (JEIF 2023). Os jogos, este ano, ser\u00e3o realizados no Campus Guanambi, no per\u00edodo de 21 a 29 de agosto de 2023. Estiveram presentes na reuni\u00e3o, a [&hellip;]<\/p>\n","protected":false},"author":86,"featured_media":19165,"comment_status":"closed","ping_status":"closed","sticky":false,"template":"","format":"standard","meta":[],"categories":[4,1,57],"tags":[],"_links":{"self":[{"href":"https:\/\/www.ifbaiano.edu.br\/unidades\/santaines\/wp-json\/wp\/v2\/posts\/19151"}],"collection":[{"href":"https:\/\/www.ifbaiano.edu.br\/unidades\/santaines\/wp-json\/wp\/v2\/posts"}],"about":[{"href":"https:\/\/www.ifbaiano.edu.br\/unidades\/santaines\/wp-json\/wp\/v2\/types\/post"}],"author":[{"embeddable":true,"href":"https:\/\/www.ifbaiano.edu.br\/unidades\/santaines\/wp-json\/wp\/v2\/users\/86"}],"replies":[{"embeddable":true,"href":"https:\/\/www.ifbaiano.edu.br\/unidades\/santaines\/wp-json\/wp\/v2\/comments?post=19151"}],"version-history":[{"count":4,"href":"https:\/\/www.ifbaiano.edu.br\/unidades\/santaines\/wp-json\/wp\/v2\/posts\/19151\/revisions"}],"predecessor-version":[{"id":19166,"href":"https:\/\/www.ifbaiano.edu.br\/unidades\/santaines\/wp-json\/wp\/v2\/posts\/19151\/revisions\/19166"}],"wp:featuredmedia":[{"embeddable":true,"href":"https:\/\/www.ifbaiano.edu.br\/unidades\/santaines\/wp-json\/wp\/v2\/media\/19165"}],"wp:attachment":[{"href":"https:\/\/www.ifbaiano.edu.br\/unidades\/santaines\/wp-json\/wp\/v2\/media?parent=19151"}],"wp:term":[{"taxonomy":"category","embeddable":true,"href":"https:\/\/www.ifbaiano.edu.br\/unidades\/santaines\/wp-json\/wp\/v2\/categories?post=19151"},{"taxonomy":"post_tag","embeddable":true,"href":"https:\/\/www.ifbaiano.edu.br\/unidades\/santaines\/wp-json\/wp\/v2\/tags?post=19151"}],"curies":[{"name":"wp","href":"https:\/\/api.w.org\/{rel}","templated":true}]}}