{"id":19179,"date":"2023-08-18T08:09:08","date_gmt":"2023-08-18T11:09:08","guid":{"rendered":"https:\/\/www.ifbaiano.edu.br\/unidades\/santaines\/?p=19179"},"modified":"2023-08-18T08:09:59","modified_gmt":"2023-08-18T11:09:59","slug":"inclusao-e-qualidade-na-educacao-a-distancia-e-tema-do-4o-congresso-nordestino-de-ead","status":"publish","type":"post","link":"https:\/\/www.ifbaiano.edu.br\/unidades\/santaines\/inclusao-e-qualidade-na-educacao-a-distancia-e-tema-do-4o-congresso-nordestino-de-ead\/","title":{"rendered":"Inclus\u00e3o e Qualidade na Educa\u00e7\u00e3o a Dist\u00e2ncia \u00e9 tema do 4\u00ba Congresso Nordestino de EaD"},"content":{"rendered":"\n<p>Vem a\u00ed o 4\u00ba Congresso Nordestino de EaD. Com o tema Inclus\u00e3o e Qualidade na Educa\u00e7\u00e3o a Dist\u00e2ncia, o congresso ser\u00e1 sediado em Jo\u00e3o Pessoa, e ser\u00e1 realizado pelo IFPB nos dias 22 \u00e0 24 de novembro.<\/p>\n\n\n\n<p>O evento se prop\u00f5e a possibilitar a troca de experi\u00eancias sobre as ferramentas tecnol\u00f3gicas educacionais e a integra\u00e7\u00e3o das viv\u00eancias no mundo da EaD, al\u00e9m de promover a integra\u00e7\u00e3o das viv\u00eancias no mundo da EaD experimentada pelos Institutos Federais da regi\u00e3o Nordeste, as quais enriquecem a rotina dos que atuam nessa modalidade.<\/p>\n\n\n\n<p>As inscri\u00e7\u00f5es como Autor para apresenta\u00e7\u00e3o de trabalho ser\u00e3o realizadas de 15 de agosto a 15 de setembro de 2023 por meio do sistema de eventos do IFPB de acordo com as seguintes modalidades: Resumo Expandido, Artigo Completo e Relato de experi\u00eancia. O modelo ser\u00e1 disponibilizado pela organiza\u00e7\u00e3o em breve.<\/p>\n\n\n\n<p>O congresso abordar\u00e1 tr\u00eas eixos tem\u00e1ticos:<\/p>\n\n\n\n<p>Educa\u00e7\u00e3o A Dist\u00e2ncia: Qualidade No Ensino E Na Aprendizagem;<\/p>\n\n\n\n<p>Gest\u00e3o e organiza\u00e7\u00e3o da educa\u00e7\u00e3o a dist\u00e2ncia;<\/p>\n\n\n\n<p>Tecnologias da informa\u00e7\u00e3o e comunica\u00e7\u00e3o.<\/p>\n\n\n\n<p><a rel=\"noreferrer noopener\" href=\"http:\/\/eventos.ead.ifpb.edu.br\/4congressonordestino\/\" target=\"_blank\">Acesse aqui<\/a>&nbsp;a p\u00e1gina do evento.<\/p>\n\n\n\n<hr class=\"wp-block-separator has-alpha-channel-opacity\" \/>\n\n\n\n<p><\/p>\n","protected":false},"excerpt":{"rendered":"<p>Vem a\u00ed o 4\u00ba Congresso Nordestino de EaD. Com o tema Inclus\u00e3o e Qualidade na Educa\u00e7\u00e3o a Dist\u00e2ncia, o congresso ser\u00e1 sediado em Jo\u00e3o Pessoa, e ser\u00e1 realizado pelo IFPB nos dias 22 \u00e0 24 de novembro. O evento se prop\u00f5e a possibilitar a troca de experi\u00eancias sobre as ferramentas tecnol\u00f3gicas educacionais e a integra\u00e7\u00e3o [&hellip;]<\/p>\n","protected":false},"author":86,"featured_media":19181,"comment_status":"closed","ping_status":"closed","sticky":false,"template":"","format":"standard","meta":[],"categories":[4,57],"tags":[],"_links":{"self":[{"href":"https:\/\/www.ifbaiano.edu.br\/unidades\/santaines\/wp-json\/wp\/v2\/posts\/19179"}],"collection":[{"href":"https:\/\/www.ifbaiano.edu.br\/unidades\/santaines\/wp-json\/wp\/v2\/posts"}],"about":[{"href":"https:\/\/www.ifbaiano.edu.br\/unidades\/santaines\/wp-json\/wp\/v2\/types\/post"}],"author":[{"embeddable":true,"href":"https:\/\/www.ifbaiano.edu.br\/unidades\/santaines\/wp-json\/wp\/v2\/users\/86"}],"replies":[{"embeddable":true,"href":"https:\/\/www.ifbaiano.edu.br\/unidades\/santaines\/wp-json\/wp\/v2\/comments?post=19179"}],"version-history":[{"count":2,"href":"https:\/\/www.ifbaiano.edu.br\/unidades\/santaines\/wp-json\/wp\/v2\/posts\/19179\/revisions"}],"predecessor-version":[{"id":19182,"href":"https:\/\/www.ifbaiano.edu.br\/unidades\/santaines\/wp-json\/wp\/v2\/posts\/19179\/revisions\/19182"}],"wp:featuredmedia":[{"embeddable":true,"href":"https:\/\/www.ifbaiano.edu.br\/unidades\/santaines\/wp-json\/wp\/v2\/media\/19181"}],"wp:attachment":[{"href":"https:\/\/www.ifbaiano.edu.br\/unidades\/santaines\/wp-json\/wp\/v2\/media?parent=19179"}],"wp:term":[{"taxonomy":"category","embeddable":true,"href":"https:\/\/www.ifbaiano.edu.br\/unidades\/santaines\/wp-json\/wp\/v2\/categories?post=19179"},{"taxonomy":"post_tag","embeddable":true,"href":"https:\/\/www.ifbaiano.edu.br\/unidades\/santaines\/wp-json\/wp\/v2\/tags?post=19179"}],"curies":[{"name":"wp","href":"https:\/\/api.w.org\/{rel}","templated":true}]}}