{"id":19247,"date":"2023-08-21T11:39:04","date_gmt":"2023-08-21T14:39:04","guid":{"rendered":"https:\/\/www.ifbaiano.edu.br\/unidades\/santaines\/?p=19247"},"modified":"2023-08-21T14:10:06","modified_gmt":"2023-08-21T17:10:06","slug":"campus-santa-ines-realiza-cursos-de-capacitacao-para-a-comunidade-interna-em-parceria-com-o-senar-e-sindicato-rural-de-jequie","status":"publish","type":"post","link":"https:\/\/www.ifbaiano.edu.br\/unidades\/santaines\/campus-santa-ines-realiza-cursos-de-capacitacao-para-a-comunidade-interna-em-parceria-com-o-senar-e-sindicato-rural-de-jequie\/","title":{"rendered":"Campus Santa In\u00eas realiza cursos de capacita\u00e7\u00e3o para a comunidade interna em parceria com o SENAR e Sindicato Rural de Jequi\u00e9"},"content":{"rendered":"\n<figure class=\"wp-block-image\"><img decoding=\"async\" loading=\"lazy\" width=\"1600\" height=\"720\" src=\"https:\/\/www.ifbaiano.edu.br\/unidades\/santaines\/files\/2023\/08\/967c1018-cd51-424f-835b-10a83a0ae2ae.jpg\" alt=\"\" class=\"wp-image-19252\" \/><\/figure>\n\n\n\n<p>Foram realizados, no per\u00edodo de 14 a 18 de agosto de 2023, no IF Baiano &#8211; <em>Campus<\/em> Santa In\u00eas, tr\u00eas cursos de capacita\u00e7\u00e3o rural, promovidos em parceria com o Servi\u00e7o Nacional de Aprendizagem Rural \u2013 Senar\/Bahia e o Sindicato Rural da cidade de Jequi\u00e9-BA. Os cursos foram direcionados para os discentes do curso de Bacharelado em Zootecnia e profissionais da institui\u00e7\u00e3o que atuam no campo.<\/p>\n\n\n\n<figure class=\"wp-block-gallery has-nested-images columns-default is-cropped wp-block-gallery-1 is-layout-flex\">\n<figure class=\"wp-block-image size-large\"><a href=\"https:\/\/www.ifbaiano.edu.br\/unidades\/santaines\/files\/2023\/08\/3ab4052c-14ba-4898-83fd-8f1ed7c8c627.jpg\"><img decoding=\"async\" loading=\"lazy\" width=\"1600\" height=\"720\" data-id=\"19248\"  src=\"https:\/\/www.ifbaiano.edu.br\/unidades\/santaines\/files\/2023\/08\/3ab4052c-14ba-4898-83fd-8f1ed7c8c627.jpg\" alt=\"\" class=\"wp-image-19248\" \/><\/a><\/figure>\n\n\n\n<figure class=\"wp-block-image size-large\"><a href=\"https:\/\/www.ifbaiano.edu.br\/unidades\/santaines\/files\/2023\/08\/b3a1e339-a8d8-467d-8508-4957b30a77cb.jpg\"><img decoding=\"async\" loading=\"lazy\" width=\"1599\" height=\"899\" data-id=\"19255\"  src=\"https:\/\/www.ifbaiano.edu.br\/unidades\/santaines\/files\/2023\/08\/b3a1e339-a8d8-467d-8508-4957b30a77cb.jpg\" alt=\"\" class=\"wp-image-19255\" \/><\/a><\/figure>\n\n\n\n<figure class=\"wp-block-image size-large\"><a href=\"https:\/\/www.ifbaiano.edu.br\/unidades\/santaines\/files\/2023\/08\/8486ca68-7bd7-42b1-9ce3-6769b07e6624.jpg\"><img decoding=\"async\" loading=\"lazy\" width=\"1599\" height=\"899\" data-id=\"19253\"  src=\"https:\/\/www.ifbaiano.edu.br\/unidades\/santaines\/files\/2023\/08\/8486ca68-7bd7-42b1-9ce3-6769b07e6624.jpg\" alt=\"\" class=\"wp-image-19253\" \/><\/a><\/figure>\n\n\n\n<figure class=\"wp-block-image size-large\"><a href=\"https:\/\/www.ifbaiano.edu.br\/unidades\/santaines\/files\/2023\/08\/98fc371d-3cc0-4d9b-a0b2-0bff19a467cf.jpg\"><img decoding=\"async\" loading=\"lazy\" width=\"1599\" height=\"899\" data-id=\"19250\"  src=\"https:\/\/www.ifbaiano.edu.br\/unidades\/santaines\/files\/2023\/08\/98fc371d-3cc0-4d9b-a0b2-0bff19a467cf.jpg\" alt=\"\" class=\"wp-image-19250\" \/><\/a><\/figure>\n\n\n\n<figure class=\"wp-block-image size-large\"><a href=\"https:\/\/www.ifbaiano.edu.br\/unidades\/santaines\/files\/2023\/08\/9546835c-a6bc-47df-840b-27b82e5ffb2f.jpg\"><img decoding=\"async\" loading=\"lazy\" width=\"1600\" height=\"720\" data-id=\"19254\"  src=\"https:\/\/www.ifbaiano.edu.br\/unidades\/santaines\/files\/2023\/08\/9546835c-a6bc-47df-840b-27b82e5ffb2f.jpg\" alt=\"\" class=\"wp-image-19254\" \/><\/a><\/figure>\n\n\n\n<figure class=\"wp-block-image size-large\"><a href=\"https:\/\/www.ifbaiano.edu.br\/unidades\/santaines\/files\/2023\/08\/b4ebad9c-a2ef-44d7-8235-9ad23619f8ee.jpg\"><img decoding=\"async\" loading=\"lazy\" width=\"1600\" height=\"720\" data-id=\"19256\"  src=\"https:\/\/www.ifbaiano.edu.br\/unidades\/santaines\/files\/2023\/08\/b4ebad9c-a2ef-44d7-8235-9ad23619f8ee.jpg\" alt=\"\" class=\"wp-image-19256\" \/><\/a><\/figure>\n<\/figure>\n\n\n\n<p>Os cursos oferecidos t\u00eam como objetivo ampliar conhecimentos e reafirmar a preocupa\u00e7\u00e3o do IF Baiano com a qualifica\u00e7\u00e3o profissional dos seus estudantes e, da mesma forma, com seu quadro de pessoal que atua na \u00e1rea t\u00e9cnica.<\/p>\n\n\n\n<p>Para os cursos ofertados: <strong>Caprinocultura, Administra\u00e7\u00e3o Rural e Mecaniza\u00e7\u00e3o Agr\u00edcola<\/strong>, foram disponibilizadas 15 vagas, cada, e todas aulas te\u00f3ricas aconteceram no pavilh\u00e3o dos cursos superiores. O primeiro, com carga hor\u00e1ria de 40 horas, tamb\u00e9m contou com aulas pr\u00e1ticas, tendo estas, acontecido no setor de caprinocultura do campus. J\u00e1 o curso de Administra\u00e7\u00e3o Rural foi integralmente composto de aulas te\u00f3ricas e carga hor\u00e1ria de 24 horas.<\/p>\n\n\n\n<figure class=\"wp-block-gallery has-nested-images columns-default is-cropped wp-block-gallery-3 is-layout-flex\">\n<figure class=\"wp-block-image size-large\"><a href=\"https:\/\/www.ifbaiano.edu.br\/unidades\/santaines\/files\/2023\/08\/40c48efa-143f-46a5-8c43-e6141d3c5dd0.jpg\"><img decoding=\"async\" loading=\"lazy\" width=\"960\" height=\"1280\" data-id=\"19249\"  src=\"https:\/\/www.ifbaiano.edu.br\/unidades\/santaines\/files\/2023\/08\/40c48efa-143f-46a5-8c43-e6141d3c5dd0.jpg\" alt=\"\" class=\"wp-image-19249\" \/><\/a><\/figure>\n\n\n\n<figure class=\"wp-block-image size-large\"><a href=\"https:\/\/www.ifbaiano.edu.br\/unidades\/santaines\/files\/2023\/08\/f33d4359-a325-499c-8714-202ab9755477.jpg\"><img decoding=\"async\" loading=\"lazy\" width=\"960\" height=\"1280\" data-id=\"19257\"  src=\"https:\/\/www.ifbaiano.edu.br\/unidades\/santaines\/files\/2023\/08\/f33d4359-a325-499c-8714-202ab9755477.jpg\" alt=\"\" class=\"wp-image-19257\" \/><\/a><\/figure>\n\n\n\n<figure class=\"wp-block-image size-large\"><a href=\"https:\/\/www.ifbaiano.edu.br\/unidades\/santaines\/files\/2023\/08\/951cebb1-d94b-4d56-b1c6-60b2b719bd0b.jpg\"><img decoding=\"async\" loading=\"lazy\" width=\"960\" height=\"1280\" data-id=\"19251\"  src=\"https:\/\/www.ifbaiano.edu.br\/unidades\/santaines\/files\/2023\/08\/951cebb1-d94b-4d56-b1c6-60b2b719bd0b.jpg\" alt=\"\" class=\"wp-image-19251\" \/><\/a><\/figure>\n<\/figure>\n\n\n\n<p>O curso de Mecaniza\u00e7\u00e3o Agr\u00edcola, com proposta de acontecer em duas etapas, teve suas aulas pr\u00e1ticas em campo, com uso de m\u00e1quinas e equipamentos. A carga hor\u00e1ria total do curso \u00e9 de 80 horas. Nesse primeiro momento foram contempladas 40 horas e a previs\u00e3o \u00e9 que a segunda etapa, as outras 40 horas, sejam realizadas no m\u00eas de setembro. Quando, tamb\u00e9m, ser\u00e1 ofertado o curso de apicultura na \u00e1rea de produ\u00e7\u00e3o de pr\u00f3polis.<\/p>\n\n\n\n<figure class=\"wp-block-gallery has-nested-images columns-default is-cropped wp-block-gallery-5 is-layout-flex\">\n<figure class=\"wp-block-image size-large\"><a href=\"https:\/\/www.ifbaiano.edu.br\/unidades\/santaines\/files\/2023\/08\/ec4d7520-1077-435e-a19c-e36d139b193d.jpg\"><img decoding=\"async\" loading=\"lazy\" width=\"1600\" height=\"1200\" data-id=\"19263\"  src=\"https:\/\/www.ifbaiano.edu.br\/unidades\/santaines\/files\/2023\/08\/ec4d7520-1077-435e-a19c-e36d139b193d.jpg\" alt=\"\" class=\"wp-image-19263\" \/><\/a><\/figure>\n\n\n\n<figure class=\"wp-block-image size-large\"><a href=\"https:\/\/www.ifbaiano.edu.br\/unidades\/santaines\/files\/2023\/08\/f134743b-45ea-4bdc-acc4-6398afa7261d.jpg\"><img decoding=\"async\" loading=\"lazy\" width=\"1600\" height=\"1200\" data-id=\"19265\"  src=\"https:\/\/www.ifbaiano.edu.br\/unidades\/santaines\/files\/2023\/08\/f134743b-45ea-4bdc-acc4-6398afa7261d.jpg\" alt=\"\" class=\"wp-image-19265\" \/><\/a><\/figure>\n\n\n\n<figure class=\"wp-block-image size-large\"><a href=\"https:\/\/www.ifbaiano.edu.br\/unidades\/santaines\/files\/2023\/08\/81d8f812-5dd1-46d9-9a9e-b919fc6bc77d.jpg\"><img decoding=\"async\" loading=\"lazy\" width=\"1600\" height=\"1200\" data-id=\"19264\"  src=\"https:\/\/www.ifbaiano.edu.br\/unidades\/santaines\/files\/2023\/08\/81d8f812-5dd1-46d9-9a9e-b919fc6bc77d.jpg\" alt=\"\" class=\"wp-image-19264\" \/><\/a><\/figure>\n<\/figure>\n\n\n\n<p>Segundo o professor do campus, Antonio Alcyone Junior, que acompanhou os cursos, \u201cessas parcerias s\u00e3o muito importantes pois trazem profissionais com outras experi\u00eancias e isso enriquece a forma\u00e7\u00e3o dos nossos estudantes\u201d.<\/p>\n\n\n\n<p>Para Jailson Nascimento, motorista do campus que fez o curso de Mecaniza\u00e7\u00e3o Agr\u00edcola, foi a realiza\u00e7\u00e3o de um desejo antigo, pois ele tem experi\u00eancia com trator por ter aprendido, na ro\u00e7a, com o pai, mas nunca havia realizado um curso. \u201cEu precisava e sempre quis fazer um curso nessa \u00e1rea. Essa oportunidade oferecida pelo IF Baiano me trouxe ainda mais conhecimento e, al\u00e9m disso, vai me certificar para atuar no mercado de trabalho\u201d concluiu.<\/p>\n\n\n\n<p>Bianca Nunes, graduanda do curso de Bacharelado em Zootecnia do campus, frequentou o curso de Caprinocultura e avaliou a import\u00e2ncia do mesmo para sua forma\u00e7\u00e3o.<\/p>\n\n\n\n<div class=\"wp-block-media-text alignwide is-stacked-on-mobile\"><figure class=\"wp-block-media-text__media\"><img decoding=\"async\" loading=\"lazy\" width=\"1600\" height=\"1200\" src=\"https:\/\/www.ifbaiano.edu.br\/unidades\/santaines\/files\/2023\/08\/8cb23207-d2d1-4db5-97c6-740062526d79.jpg\" alt=\"\" class=\"wp-image-19260 size-full\" \/><\/figure><div class=\"wp-block-media-text__content\">\n<p>\u201cFoi de extrema import\u00e2ncia para minha vida acad\u00eamica, onde foi poss\u00edvel aumentar e qualificar, ainda mais, os conhecimentos da \u00e1rea\u201d. Ela relatou que \u00e9 preciso aproveitar cada momento e as oportunidades que a institui\u00e7\u00e3o oferece. \u201cDevemos sempre ir em busca dos nossos objetivos e abra\u00e7ar as oportunidades oferecidas aqui. Esses conhecimentos agregam muito em nossa forma\u00e7\u00e3o como futuros profissionais da Zootecnia\u201d. Finalizou Bianca.<\/p>\n<\/div><\/div>\n\n\n\n<hr class=\"wp-block-separator has-alpha-channel-opacity\" \/>\n\n\n\n<p><\/p>\n","protected":false},"excerpt":{"rendered":"<p>Foram realizados, no per\u00edodo de 14 a 18 de agosto de 2023, no IF Baiano &#8211; Campus Santa In\u00eas, tr\u00eas cursos de capacita\u00e7\u00e3o rural, promovidos em parceria com o Servi\u00e7o Nacional de Aprendizagem Rural \u2013 Senar\/Bahia e o Sindicato Rural da cidade de Jequi\u00e9-BA. Os cursos foram direcionados para os discentes do curso de Bacharelado [&hellip;]<\/p>\n","protected":false},"author":86,"featured_media":19252,"comment_status":"closed","ping_status":"closed","sticky":false,"template":"","format":"standard","meta":[],"categories":[4,5,57],"tags":[],"_links":{"self":[{"href":"https:\/\/www.ifbaiano.edu.br\/unidades\/santaines\/wp-json\/wp\/v2\/posts\/19247"}],"collection":[{"href":"https:\/\/www.ifbaiano.edu.br\/unidades\/santaines\/wp-json\/wp\/v2\/posts"}],"about":[{"href":"https:\/\/www.ifbaiano.edu.br\/unidades\/santaines\/wp-json\/wp\/v2\/types\/post"}],"author":[{"embeddable":true,"href":"https:\/\/www.ifbaiano.edu.br\/unidades\/santaines\/wp-json\/wp\/v2\/users\/86"}],"replies":[{"embeddable":true,"href":"https:\/\/www.ifbaiano.edu.br\/unidades\/santaines\/wp-json\/wp\/v2\/comments?post=19247"}],"version-history":[{"count":4,"href":"https:\/\/www.ifbaiano.edu.br\/unidades\/santaines\/wp-json\/wp\/v2\/posts\/19247\/revisions"}],"predecessor-version":[{"id":19268,"href":"https:\/\/www.ifbaiano.edu.br\/unidades\/santaines\/wp-json\/wp\/v2\/posts\/19247\/revisions\/19268"}],"wp:featuredmedia":[{"embeddable":true,"href":"https:\/\/www.ifbaiano.edu.br\/unidades\/santaines\/wp-json\/wp\/v2\/media\/19252"}],"wp:attachment":[{"href":"https:\/\/www.ifbaiano.edu.br\/unidades\/santaines\/wp-json\/wp\/v2\/media?parent=19247"}],"wp:term":[{"taxonomy":"category","embeddable":true,"href":"https:\/\/www.ifbaiano.edu.br\/unidades\/santaines\/wp-json\/wp\/v2\/categories?post=19247"},{"taxonomy":"post_tag","embeddable":true,"href":"https:\/\/www.ifbaiano.edu.br\/unidades\/santaines\/wp-json\/wp\/v2\/tags?post=19247"}],"curies":[{"name":"wp","href":"https:\/\/api.w.org\/{rel}","templated":true}]}}