{"id":19269,"date":"2023-08-22T08:45:02","date_gmt":"2023-08-22T11:45:02","guid":{"rendered":"https:\/\/www.ifbaiano.edu.br\/unidades\/santaines\/?p=19269"},"modified":"2023-08-22T08:45:03","modified_gmt":"2023-08-22T11:45:03","slug":"jogos-estudantis-do-if-baiano-comecam-hoje","status":"publish","type":"post","link":"https:\/\/www.ifbaiano.edu.br\/unidades\/santaines\/jogos-estudantis-do-if-baiano-comecam-hoje\/","title":{"rendered":"Jogos Estudantis do IF Baiano come\u00e7am hoje"},"content":{"rendered":"\n<p>Os Jogos Estudantis do IF Baiano \u2013 JEIF 2023 come\u00e7am hoje, ter\u00e7a-feira, 22, na cidade de Guanambi. A abertura do evento, que re\u00fane delega\u00e7\u00f5es de atletas dos 14 campi do Instituto Federal Baiano e cerca de 800 pessoas, ocorrer\u00e1 no Gin\u00e1sio de Esportes de Guanambi, \u00e0s 18h30. A concentra\u00e7\u00e3o dos atletas, no Gin\u00e1sio, est\u00e1 prevista para as 17h55.<\/p>\n\n\n\n<p>A cidade de Guanambi ser\u00e1 palco de uma grande festa esportiva com atletas de v\u00e1rias regi\u00f5es da Bahia. De acordo com o presidente da Comiss\u00e3o Central dos Jogos, Ariomar Rodrigues, as expectativas para o JEIF 2023 s\u00e3o as melhores poss\u00edveis. \u201cJ\u00e1 recebemos v\u00e1rios servidores [aqui no campus] e na tarde de hoje, 21, chegar\u00e3o a maioria das delega\u00e7\u00f5es; as que v\u00eam dos campi mais distantes devem chegar um pouquinho depois no avan\u00e7ar da noite\u201d, conta.<\/p>\n\n\n\n<p>De acordo com o representante do N\u00facleo de Apoio ao Esporte e Lazer \u2013 NAEL, Nilton Santos, o evento \u00e9 importante para fortalecer a cultura esportiva na institui\u00e7\u00e3o e no interior da Bahia. \u201cO objetivo desses Jogos \u00e9 proporcionar aos estudantes uma integra\u00e7\u00e3o e tamb\u00e9m uma valoriza\u00e7\u00e3o daquelas habilidades t\u00e9cnicas que cada um tem em determinada modalidade, visando at\u00e9, quem sabe\u2026 futuramente, que eles possam se tornar atletas de alto n\u00edvel, mas o que a gente percebe \u00e9 que a integra\u00e7\u00e3o \u00e9 muito grande\u201d, explica Nilton.&nbsp;<\/p>\n\n\n\n<p>A cerim\u00f4nia contar\u00e1 com a presen\u00e7a do reitor A\u00e9cio Jos\u00e9 Duarte; do diretor-geral do Campus Guanambi, Carlito Jos\u00e9 de Barros Filho; do secret\u00e1rio de Cultura, Esporte e Lazer de Guanambi, Victor Boa Sorte; e do presidente da Comiss\u00e3o Central dos Jogos, Ariomar Rodrigues. A celebra\u00e7\u00e3o \u00e9 inspirada nos grandes eventos esportivos e seus ritos como as Olimp\u00edadas e a Copa do Mundo. Os estudantes e \u00e1rbitros far\u00e3o o juramento, prometendo obedecer \u00e0s regras do regulamento e cultivar o esp\u00edrito esportivo. O JEIF \u00e9 declarado aberto com o tradicional rito de passagem da tocha e acendimento da Pira Ol\u00edmpica.<\/p>\n\n\n\n<p>Fotos e v\u00eddeos da abertura ser\u00e3o publicados nas redes sociais do IF Baiano (@ifbaiano) durante a noite de ter\u00e7a, 22. Os Jogos Estudantis seguem at\u00e9 o dia 28 de agosto com competi\u00e7\u00f5es nas modalidades: Futebol Society (FUT 7), Futsal, Handebol, Voleibol, Basquetebol, T\u00eanis de Mesa, Xadrez, Atletismo, V\u00f4lei de Praia e Nata\u00e7\u00e3o.<\/p>\n\n\n\n<p><a href=\"https:\/\/ifbaiano.edu.br\/portal\/jogos-estudantis-2023\/\">Confira a programa\u00e7\u00e3o do JEIF aqui!<\/a><\/p>\n\n\n\n<hr class=\"wp-block-separator has-alpha-channel-opacity\" \/>\n\n\n\n<p><\/p>\n","protected":false},"excerpt":{"rendered":"<p>A abertura do evento ocorrer\u00e1 no Gin\u00e1sio de Esportes de Guanambi, \u00e0s 18h30<\/p>\n","protected":false},"author":86,"featured_media":19270,"comment_status":"closed","ping_status":"closed","sticky":false,"template":"","format":"standard","meta":[],"categories":[4,23,57],"tags":[],"_links":{"self":[{"href":"https:\/\/www.ifbaiano.edu.br\/unidades\/santaines\/wp-json\/wp\/v2\/posts\/19269"}],"collection":[{"href":"https:\/\/www.ifbaiano.edu.br\/unidades\/santaines\/wp-json\/wp\/v2\/posts"}],"about":[{"href":"https:\/\/www.ifbaiano.edu.br\/unidades\/santaines\/wp-json\/wp\/v2\/types\/post"}],"author":[{"embeddable":true,"href":"https:\/\/www.ifbaiano.edu.br\/unidades\/santaines\/wp-json\/wp\/v2\/users\/86"}],"replies":[{"embeddable":true,"href":"https:\/\/www.ifbaiano.edu.br\/unidades\/santaines\/wp-json\/wp\/v2\/comments?post=19269"}],"version-history":[{"count":1,"href":"https:\/\/www.ifbaiano.edu.br\/unidades\/santaines\/wp-json\/wp\/v2\/posts\/19269\/revisions"}],"predecessor-version":[{"id":19271,"href":"https:\/\/www.ifbaiano.edu.br\/unidades\/santaines\/wp-json\/wp\/v2\/posts\/19269\/revisions\/19271"}],"wp:featuredmedia":[{"embeddable":true,"href":"https:\/\/www.ifbaiano.edu.br\/unidades\/santaines\/wp-json\/wp\/v2\/media\/19270"}],"wp:attachment":[{"href":"https:\/\/www.ifbaiano.edu.br\/unidades\/santaines\/wp-json\/wp\/v2\/media?parent=19269"}],"wp:term":[{"taxonomy":"category","embeddable":true,"href":"https:\/\/www.ifbaiano.edu.br\/unidades\/santaines\/wp-json\/wp\/v2\/categories?post=19269"},{"taxonomy":"post_tag","embeddable":true,"href":"https:\/\/www.ifbaiano.edu.br\/unidades\/santaines\/wp-json\/wp\/v2\/tags?post=19269"}],"curies":[{"name":"wp","href":"https:\/\/api.w.org\/{rel}","templated":true}]}}