{"id":19376,"date":"2023-08-30T11:17:00","date_gmt":"2023-08-30T14:17:00","guid":{"rendered":"https:\/\/www.ifbaiano.edu.br\/unidades\/santaines\/?p=19376"},"modified":"2023-08-30T11:38:54","modified_gmt":"2023-08-30T14:38:54","slug":"campus-santa-ines-oferece-cursos-gratuitos-para-diferentes-publicos","status":"publish","type":"post","link":"https:\/\/www.ifbaiano.edu.br\/unidades\/santaines\/campus-santa-ines-oferece-cursos-gratuitos-para-diferentes-publicos\/","title":{"rendered":"Campus Santa In\u00eas oferece cursos gratuitos para diferentes p\u00fablicos"},"content":{"rendered":"\n<p>O Instituto Federal Baiano (IF Baiano), Campus Santa In\u00eas, publicou edital para cinco cursos de Forma\u00e7\u00e3o Inicial e Continuada (FIC) nas modalidades presencial e Educa\u00e7\u00e3o \u00e0 Dist\u00e2ncia &#8211; EaD. As op\u00e7\u00f5es dispon\u00edveis abrangem \u00e1reas como reda\u00e7\u00e3o dissertativo-argumentativa, qualifica\u00e7\u00e3o b\u00e1sica em processamento de alimentos, produ\u00e7\u00e3o de material educacional, inform\u00e1tica b\u00e1sica e programa\u00e7\u00e3o gamificada. Tanto as inscri\u00e7\u00f5es quanto os cursos s\u00e3o realizados de forma gratuita e destinadas a diversos p\u00fablicos.<\/p>\n\n\n\n<p>As inscri\u00e7\u00f5es foram realizadas por meio de manifesta\u00e7\u00e3o do interesse na vaga preenchendo o <a href=\"https:\/\/abre.ai\/gChi\">formul\u00e1rio <\/a><em><a href=\"https:\/\/abre.ai\/gChi\">online<\/a> <\/em>dispon\u00edvel at\u00e9 o dia 28 de agosto de 2023. A sele\u00e7\u00e3o dos candidatos aos cursos ofertados foi realizada por ordem de inscri\u00e7\u00e3o conforme Resolu\u00e7\u00e3o 23\/2019 CONSUP\/IF BAIANO. <\/p>\n\n\n\n<p>Os(As) candidatos(as) inscritos(as) <a href=\"https:\/\/www.ifbaiano.edu.br\/unidades\/santaines\/files\/2023\/08\/Lista-de-inscritos-cursos-FIC.pdf\">listados(as) na homologa\u00e7\u00e3o<\/a> devem comparecer, PRESENCIALMENTE, \u00e0 Secretaria de Registros Acad\u00eamicos (SRA) do campus no per\u00edodo de 04 a 12 de setembro para a entrega da documenta\u00e7\u00e3o de matr\u00edcula (ver item 8 do edital) e efetiva\u00e7\u00e3o da matr\u00edcula.<\/p>\n\n\n\n<p>Confira abaixo mais informa\u00e7\u00f5es sobre cada um dos cursos oferecidos:<\/p>\n\n\n\n<ol type=\"1\" start=\"1\">\n<li><strong>Reda\u00e7\u00e3o Dissertativo-argumentativa \u2013 EaD:<\/strong>\n\n\n<ul>\n<li>Carga hor\u00e1ria: 40 horas<\/li>\n\n\n\n<li>Vagas: 10<\/li>\n<\/ul>\n\n\n\n<ul>\n<li>Requisitos: Ensino M\u00e9dio<\/li>\n<\/ul>\n<\/li>\n\n\n\n<li><strong>Produ\u00e7\u00e3o de material educacional<\/strong><strong>&#8211; EaD:<\/strong>\n<ul>\n<li>Carga hor\u00e1ria: 80 horas<\/li>\n\n\n\n<li>Vagas: 40<\/li>\n\n\n\n<li>Requisitos: Ser professor e\/ou coordenador pedag\u00f3gico atuando na educa\u00e7\u00e3o b\u00e1sica ou ser aluno em curso de licenciatura<\/li>\n<\/ul>\n<\/li>\n\n\n\n<li><strong>Qualifica\u00e7\u00e3o b\u00e1sica em processamento de alimentos &#8211; presencial:<\/strong>\n<ul>\n<li>Carga hor\u00e1ria: 40 horas<\/li>\n\n\n\n<li>Vagas: Duas turmas (15 vagas por turma)<\/li>\n\n\n\n<li>Local: IF Baiano &#8211; Campus Santa In\u00eas<\/li>\n\n\n\n<li>Requisitos: Declara\u00e7\u00e3o do Servi\u00e7o de prote\u00e7\u00e3o e Atendimento Integra\u00e7\u00e3o a Fam\u00edlia \u2013 PAIF*<\/li>\n<\/ul>\n<\/li>\n\n\n\n<li><strong>Inform\u00e1tica B\u00e1sica &#8211; Presencial:<\/strong>\n<ul>\n<li>Carga hor\u00e1ria: 40 horas<\/li>\n\n\n\n<li>Vagas: Duas turmas (15 vagas por turma)<\/li>\n\n\n\n<li>Local: IF Baiano &#8211; Campus Santa In\u00eas<\/li>\n\n\n\n<li>Requisitos: Ensino m\u00e9dio completo<\/li>\n<\/ul>\n<\/li>\n\n\n\n<li><strong>Programa\u00e7\u00e3o gamificada &#8211; Presencial:<\/strong>\n<ul>\n<li>Carga hor\u00e1ria: 40 horas<\/li>\n\n\n\n<li>Vagas: 20<\/li>\n\n\n\n<li>Local: IF Baiano &#8211; Campus Santa In\u00eas<\/li>\n\n\n\n<li>Requisitos: Estar cursando o 9\u00ba ano do Ensino Fundamental<\/li>\n<\/ul>\n<\/li>\n<\/ol>\n\n\n\n<p>Para mais informa\u00e7\u00f5es, leia a \u00edntegra do <strong><a href=\"https:\/\/www.ifbaiano.edu.br\/unidades\/santaines\/files\/2023\/08\/Edital-Cursos-FIC.pdf\">edital<\/a> <\/strong>e saiba os objetivos dos cursos e a documenta\u00e7\u00e3o para matr\u00edcula. Em caso de d\u00favidas, entre em contato com o campus, utilizando o e-mail fic@si.ifbaiano.edu.br.<\/p>\n\n\n\n<hr class=\"wp-block-separator has-alpha-channel-opacity\" \/>\n\n\n\n<p><strong>Documentos importantes referentes a este Processo Seletivo:<\/strong><\/p>\n\n\n\n<ul>\n<li><strong><a href=\"https:\/\/www.ifbaiano.edu.br\/unidades\/santaines\/files\/2023\/08\/Edital-Cursos-FIC.pdf\">Edital<\/a> <\/strong><\/li>\n\n\n\n<li><a href=\"https:\/\/www.ifbaiano.edu.br\/unidades\/santaines\/files\/2023\/08\/Lista-de-inscritos-cursos-FIC.pdf\"><strong>Lista de Inscri\u00e7\u00f5es homologadas para a Matr\u00edcula<\/strong><\/a><\/li>\n<\/ul>\n\n\n\n<hr class=\"wp-block-separator has-alpha-channel-opacity\" \/>\n","protected":false},"excerpt":{"rendered":"<p>O Instituto Federal Baiano (IF Baiano), Campus Santa In\u00eas, publicou edital para cinco cursos de Forma\u00e7\u00e3o Inicial e Continuada (FIC) nas modalidades presencial e Educa\u00e7\u00e3o \u00e0 Dist\u00e2ncia &#8211; EaD. As op\u00e7\u00f5es dispon\u00edveis abrangem \u00e1reas como reda\u00e7\u00e3o dissertativo-argumentativa, qualifica\u00e7\u00e3o b\u00e1sica em processamento de alimentos, produ\u00e7\u00e3o de material educacional, inform\u00e1tica b\u00e1sica e programa\u00e7\u00e3o gamificada. Tanto as inscri\u00e7\u00f5es [&hellip;]<\/p>\n","protected":false},"author":86,"featured_media":12238,"comment_status":"closed","ping_status":"closed","sticky":false,"template":"","format":"standard","meta":[],"categories":[4,5,8,57],"tags":[],"_links":{"self":[{"href":"https:\/\/www.ifbaiano.edu.br\/unidades\/santaines\/wp-json\/wp\/v2\/posts\/19376"}],"collection":[{"href":"https:\/\/www.ifbaiano.edu.br\/unidades\/santaines\/wp-json\/wp\/v2\/posts"}],"about":[{"href":"https:\/\/www.ifbaiano.edu.br\/unidades\/santaines\/wp-json\/wp\/v2\/types\/post"}],"author":[{"embeddable":true,"href":"https:\/\/www.ifbaiano.edu.br\/unidades\/santaines\/wp-json\/wp\/v2\/users\/86"}],"replies":[{"embeddable":true,"href":"https:\/\/www.ifbaiano.edu.br\/unidades\/santaines\/wp-json\/wp\/v2\/comments?post=19376"}],"version-history":[{"count":8,"href":"https:\/\/www.ifbaiano.edu.br\/unidades\/santaines\/wp-json\/wp\/v2\/posts\/19376\/revisions"}],"predecessor-version":[{"id":19502,"href":"https:\/\/www.ifbaiano.edu.br\/unidades\/santaines\/wp-json\/wp\/v2\/posts\/19376\/revisions\/19502"}],"wp:featuredmedia":[{"embeddable":true,"href":"https:\/\/www.ifbaiano.edu.br\/unidades\/santaines\/wp-json\/wp\/v2\/media\/12238"}],"wp:attachment":[{"href":"https:\/\/www.ifbaiano.edu.br\/unidades\/santaines\/wp-json\/wp\/v2\/media?parent=19376"}],"wp:term":[{"taxonomy":"category","embeddable":true,"href":"https:\/\/www.ifbaiano.edu.br\/unidades\/santaines\/wp-json\/wp\/v2\/categories?post=19376"},{"taxonomy":"post_tag","embeddable":true,"href":"https:\/\/www.ifbaiano.edu.br\/unidades\/santaines\/wp-json\/wp\/v2\/tags?post=19376"}],"curies":[{"name":"wp","href":"https:\/\/api.w.org\/{rel}","templated":true}]}}