{"id":1939,"date":"2012-05-24T10:54:00","date_gmt":"2012-05-24T13:54:00","guid":{"rendered":"http:\/\/www.ifbaiano.edu.br\/unidades\/santaines\/?p=1939"},"modified":"2012-05-25T11:16:35","modified_gmt":"2012-05-25T14:16:35","slug":"com-recursos-do-fundo-de-cultura-secultba-abre-inscricoes-para-17-editais-e-chamada-publica-para-demanda-espontanea","status":"publish","type":"post","link":"https:\/\/www.ifbaiano.edu.br\/unidades\/santaines\/com-recursos-do-fundo-de-cultura-secultba-abre-inscricoes-para-17-editais-e-chamada-publica-para-demanda-espontanea\/","title":{"rendered":"Com recursos do Fundo de Cultura, SecultBA abre inscri\u00e7\u00f5es para 17 editais e chamada p\u00fablica para demanda espont\u00e2nea"},"content":{"rendered":"<p>Nos dias 31\/05 e 01\/06 o Campus Santa In\u00eas sediar\u00e1 a Oficina de Elabora\u00e7\u00e3o de Projetos Culturais para os Editais do Fundo de Cultura da Bahia, realizada pela SECULT, das 9h \u00e0s 17h. Mais de R$ 18 milh\u00f5es ser\u00e3o investidos em atividades art\u00edstico-culturais atrav\u00e9s do Fundo de Cultura da Bahia (FCBA). A Secretaria de Cultura do Estado da Bahia (SecultBA)\u00a0 abriu inscri\u00e7\u00f5es para 17 editais setoriais, al\u00e9m da Demanda Espont\u00e2nea, destinados ao p\u00fablico que trabalha, pesquisa e atua na cultura, como artistas, empreendedores, estudantes e grupos. O objetivo dos editais \u00e9 apoiar a produ\u00e7\u00e3o, prote\u00e7\u00e3o, circula\u00e7\u00e3o, forma\u00e7\u00e3o e pesquisa da cultura no estado. Os editais e a sele\u00e7\u00e3o p\u00fablica para demanda espont\u00e2nea aceitam propostas de pessoa f\u00edsica maior de 18 anos e pessoa jur\u00eddica que atue no exerc\u00edcio de atividades culturais, residentes na Bahia h\u00e1 pelo menos tr\u00eas anos.<\/p>\n<p>Os editais setoriais s\u00e3o destinados \u00e0s linguagens art\u00edsticas \u2013 m\u00fasica, dan\u00e7a, audiovisual, teatro, circo, literatura, artes visuais \u2013 bem como a museus e patrim\u00f4nio cultural, arquitet\u00f4nico e urbanismo. Tamb\u00e9m ser\u00e3o contemplados por editais projetos para culturas digitais, identit\u00e1rias, populares, editoras baianas, economia criativa, projetos estrat\u00e9gicos, territ\u00f3rios culturais e forma\u00e7\u00e3o e qualifica\u00e7\u00e3o. Ainda est\u00e3o previstas inscri\u00e7\u00f5es para a Demanda Espont\u00e2nea, a fim de apoiar propostas cujo objeto n\u00e3o se enquadre em nenhum dos 17 editais lan\u00e7ados.<\/p>\n<p>MAIS INFORMA\u00c7\u00d5ES:<\/p>\n<p><a href=\"http:\/\/www.cultura.ba.gov.br\/apoio-a-projetos\/selecoes-publicas-editais\/\" target=\"_blank\">http:\/\/www.cultura.ba.gov.br\/apoio-a-projetos\/selecoes-publicas-editais\/<\/a><\/p>\n<p><a href=\"http:\/\/www.ifbaiano.edu.br\/unidades\/santaines\/files\/2012\/05\/Edital-Secult.pdf\" target=\"_blank\">Confira aqui o edital<\/a><\/p>\n","protected":false},"excerpt":{"rendered":"<p>Nos dias 31\/05 e 01\/06 o Campus Santa In\u00eas sediar\u00e1 a Oficina de Elabora\u00e7\u00e3o de Projetos Culturais para os Editais do Fundo de Cultura da Bahia, realizada pela SECULT, das 9h \u00e0s 17h. Mais de R$ 18 milh\u00f5es ser\u00e3o investidos em atividades art\u00edstico-culturais atrav\u00e9s do Fundo de Cultura da Bahia (FCBA). A Secretaria de Cultura [&hellip;]<\/p>\n","protected":false},"author":26,"featured_media":0,"comment_status":"closed","ping_status":"closed","sticky":false,"template":"","format":"standard","meta":[],"categories":[10],"tags":[],"_links":{"self":[{"href":"https:\/\/www.ifbaiano.edu.br\/unidades\/santaines\/wp-json\/wp\/v2\/posts\/1939"}],"collection":[{"href":"https:\/\/www.ifbaiano.edu.br\/unidades\/santaines\/wp-json\/wp\/v2\/posts"}],"about":[{"href":"https:\/\/www.ifbaiano.edu.br\/unidades\/santaines\/wp-json\/wp\/v2\/types\/post"}],"author":[{"embeddable":true,"href":"https:\/\/www.ifbaiano.edu.br\/unidades\/santaines\/wp-json\/wp\/v2\/users\/26"}],"replies":[{"embeddable":true,"href":"https:\/\/www.ifbaiano.edu.br\/unidades\/santaines\/wp-json\/wp\/v2\/comments?post=1939"}],"version-history":[{"count":7,"href":"https:\/\/www.ifbaiano.edu.br\/unidades\/santaines\/wp-json\/wp\/v2\/posts\/1939\/revisions"}],"predecessor-version":[{"id":1941,"href":"https:\/\/www.ifbaiano.edu.br\/unidades\/santaines\/wp-json\/wp\/v2\/posts\/1939\/revisions\/1941"}],"wp:attachment":[{"href":"https:\/\/www.ifbaiano.edu.br\/unidades\/santaines\/wp-json\/wp\/v2\/media?parent=1939"}],"wp:term":[{"taxonomy":"category","embeddable":true,"href":"https:\/\/www.ifbaiano.edu.br\/unidades\/santaines\/wp-json\/wp\/v2\/categories?post=1939"},{"taxonomy":"post_tag","embeddable":true,"href":"https:\/\/www.ifbaiano.edu.br\/unidades\/santaines\/wp-json\/wp\/v2\/tags?post=1939"}],"curies":[{"name":"wp","href":"https:\/\/api.w.org\/{rel}","templated":true}]}}