{"id":19395,"date":"2023-08-26T19:30:49","date_gmt":"2023-08-26T22:30:49","guid":{"rendered":"https:\/\/www.ifbaiano.edu.br\/unidades\/santaines\/?p=19395"},"modified":"2023-08-28T13:16:31","modified_gmt":"2023-08-28T16:16:31","slug":"estudantes-de-curso-de-pos-graduacao-sao-recepcionados-com-aula-inaugural-no-campus-santa-ines","status":"publish","type":"post","link":"https:\/\/www.ifbaiano.edu.br\/unidades\/santaines\/estudantes-de-curso-de-pos-graduacao-sao-recepcionados-com-aula-inaugural-no-campus-santa-ines\/","title":{"rendered":"Estudantes de curso de P\u00f3s-gradua\u00e7\u00e3o s\u00e3o recepcionados com Aula Inaugural no Campus Santa In\u00eas"},"content":{"rendered":"\n<p>Na noite da \u00faltima sexta-feira, 25, o Instituto Federal Baiano (IF Baiano) \u2013 Campus Santa In\u00eas realizou a aula inaugural do curso de P\u00f3s-gradua\u00e7\u00e3o em Desenvolvimento Regional e Meio Ambiente (PGDRMA). A solenidade, que aconteceu no audit\u00f3rio da biblioteca do campus, contou com cerca de 40 participantes e iniciou \u00e0s 19h.<\/p>\n\n\n\n<div class=\"wp-block-media-text alignwide is-stacked-on-mobile\" style=\"grid-template-columns:27% auto\"><figure class=\"wp-block-media-text__media\"><img decoding=\"async\" loading=\"lazy\" width=\"6000\" height=\"4000\" src=\"https:\/\/www.ifbaiano.edu.br\/unidades\/santaines\/files\/2023\/08\/IMG_3231-1.jpg\" alt=\"\" class=\"wp-image-19419 size-full\" \/><\/figure><div class=\"wp-block-media-text__content\">\n<p>A cerim\u00f4nia iniciou com Jo\u00e3o Alves Souza Filho, servidor T\u00e9cnico em Assuntos Educacionais do campus, que fez uma apresenta\u00e7\u00e3o de voz e viol\u00e3o, com m\u00fasicas e poesias, inclusive, autorais. O evento transcorreu com a realiza\u00e7\u00e3o de uma mesa-redonda, na qual os palestrantes, Haialla Carolina Brand\u00e3o, do Cons\u00f3rcio de Desenvolvimento Sustent\u00e1vel do Vale do Jiquiri\u00e7\u00e1 \u2013 CONVALE e o professor Perimar Moura do IF Baiano \u2013 Campus Valen\u00e7a, trataram de temas relacionados a Meio Ambiente e Sustentabilidade.<br>Estiveram presentes na cerim\u00f4nia, a diretora-geral, professora Genilda Lima; o diretor acad\u00eamico, professor Guilherme Nascimento; o coordenador de Pesquisa, professor Wezer Miranda;<\/p>\n<\/div><\/div>\n\n\n\n<p>o coordenador do curso T\u00e9cnico em Agropecu\u00e1ria integrado ao Ensino M\u00e9dio na modalidade PROEJA, professor Andr\u00e9 Leonardo Souza; al\u00e9m de servidores e estudantes do campus.<br>Uma mesa de abertura foi formada pela equipe gestora do campus e por uma representante discente, todos tiveram um momento de fala, onde foram dadas as boas-vindas aos estudantes rec\u00e9m-chegados, desejando sucesso na jornada, compartilharam tamb\u00e9m as experi\u00eancias vivenciadas no curso e as expectativas com o in\u00edcio das atividades letivas com a nova turma.<\/p>\n\n\n\n<p>A professora Genilda Lima, diretora-geral do campus, ressaltou, em sua fala, a alegria de estar naquele momento, representando a institui\u00e7\u00e3o, enquanto diretora, uma vez que a mesma participou da concep\u00e7\u00e3o do curso: \u201clembro-me da primeira reuni\u00e3o em que discut\u00edamos a implementa\u00e7\u00e3o do curso\u2026 desde a primeira sementinha, que foi plantada pela professora Adriana, at\u00e9 a aprova\u00e7\u00e3o do projeto e, finalmente, seu in\u00edcio\u201d. A professora falou, tamb\u00e9m, sobre a preocupa\u00e7\u00e3o e as dificuldades enfrentadas para iniciar o curso em plena pandemia de COVID-19. \u201cApesar de tudo, das d\u00favidas, de todas as inquieta\u00e7\u00f5es e desafios enfrentados naquele per\u00edodo dif\u00edcil, o curso, para a primeira turma, aconteceu de forma remota, mas isso n\u00e3o tirou o brilho de tudo aquilo que n\u00f3s esper\u00e1vamos\u201d, pontuou.<\/p>\n\n\n\n<figure class=\"wp-block-gallery has-nested-images columns-default is-cropped wp-block-gallery-1 is-layout-flex\">\n<figure class=\"wp-block-image size-large\"><a href=\"https:\/\/www.ifbaiano.edu.br\/unidades\/santaines\/files\/2023\/08\/b2fb94b5-a701-4e41-bd7e-0c148fb3f96f.jpg\"><img decoding=\"async\" loading=\"lazy\" width=\"1024\" height=\"768\" data-id=\"19404\"  src=\"https:\/\/www.ifbaiano.edu.br\/unidades\/santaines\/files\/2023\/08\/b2fb94b5-a701-4e41-bd7e-0c148fb3f96f.jpg\" alt=\"\" class=\"wp-image-19404\" \/><\/a><\/figure>\n\n\n\n<figure class=\"wp-block-image size-large\"><a href=\"https:\/\/www.ifbaiano.edu.br\/unidades\/santaines\/files\/2023\/08\/758f0d55-1099-47e2-956f-868e44f6336d.jpg\"><img decoding=\"async\" loading=\"lazy\" width=\"1024\" height=\"768\" data-id=\"19403\"  src=\"https:\/\/www.ifbaiano.edu.br\/unidades\/santaines\/files\/2023\/08\/758f0d55-1099-47e2-956f-868e44f6336d.jpg\" alt=\"\" class=\"wp-image-19403\" \/><\/a><\/figure>\n\n\n\n<figure class=\"wp-block-image size-large\"><a href=\"https:\/\/www.ifbaiano.edu.br\/unidades\/santaines\/files\/2023\/08\/e20c0553-88b3-4c9e-809d-cb90f5e2ea81.jpg\"><img decoding=\"async\" loading=\"lazy\" width=\"1024\" height=\"768\" data-id=\"19402\"  src=\"https:\/\/www.ifbaiano.edu.br\/unidades\/santaines\/files\/2023\/08\/e20c0553-88b3-4c9e-809d-cb90f5e2ea81.jpg\" alt=\"\" class=\"wp-image-19402\" \/><\/a><\/figure>\n<\/figure>\n\n\n\n<p>O Professor Guilherme Nascimento, diretor acad\u00eamico, lembrou sobre a import\u00e2ncia da institui\u00e7\u00e3o na forma\u00e7\u00e3o dos seus estudantes, dos servi\u00e7os prestados pelo IF Baiano e do reconhecimento dos estudantes\/egressos pela institui\u00e7\u00e3o: \u201cFicamos muito felizes quando vemos egressos nossos retornando em busca de se qualificar ainda mais. Isso s\u00f3 refor\u00e7a a consolida\u00e7\u00e3o do IF Baiano, comprova que estamos realizando um bom trabalho e ficamos gratos por essa confian\u00e7a depositada em nossa institui\u00e7\u00e3o\u201d, relatou.<\/p>\n\n\n\n<p>Para Jossano Costa, um dos estudantes do curso, formado T\u00e9cnico em Agropecu\u00e1ria e Zootecnista pelo IF Baiano \u2013 Campus Santa In\u00eas, a aula de ontem foi um momento interessante porque abriu um leque de oportunidades para atualizar quem trabalha na \u00e1rea ambiental, al\u00e9m de instigar os estudantes a pensarem a tem\u00e1tica que pretendem trabalhar no curso. Jossano atua como supervisor do SENAR e presta assist\u00eancia t\u00e9cnica \u00e0s propriedades rurais. Ele relata sobre suas expectativas com o curso: \u201cEspero potencializar nosso atendimento e melhorar tanto nossos servi\u00e7os, quanto \u00e0 qualidade de vida dos produtores atendidos e, consequentemente, da regi\u00e3o\u201d, destacou.<\/p>\n\n\n\n<p>O professor Nelson Filho, coordenador do curso, falou da import\u00e2ncia dos cursos de p\u00f3s-gradua\u00e7\u00e3o ofertados pelo IF Baiano. \u201cA oferta destes cursos promove a verticaliza\u00e7\u00e3o dos estudantes e a turma do curso de PGDRMA \u00e9 uma prova dessa verticaliza\u00e7\u00e3o\u201d, afirma. Ele tamb\u00e9m ressalta a necessidade da cria\u00e7\u00e3o de cursos de mestrado e doutorado para atender \u00e0 demanda dos profissionais oriundos dos cursos de gradua\u00e7\u00e3o ofertados pelo Campus Santa In\u00eas: \u201cprecisamos fortalecer nossos cursos e ofertar cursos de mestrado e doutorado que \u00e9 uma demanda de nossos estudantes da gradua\u00e7\u00e3o\u201d.<br>Por fim, o docente agradeceu a colabora\u00e7\u00e3o dos envolvidos na organiza\u00e7\u00e3o do evento: \u201cesse evento foi organizado com a colabora\u00e7\u00e3o de muitas pessoas e setores dessa institui\u00e7\u00e3o. Assim, agrade\u00e7o a dedica\u00e7\u00e3o e o cuidado de cada um que ajudou a preparar a recep\u00e7\u00e3o para os estudantes e organizar os espa\u00e7os de realiza\u00e7\u00e3o das aulas\u201d, concluiu.<\/p>\n\n\n\n<figure class=\"wp-block-gallery has-nested-images columns-default is-cropped wp-block-gallery-3 is-layout-flex\">\n<figure class=\"wp-block-image size-large\"><a href=\"https:\/\/www.ifbaiano.edu.br\/unidades\/santaines\/files\/2023\/08\/dccc2735-9b54-4fe5-acf2-632166f28d95.jpg\"><img decoding=\"async\" loading=\"lazy\" width=\"768\" height=\"1024\" data-id=\"19412\"  src=\"https:\/\/www.ifbaiano.edu.br\/unidades\/santaines\/files\/2023\/08\/dccc2735-9b54-4fe5-acf2-632166f28d95.jpg\" alt=\"\" class=\"wp-image-19412\" \/><\/a><\/figure>\n\n\n\n<figure class=\"wp-block-image size-large\"><a href=\"https:\/\/www.ifbaiano.edu.br\/unidades\/santaines\/files\/2023\/08\/60a499b6-4c8b-43f5-b9cf-75b1c1c2056b.jpg\"><img decoding=\"async\" loading=\"lazy\" width=\"1024\" height=\"768\" data-id=\"19406\"  src=\"https:\/\/www.ifbaiano.edu.br\/unidades\/santaines\/files\/2023\/08\/60a499b6-4c8b-43f5-b9cf-75b1c1c2056b.jpg\" alt=\"\" class=\"wp-image-19406\" \/><\/a><\/figure>\n\n\n\n<figure class=\"wp-block-image size-large\"><a href=\"https:\/\/www.ifbaiano.edu.br\/unidades\/santaines\/files\/2023\/08\/67ee4579-3f50-412e-8130-c1de3e6fd44f.jpg\"><img decoding=\"async\" loading=\"lazy\" width=\"1024\" height=\"768\" data-id=\"19407\"  src=\"https:\/\/www.ifbaiano.edu.br\/unidades\/santaines\/files\/2023\/08\/67ee4579-3f50-412e-8130-c1de3e6fd44f.jpg\" alt=\"\" class=\"wp-image-19407\" \/><\/a><\/figure>\n\n\n\n<figure class=\"wp-block-image size-large\"><a href=\"https:\/\/www.ifbaiano.edu.br\/unidades\/santaines\/files\/2023\/08\/537e62c8-7047-414f-9354-4a800d8f579f.jpg\"><img decoding=\"async\" loading=\"lazy\" width=\"1024\" height=\"768\" data-id=\"19410\"  src=\"https:\/\/www.ifbaiano.edu.br\/unidades\/santaines\/files\/2023\/08\/537e62c8-7047-414f-9354-4a800d8f579f.jpg\" alt=\"\" class=\"wp-image-19410\" \/><\/a><\/figure>\n\n\n\n<figure class=\"wp-block-image size-large\"><a href=\"https:\/\/www.ifbaiano.edu.br\/unidades\/santaines\/files\/2023\/08\/a1006b1c-3e3a-4207-8787-f0d0502b7b36.jpg\"><img decoding=\"async\" loading=\"lazy\" width=\"1280\" height=\"960\" data-id=\"19416\"  src=\"https:\/\/www.ifbaiano.edu.br\/unidades\/santaines\/files\/2023\/08\/a1006b1c-3e3a-4207-8787-f0d0502b7b36.jpg\" alt=\"\" class=\"wp-image-19416\" \/><\/a><\/figure>\n\n\n\n<figure class=\"wp-block-image size-large\"><a href=\"https:\/\/www.ifbaiano.edu.br\/unidades\/santaines\/files\/2023\/08\/WhatsApp-Image-2023-08-26-at-19.23.11.jpeg\"><img decoding=\"async\" loading=\"lazy\" width=\"768\" height=\"1024\" data-id=\"19420\"  src=\"https:\/\/www.ifbaiano.edu.br\/unidades\/santaines\/files\/2023\/08\/WhatsApp-Image-2023-08-26-at-19.23.11.jpeg\" alt=\"\" class=\"wp-image-19420\" \/><\/a><\/figure>\n\n\n\n<figure class=\"wp-block-image size-large\"><a href=\"https:\/\/www.ifbaiano.edu.br\/unidades\/santaines\/files\/2023\/08\/IMG_3268.jpg\"><img decoding=\"async\" loading=\"lazy\" width=\"6000\" height=\"4000\" data-id=\"19418\"  src=\"https:\/\/www.ifbaiano.edu.br\/unidades\/santaines\/files\/2023\/08\/IMG_3268.jpg\" alt=\"\" class=\"wp-image-19418\" \/><\/a><\/figure>\n\n\n\n<figure class=\"wp-block-image size-large\"><a href=\"https:\/\/www.ifbaiano.edu.br\/unidades\/santaines\/files\/2023\/08\/IMG_3253.jpg\"><img decoding=\"async\" loading=\"lazy\" width=\"6000\" height=\"4000\" data-id=\"19417\"  src=\"https:\/\/www.ifbaiano.edu.br\/unidades\/santaines\/files\/2023\/08\/IMG_3253.jpg\" alt=\"\" class=\"wp-image-19417\" \/><\/a><\/figure>\n<\/figure>\n","protected":false},"excerpt":{"rendered":"<p>Na noite da \u00faltima sexta-feira, 25, o Instituto Federal Baiano (IF Baiano) \u2013 Campus Santa In\u00eas realizou a aula inaugural do curso de P\u00f3s-gradua\u00e7\u00e3o em Desenvolvimento Regional e Meio Ambiente (PGDRMA). A solenidade, que aconteceu no audit\u00f3rio da biblioteca do campus, contou com cerca de 40 participantes e iniciou \u00e0s 19h. A cerim\u00f4nia iniciou com [&hellip;]<\/p>\n","protected":false},"author":86,"featured_media":19422,"comment_status":"closed","ping_status":"closed","sticky":false,"template":"","format":"standard","meta":[],"categories":[4,5,57],"tags":[],"_links":{"self":[{"href":"https:\/\/www.ifbaiano.edu.br\/unidades\/santaines\/wp-json\/wp\/v2\/posts\/19395"}],"collection":[{"href":"https:\/\/www.ifbaiano.edu.br\/unidades\/santaines\/wp-json\/wp\/v2\/posts"}],"about":[{"href":"https:\/\/www.ifbaiano.edu.br\/unidades\/santaines\/wp-json\/wp\/v2\/types\/post"}],"author":[{"embeddable":true,"href":"https:\/\/www.ifbaiano.edu.br\/unidades\/santaines\/wp-json\/wp\/v2\/users\/86"}],"replies":[{"embeddable":true,"href":"https:\/\/www.ifbaiano.edu.br\/unidades\/santaines\/wp-json\/wp\/v2\/comments?post=19395"}],"version-history":[{"count":12,"href":"https:\/\/www.ifbaiano.edu.br\/unidades\/santaines\/wp-json\/wp\/v2\/posts\/19395\/revisions"}],"predecessor-version":[{"id":19432,"href":"https:\/\/www.ifbaiano.edu.br\/unidades\/santaines\/wp-json\/wp\/v2\/posts\/19395\/revisions\/19432"}],"wp:featuredmedia":[{"embeddable":true,"href":"https:\/\/www.ifbaiano.edu.br\/unidades\/santaines\/wp-json\/wp\/v2\/media\/19422"}],"wp:attachment":[{"href":"https:\/\/www.ifbaiano.edu.br\/unidades\/santaines\/wp-json\/wp\/v2\/media?parent=19395"}],"wp:term":[{"taxonomy":"category","embeddable":true,"href":"https:\/\/www.ifbaiano.edu.br\/unidades\/santaines\/wp-json\/wp\/v2\/categories?post=19395"},{"taxonomy":"post_tag","embeddable":true,"href":"https:\/\/www.ifbaiano.edu.br\/unidades\/santaines\/wp-json\/wp\/v2\/tags?post=19395"}],"curies":[{"name":"wp","href":"https:\/\/api.w.org\/{rel}","templated":true}]}}