{"id":1947,"date":"2012-05-24T11:09:06","date_gmt":"2012-05-24T14:09:06","guid":{"rendered":"http:\/\/www.ifbaiano.edu.br\/unidades\/santaines\/?p=1947"},"modified":"2012-05-24T11:09:06","modified_gmt":"2012-05-24T14:09:06","slug":"gems-organiza-comemoracao-do-dia-nacional-de-conservacao-do-solo-em-nosso-campus","status":"publish","type":"post","link":"https:\/\/www.ifbaiano.edu.br\/unidades\/santaines\/gems-organiza-comemoracao-do-dia-nacional-de-conservacao-do-solo-em-nosso-campus\/","title":{"rendered":"GEMS organiza comemora\u00e7\u00e3o do dia Nacional de Conserva\u00e7\u00e3o do Solo, em nosso c\u00e2mpus"},"content":{"rendered":"<p>No dia 05 de junho acontecer\u00e1, por organiza\u00e7\u00e3o do Grupo de Estudo em Manejo e Qualidade do Solo (GEMS), um evento com oficinas e palestras em nosso c\u00e2mpus, em comemora\u00e7\u00e3o ao dia 15 de abril, dia Nacional da Conserva\u00e7\u00e3o do Solo.<\/p>\n<p>Segundo Andr\u00e9 Leonardo, orientador do GEMS, a import\u00e2ncia da data est\u00e1 relacionada \u00e0s discuss\u00f5es que se abrem sobre a polui\u00e7\u00e3o do ar, do solo e da \u00e1gua; desmatamento; diminui\u00e7\u00e3o da biodiversidade e da \u00e1gua pot\u00e1vel ao consumo humano, destrui\u00e7\u00e3o da camada de oz\u00f4nio, destrui\u00e7\u00e3o das esp\u00e9cies vegetais e das florestas, extin\u00e7\u00e3o de animais, dentre outros.<\/p>\n<p>A programa\u00e7\u00e3o est\u00e1 marcada da seguinte forma:<\/p>\n<ol>\n<li>Das 10h00min \u00e0s 10h20min \u2013 Divulga\u00e7\u00e3o do primeiro informativo do GEMS: <strong>O Perfil<\/strong>, e a exibi\u00e7\u00e3o de um longa-metragem produzido pelos componentes do grupo, denominado \u201c<strong>O Vale<\/strong>\u201d.<\/li>\n<li>Das 10h20min \u00e0s 10h40min \u2013Apresenta\u00e7\u00e3o do grupo e palestra do professor convidado: <strong>CARLOS ESTEV\u00c3O CARDOSO<\/strong><\/li>\n<li>Das 10h40min \u00e0s 11h40min &#8211; Experimentos com solos para divulgar propriedades, atributos e import\u00e2ncia do solo para o meio ambiente<\/li>\n<\/ol>\n","protected":false},"excerpt":{"rendered":"<p>No dia 05 de junho acontecer\u00e1, por organiza\u00e7\u00e3o do Grupo de Estudo em Manejo e Qualidade do Solo (GEMS), um evento com oficinas e palestras em nosso c\u00e2mpus, em comemora\u00e7\u00e3o ao dia 15 de abril, dia Nacional da Conserva\u00e7\u00e3o do Solo. Segundo Andr\u00e9 Leonardo, orientador do GEMS, a import\u00e2ncia da data est\u00e1 relacionada \u00e0s discuss\u00f5es [&hellip;]<\/p>\n","protected":false},"author":26,"featured_media":0,"comment_status":"closed","ping_status":"closed","sticky":false,"template":"","format":"standard","meta":[],"categories":[10],"tags":[],"_links":{"self":[{"href":"https:\/\/www.ifbaiano.edu.br\/unidades\/santaines\/wp-json\/wp\/v2\/posts\/1947"}],"collection":[{"href":"https:\/\/www.ifbaiano.edu.br\/unidades\/santaines\/wp-json\/wp\/v2\/posts"}],"about":[{"href":"https:\/\/www.ifbaiano.edu.br\/unidades\/santaines\/wp-json\/wp\/v2\/types\/post"}],"author":[{"embeddable":true,"href":"https:\/\/www.ifbaiano.edu.br\/unidades\/santaines\/wp-json\/wp\/v2\/users\/26"}],"replies":[{"embeddable":true,"href":"https:\/\/www.ifbaiano.edu.br\/unidades\/santaines\/wp-json\/wp\/v2\/comments?post=1947"}],"version-history":[{"count":2,"href":"https:\/\/www.ifbaiano.edu.br\/unidades\/santaines\/wp-json\/wp\/v2\/posts\/1947\/revisions"}],"predecessor-version":[{"id":1951,"href":"https:\/\/www.ifbaiano.edu.br\/unidades\/santaines\/wp-json\/wp\/v2\/posts\/1947\/revisions\/1951"}],"wp:attachment":[{"href":"https:\/\/www.ifbaiano.edu.br\/unidades\/santaines\/wp-json\/wp\/v2\/media?parent=1947"}],"wp:term":[{"taxonomy":"category","embeddable":true,"href":"https:\/\/www.ifbaiano.edu.br\/unidades\/santaines\/wp-json\/wp\/v2\/categories?post=1947"},{"taxonomy":"post_tag","embeddable":true,"href":"https:\/\/www.ifbaiano.edu.br\/unidades\/santaines\/wp-json\/wp\/v2\/tags?post=1947"}],"curies":[{"name":"wp","href":"https:\/\/api.w.org\/{rel}","templated":true}]}}