{"id":19503,"date":"2023-10-03T15:50:00","date_gmt":"2023-10-03T18:50:00","guid":{"rendered":"https:\/\/www.ifbaiano.edu.br\/unidades\/santaines\/?p=19503"},"modified":"2024-03-12T10:02:12","modified_gmt":"2024-03-12T13:02:12","slug":"if-baiano-campus-santa-ines-ja-tem-sua-programacao-para-a-snct-2023","status":"publish","type":"post","link":"https:\/\/www.ifbaiano.edu.br\/unidades\/santaines\/if-baiano-campus-santa-ines-ja-tem-sua-programacao-para-a-snct-2023\/","title":{"rendered":"Confira a programa\u00e7\u00e3o da SNCT 2023 no IF Baiano &#8211; Campus Santa In\u00eas"},"content":{"rendered":"\n<p>A 7\u00aa edi\u00e7\u00e3o da Semana Nacional de Ci\u00eancia e Tecnologia (SNCT) no <em>Campus <\/em>Santa In\u00eas do IF Baiano, acontece no per\u00edodo de 16 a&nbsp;18 de outubro&nbsp;de 2023. &#8220;Estrat\u00e9gias Sustent\u00e1veis de Desenvolvimento&#8221; \u00e9 o tema que ser\u00e1 abordado nessa edi\u00e7\u00e3o. Toda a comunidade est\u00e1 convida a participar do evento que acontecer\u00e1 nos espa\u00e7os internos do campus. Faz parte da programa\u00e7\u00e3o: oficinas, minicursos, palestras, mesa redonda, minicursos\/oficinas, apresenta\u00e7\u00f5es orais e exposi\u00e7\u00e3o em estandes. <\/p>\n\n\n\n<p>A Semana Nacional de Ci\u00eancia e Tecnologia \u2013 SNCT, institu\u00edda pelo <a href=\"http:\/\/www.planalto.gov.br\/ccivil_03\/_ato2004-2006\/2004\/dnn\/dnn10204.htm\">Decreto Presidencial de&nbsp;9 de junho&nbsp;de 2004<\/a> \u00e9 realizada, anualmente, durante o m\u00eas&nbsp;de outubro, sob coordena\u00e7\u00e3o do Minist\u00e9rio da Ci\u00eancia, Tecnologia e Inova\u00e7\u00f5es \u2013 MCTI. Este ano, o evento est\u00e1 em sua 20\u00aa edi\u00e7\u00e3o e tem como tema geral \u201cCi\u00eancias b\u00e1sicas para o desenvolvimento sustent\u00e1vel\u201d. <\/p>\n\n\n\n<p>O evento tem como objetivo pensar conjuntamente sobre sustentabilidade e estimular a livre circula\u00e7\u00e3o do conhecimento cient\u00edfico origin\u00e1rio de estudos e pesquisas acad\u00eamicas e dos saberes e fazeres dos povos e comunidades tradicionais. As inscri\u00e7\u00f5es s\u00e3o gratuitas, realizadas pelo site do evento.<\/p>\n\n\n\n<p>De acordo com a organiza\u00e7\u00e3o do evento, a relev\u00e2ncia desta edi\u00e7\u00e3o da SNCT no campus est\u00e1 em conferir visibilidade e demarcar os feitos cient\u00edficos e saberes das comunidades tradicionais da popula\u00e7\u00e3o que habita o Vale do Jiquiri\u00e7\u00e1, com toda a sua diversidade de fauna, flora, clim\u00e1tica, social,&nbsp; econ\u00f4mica e cultural.<\/p>\n\n\n\n<p><strong>Site<\/strong>:<a href=\"https:\/\/suap.ifbaiano.edu.br\/eventos\/inscricao_publica\/1150\/\">&nbsp;https:\/\/suap.ifbaiano.edu.br\/eventos\/inscricao_publica\/1150\/<\/a><\/p>\n\n\n\n<p><strong>Programa\u00e7\u00e3o do Evento:<\/strong><\/p>\n\n\n\n<p>O per\u00edodo entre os dias 25\/08 e 20\/09 foi aberto para encaminhamento de proposta para apresenta\u00e7\u00e3o de trabalho em estande &#8211; <a href=\"https:\/\/www.ifbaiano.edu.br\/unidades\/santaines\/files\/2023\/09\/PROPOSTA-DE-ESTANDE_SNCT-2023.docx\">Formul\u00e1rio<\/a>; inten\u00e7\u00e3o para oferta de minicurso &#8211; <a href=\"https:\/\/www.ifbaiano.edu.br\/unidades\/santaines\/files\/2023\/09\/PROPOSTA-DE-MINICURSO_SNCT-2023.docx\">Formul\u00e1rio<\/a>; informa\u00e7\u00e3o sobre disponibilidade para atuar como parecerista. A manifesta\u00e7\u00e3o de interesse nas atividades mencionadas foram feitas atrav\u00e9s do preenchimento do formul\u00e1rio da respectiva a\u00e7\u00e3o e encaminhamento do mesmo para o e-mail&nbsp;<a rel=\"noreferrer noopener\" href=\"mailto:snct@si.ifbaiano.edu.br\" target=\"_blank\">snct@si.ifbaiano.edu.br<\/a>. <\/p>\n\n\n\n<p>Entre os dias 25\/08 e 20\/09 aconteceram as submiss\u00f5es de resumos  ( <a href=\"https:\/\/www.ifbaiano.edu.br\/unidades\/santaines\/files\/2023\/09\/PROPOSTA-DE-COMUNICACAO-ORAL-OU-POSTER_SNCT-2023.docx\">Formul\u00e1rio<\/a> e <a href=\"https:\/\/www.ifbaiano.edu.br\/unidades\/santaines\/files\/2023\/09\/Template-Resumo_SNCT-2023.docx\">templete do resumo<\/a>). A partir do dia 18\/09, inscri\u00e7\u00f5es para participa\u00e7\u00e3o nos minicursos\/oficinas.<\/p>\n\n\n\n<p>Os <a rel=\"noreferrer noopener\" href=\"https:\/\/www.ifbaiano.edu.br\/unidades\/santaines\/files\/2023\/10\/Lista-de-resumos-aprovados-na-VII-SNCT-campus-Santa-Ines.pdf\" target=\"_blank\">resumos aprovados na VII S NTC no campus Santa In\u00eas<\/a> foram divulgados no dia 09 de outubro, quando, tamb\u00e9m, foi disponibilizada a <a rel=\"noreferrer noopener\" href=\"https:\/\/www.ifbaiano.edu.br\/unidades\/santaines\/files\/2023\/10\/ARTE_SLIDE.pptx\" target=\"_blank\">arte_para slide_SNTC<\/a>. Os credenciamentos,  momento cultural e mesa de abertura acontece no dia 16 de outubro, no audit\u00f3rio da biblioteca do campus, \u00e0s 19h. No dia 17 de outubro acontecem as Comunica\u00e7\u00f5es Orais, em diferentes espa\u00e7os, conforme previstas na <a href=\"https:\/\/www.ifbaiano.edu.br\/unidades\/santaines\/files\/2023\/10\/Programacao-das-comunicacoes-orais-aprovadas_SNCT_2023_II.pdf\" target=\"_blank\" rel=\"noreferrer noopener\">programa\u00e7\u00e3o<\/a> e tamb\u00e9m os minicursos (<a rel=\"noreferrer noopener\" href=\"https:\/\/www.ifbaiano.edu.br\/unidades\/santaines\/files\/2023\/10\/Programacao-das-comunicacoes-orais.pdf\" target=\"_blank\">ver p<\/a><a rel=\"noreferrer noopener\" href=\"https:\/\/www.ifbaiano.edu.br\/unidades\/santaines\/files\/2023\/10\/Programacao-dos-minicursos.pdf\" target=\"_blank\">rograma\u00e7\u00e3o  dos minicursos<\/a>).<\/p>\n\n\n\n<p>No \u00faltimo dia do evento, 18\/10, quarta-feira, acontece a apresenta\u00e7\u00e3o de estandes e enceramento na quadra poliesportiva do campus, das 8h \u00e0s 11h.<\/p>\n\n\n\n<p>Para outras informa\u00e7\u00f5es, ou em caso de d\u00favidas e encaminhar e-mail para <a href=\"mailto:snct@si.ifbaiano.edu.br\">snct@si.ifbaiano.edu.b<\/a><\/p>\n\n\n\n<hr class=\"wp-block-separator has-alpha-channel-opacity\" \/>\n\n\n\n<p><\/p>\n\n\n\n<p><\/p>\n","protected":false},"excerpt":{"rendered":"<p>A 7\u00aa edi\u00e7\u00e3o da Semana Nacional de Ci\u00eancia e Tecnologia (SNCT) no Campus Santa In\u00eas do IF Baiano, acontece no per\u00edodo de 16 a&nbsp;18 de outubro&nbsp;de 2023. &#8220;Estrat\u00e9gias Sustent\u00e1veis de Desenvolvimento&#8221; \u00e9 o tema que ser\u00e1 abordado nessa edi\u00e7\u00e3o. Toda a comunidade est\u00e1 convida a participar do evento que acontecer\u00e1 nos espa\u00e7os internos do campus. [&hellip;]<\/p>\n","protected":false},"author":86,"featured_media":0,"comment_status":"closed","ping_status":"closed","sticky":false,"template":"","format":"standard","meta":[],"categories":[4,5,23],"tags":[],"_links":{"self":[{"href":"https:\/\/www.ifbaiano.edu.br\/unidades\/santaines\/wp-json\/wp\/v2\/posts\/19503"}],"collection":[{"href":"https:\/\/www.ifbaiano.edu.br\/unidades\/santaines\/wp-json\/wp\/v2\/posts"}],"about":[{"href":"https:\/\/www.ifbaiano.edu.br\/unidades\/santaines\/wp-json\/wp\/v2\/types\/post"}],"author":[{"embeddable":true,"href":"https:\/\/www.ifbaiano.edu.br\/unidades\/santaines\/wp-json\/wp\/v2\/users\/86"}],"replies":[{"embeddable":true,"href":"https:\/\/www.ifbaiano.edu.br\/unidades\/santaines\/wp-json\/wp\/v2\/comments?post=19503"}],"version-history":[{"count":22,"href":"https:\/\/www.ifbaiano.edu.br\/unidades\/santaines\/wp-json\/wp\/v2\/posts\/19503\/revisions"}],"predecessor-version":[{"id":19852,"href":"https:\/\/www.ifbaiano.edu.br\/unidades\/santaines\/wp-json\/wp\/v2\/posts\/19503\/revisions\/19852"}],"wp:attachment":[{"href":"https:\/\/www.ifbaiano.edu.br\/unidades\/santaines\/wp-json\/wp\/v2\/media?parent=19503"}],"wp:term":[{"taxonomy":"category","embeddable":true,"href":"https:\/\/www.ifbaiano.edu.br\/unidades\/santaines\/wp-json\/wp\/v2\/categories?post=19503"},{"taxonomy":"post_tag","embeddable":true,"href":"https:\/\/www.ifbaiano.edu.br\/unidades\/santaines\/wp-json\/wp\/v2\/tags?post=19503"}],"curies":[{"name":"wp","href":"https:\/\/api.w.org\/{rel}","templated":true}]}}