{"id":19545,"date":"2023-09-01T09:19:15","date_gmt":"2023-09-01T12:19:15","guid":{"rendered":"https:\/\/www.ifbaiano.edu.br\/unidades\/santaines\/?p=19545"},"modified":"2023-09-01T09:19:19","modified_gmt":"2023-09-01T12:19:19","slug":"i-feira-nacional-de-bioinovacao-territorios-do-brasil-premia-15-projetos-de-iniciacao-cientifica","status":"publish","type":"post","link":"https:\/\/www.ifbaiano.edu.br\/unidades\/santaines\/i-feira-nacional-de-bioinovacao-territorios-do-brasil-premia-15-projetos-de-iniciacao-cientifica\/","title":{"rendered":"I Feira Nacional de Bioinova\u00e7\u00e3o Territ\u00f3rios do Brasil premia 15 projetos de Inicia\u00e7\u00e3o Cient\u00edfica"},"content":{"rendered":"\n<p>Entre os dias 24 e 26 de agosto, ocorreu a etapa online da I Feira Nacional de Bioinova\u00e7\u00e3o Territ\u00f3rios do Brasil \u2013 FBioT Brasil, que premiou 15 projetos selecionados para receber bolsa de Inicia\u00e7\u00e3o Cient\u00edfica, pelo prazo de 12 meses, pagas pelo Conselho Nacional de Desenvolvimento Cient\u00edfico e Tecnol\u00f3gico (CNPq).<\/p>\n\n\n\n<p>Com uma proposta ousada e inovadora, a FBioT Brasil alcan\u00e7ou todos os estados da federa\u00e7\u00e3o, concentrando em seu banco de dados 143 projetos de Inicia\u00e7\u00e3o Cient\u00edfica.&nbsp; Esses projetos foram selecionados atrav\u00e9s de atividades como a Maratona Territ\u00f3rios do Brasil, que aconteceu em 2021, e da seletiva da FBioT Brasil.&nbsp;<\/p>\n\n\n\n<p>\u201cChegar aos Top15 n\u00e3o foi tarefa f\u00e1cil, pois as ideias inovadoras que estes meninos e meninas do Brasil desenvolveram s\u00e3o ideias que v\u00e3o al\u00e9m da Feira e selecionar 15 em um universo t\u00e3o rico de conhecimento e vontade de transforma\u00e7\u00e3o necessitou crit\u00e9rios mais espec\u00edficos que realmente selecionassem os destaques desta a\u00e7\u00e3o\u201d, explica o professor Ivan Pereira, idealizador do evento. O docente decidiu apostar no trabalho em rede, conectando os coordenadores de feiras nacionais, estaduais e municipais de todo territ\u00f3rio brasileiro, para propor uma a\u00e7\u00e3o integrada, onde todas as feiras dialogassem e constru\u00edssem um canal de intera\u00e7\u00e3o e difus\u00e3o do conhecimento.&nbsp;<\/p>\n\n\n\n<p>\u201cA proposta de conectar as feiras \u00e9 o que norteia o sentido das a\u00e7\u00f5es de populariza\u00e7\u00e3o cient\u00edfica. Conectar a Bahia ao Par\u00e1 e a Santa Catarina, trazer uma feira estadual e conceder a ela a visibilidade de uma feira nacional, \u00e9 destacar o sistema de educa\u00e7\u00e3o como um todo e toda inova\u00e7\u00e3o que circula no pa\u00eds\u201d, disse Caliana Mesquita, presidente do INTBIO, instituto respons\u00e1vel pela organiza\u00e7\u00e3o da FBioT Brasil.<\/p>\n\n\n\n<p>As atividades de populariza\u00e7\u00e3o, realizadas na etapa online da FBioT Brasil, destacaram cinco estados. Rio Grande do Sul (4), Paran\u00e1 ( 1), Goi\u00e1s( 3), Bahia(3) e Pernambuco (4), alcan\u00e7ando a etapa dos Top 15 com projetos de inova\u00e7\u00e3o, mas apenas um de cada estado levantar\u00e1 a bandeira da inova\u00e7\u00e3o em novembro, na terra do cacau e do chocolate. Para votar nos Top 5 basta acessar o site:\u00a0<a href=\"https:\/\/forms.gle\/M3dqjW4LJMnz4TSa6\">VOTA\u00c7\u00c3O TOP 5 FBIOT BRASIL<\/a>.<br><br><a href=\"https:\/\/www.fbiotbrasil.com.br\/site\/\">Neste site<\/a>, \u00e9 poss\u00edvel acompanhar as atualiza\u00e7\u00f5es desta competi\u00e7\u00e3o.<\/p>\n\n\n\n<hr class=\"wp-block-separator has-alpha-channel-opacity\" \/>\n\n\n\n<p><\/p>\n","protected":false},"excerpt":{"rendered":"<p>Entre os dias 24 e 26 de agosto, ocorreu a etapa online da I Feira Nacional de Bioinova\u00e7\u00e3o Territ\u00f3rios do Brasil \u2013 FBioT Brasil, que premiou 15 projetos selecionados para receber bolsa de Inicia\u00e7\u00e3o Cient\u00edfica, pelo prazo de 12 meses, pagas pelo Conselho Nacional de Desenvolvimento Cient\u00edfico e Tecnol\u00f3gico (CNPq). Com uma proposta ousada e [&hellip;]<\/p>\n","protected":false},"author":86,"featured_media":19546,"comment_status":"closed","ping_status":"closed","sticky":false,"template":"","format":"standard","meta":[],"categories":[4,57],"tags":[],"_links":{"self":[{"href":"https:\/\/www.ifbaiano.edu.br\/unidades\/santaines\/wp-json\/wp\/v2\/posts\/19545"}],"collection":[{"href":"https:\/\/www.ifbaiano.edu.br\/unidades\/santaines\/wp-json\/wp\/v2\/posts"}],"about":[{"href":"https:\/\/www.ifbaiano.edu.br\/unidades\/santaines\/wp-json\/wp\/v2\/types\/post"}],"author":[{"embeddable":true,"href":"https:\/\/www.ifbaiano.edu.br\/unidades\/santaines\/wp-json\/wp\/v2\/users\/86"}],"replies":[{"embeddable":true,"href":"https:\/\/www.ifbaiano.edu.br\/unidades\/santaines\/wp-json\/wp\/v2\/comments?post=19545"}],"version-history":[{"count":1,"href":"https:\/\/www.ifbaiano.edu.br\/unidades\/santaines\/wp-json\/wp\/v2\/posts\/19545\/revisions"}],"predecessor-version":[{"id":19547,"href":"https:\/\/www.ifbaiano.edu.br\/unidades\/santaines\/wp-json\/wp\/v2\/posts\/19545\/revisions\/19547"}],"wp:featuredmedia":[{"embeddable":true,"href":"https:\/\/www.ifbaiano.edu.br\/unidades\/santaines\/wp-json\/wp\/v2\/media\/19546"}],"wp:attachment":[{"href":"https:\/\/www.ifbaiano.edu.br\/unidades\/santaines\/wp-json\/wp\/v2\/media?parent=19545"}],"wp:term":[{"taxonomy":"category","embeddable":true,"href":"https:\/\/www.ifbaiano.edu.br\/unidades\/santaines\/wp-json\/wp\/v2\/categories?post=19545"},{"taxonomy":"post_tag","embeddable":true,"href":"https:\/\/www.ifbaiano.edu.br\/unidades\/santaines\/wp-json\/wp\/v2\/tags?post=19545"}],"curies":[{"name":"wp","href":"https:\/\/api.w.org\/{rel}","templated":true}]}}