{"id":19565,"date":"2023-09-01T18:21:26","date_gmt":"2023-09-01T21:21:26","guid":{"rendered":"https:\/\/www.ifbaiano.edu.br\/unidades\/santaines\/?p=19565"},"modified":"2023-09-04T10:40:34","modified_gmt":"2023-09-04T13:40:34","slug":"acao-referente-ao-agosto-lilas-lota-auditorio-do-campus-santa-ines","status":"publish","type":"post","link":"https:\/\/www.ifbaiano.edu.br\/unidades\/santaines\/acao-referente-ao-agosto-lilas-lota-auditorio-do-campus-santa-ines\/","title":{"rendered":"Agosto Lil\u00e1s: Campus Santa In\u00eas faz a\u00e7\u00e3o de conscientiza\u00e7\u00e3o contra a viol\u00eancia dom\u00e9stica"},"content":{"rendered":"\n<div class=\"wp-block-media-text alignwide is-stacked-on-mobile\"><figure class=\"wp-block-media-text__media\"><img decoding=\"async\" loading=\"lazy\" width=\"1280\" height=\"960\" src=\"https:\/\/www.ifbaiano.edu.br\/unidades\/santaines\/files\/2023\/09\/54b6770b-7f91-4f3b-9efc-333bbc7bc87a.jpg\" alt=\"\" class=\"wp-image-19569 size-full\" \/><\/figure><div class=\"wp-block-media-text__content\">\n<p>Na manh\u00e3 do dia 30 de agosto, aconteceu, no audit\u00f3rio do IF Baiano \u2013 Campus Santa In\u00eas, uma a\u00e7\u00e3o referente ao Agosto Lil\u00e1s, m\u00eas dedicado \u00e0 luta contra a viol\u00eancia dom\u00e9stica. A a\u00e7\u00e3o foi promovida pelo GENI (N\u00facleo de Estudos de G\u00eanero e Sexualidade) em parceria com o SINASEFE \u2013 IF Baiano (Sindicato dos servidores do IF Baiano) e contou com a presen\u00e7a de Karla Cajaiba, arte-educadora e coordenadora de Cultura da cidade de Santa In\u00eas \u2013 BA.<\/p>\n<\/div><\/div>\n\n\n\n<p>A arte-educadora realizou uma aula vivencial, onde foram apresentados dados relacionados \u00e0s viol\u00eancias sofridas por mulheres, leis de combate \u00e0 viol\u00eancia e, de maneira interativa e formativa, foram apresentadas express\u00f5es opressoras que comumente s\u00e3o reproduzidas e que refor\u00e7am o machismo e a viol\u00eancia de g\u00eanero na sociedade.<\/p>\n\n\n\n<p>O evento teve ampla participa\u00e7\u00e3o de servidores e discentes do campus. Segundo a professora e coordenadora do GENI do campus, Marilete Previero, foi um momento forte e pedag\u00f3gico. \u201cEssa a\u00e7\u00e3o, promovida para refletir sobre o Agosto Lil\u00e1s deve reverberar durante todo o ano, n\u00e3o s\u00f3 no m\u00eas de agosto, uma vez que, o mundo se mostra extremamente violento para o corpo feminino cisg\u00eanero e transg\u00eanero\u201d, afirma a coordenadora.\u00a0 Ela ainda acrescenta que \u201co Brasil \u00e9 um dos pa\u00edses que mais mata mulheres, os dados se tornam ainda mais alarmantes quando se faz a interseccionalidade com classe e ra\u00e7a\u201d.<\/p>\n\n\n\n<figure class=\"wp-block-gallery has-nested-images columns-default is-cropped wp-block-gallery-1 is-layout-flex\">\n<figure class=\"wp-block-image size-large\"><a href=\"https:\/\/www.ifbaiano.edu.br\/unidades\/santaines\/files\/2023\/09\/d45915fa-5f12-42f9-be3b-f6652f318488.jpg\"><img decoding=\"async\" loading=\"lazy\" width=\"1200\" height=\"1600\" data-id=\"19566\"  src=\"https:\/\/www.ifbaiano.edu.br\/unidades\/santaines\/files\/2023\/09\/d45915fa-5f12-42f9-be3b-f6652f318488.jpg\" alt=\"\" class=\"wp-image-19566\" \/><\/a><\/figure>\n\n\n\n<figure class=\"wp-block-image size-large\"><a href=\"https:\/\/www.ifbaiano.edu.br\/unidades\/santaines\/files\/2023\/09\/0ca3a37c-7735-4fcc-b77d-c553535109d2.jpg\"><img decoding=\"async\" loading=\"lazy\" width=\"1200\" height=\"1600\" data-id=\"19567\"  src=\"https:\/\/www.ifbaiano.edu.br\/unidades\/santaines\/files\/2023\/09\/0ca3a37c-7735-4fcc-b77d-c553535109d2.jpg\" alt=\"\" class=\"wp-image-19567\" \/><\/a><\/figure>\n\n\n\n<figure class=\"wp-block-image size-large\"><a href=\"https:\/\/www.ifbaiano.edu.br\/unidades\/santaines\/files\/2023\/09\/b40019d2-f731-451d-873e-00764216a286.jpg\"><img decoding=\"async\" loading=\"lazy\" width=\"1600\" height=\"719\" data-id=\"19568\"  src=\"https:\/\/www.ifbaiano.edu.br\/unidades\/santaines\/files\/2023\/09\/b40019d2-f731-451d-873e-00764216a286.jpg\" alt=\"\" class=\"wp-image-19568\" \/><\/a><\/figure>\n<\/figure>\n\n\n\n<hr class=\"wp-block-separator has-alpha-channel-opacity\" \/>\n\n\n\n<p><\/p>\n\n\n\n<p><\/p>\n","protected":false},"excerpt":{"rendered":"<p>Na manh\u00e3 do dia 30 de agosto, aconteceu, no audit\u00f3rio do IF Baiano \u2013 Campus Santa In\u00eas, uma a\u00e7\u00e3o referente ao Agosto Lil\u00e1s, m\u00eas dedicado \u00e0 luta contra a viol\u00eancia dom\u00e9stica. A a\u00e7\u00e3o foi promovida pelo GENI (N\u00facleo de Estudos de G\u00eanero e Sexualidade) em parceria com o SINASEFE \u2013 IF Baiano (Sindicato dos servidores [&hellip;]<\/p>\n","protected":false},"author":86,"featured_media":19572,"comment_status":"closed","ping_status":"closed","sticky":false,"template":"","format":"standard","meta":[],"categories":[4,5,57],"tags":[],"_links":{"self":[{"href":"https:\/\/www.ifbaiano.edu.br\/unidades\/santaines\/wp-json\/wp\/v2\/posts\/19565"}],"collection":[{"href":"https:\/\/www.ifbaiano.edu.br\/unidades\/santaines\/wp-json\/wp\/v2\/posts"}],"about":[{"href":"https:\/\/www.ifbaiano.edu.br\/unidades\/santaines\/wp-json\/wp\/v2\/types\/post"}],"author":[{"embeddable":true,"href":"https:\/\/www.ifbaiano.edu.br\/unidades\/santaines\/wp-json\/wp\/v2\/users\/86"}],"replies":[{"embeddable":true,"href":"https:\/\/www.ifbaiano.edu.br\/unidades\/santaines\/wp-json\/wp\/v2\/comments?post=19565"}],"version-history":[{"count":5,"href":"https:\/\/www.ifbaiano.edu.br\/unidades\/santaines\/wp-json\/wp\/v2\/posts\/19565\/revisions"}],"predecessor-version":[{"id":19586,"href":"https:\/\/www.ifbaiano.edu.br\/unidades\/santaines\/wp-json\/wp\/v2\/posts\/19565\/revisions\/19586"}],"wp:featuredmedia":[{"embeddable":true,"href":"https:\/\/www.ifbaiano.edu.br\/unidades\/santaines\/wp-json\/wp\/v2\/media\/19572"}],"wp:attachment":[{"href":"https:\/\/www.ifbaiano.edu.br\/unidades\/santaines\/wp-json\/wp\/v2\/media?parent=19565"}],"wp:term":[{"taxonomy":"category","embeddable":true,"href":"https:\/\/www.ifbaiano.edu.br\/unidades\/santaines\/wp-json\/wp\/v2\/categories?post=19565"},{"taxonomy":"post_tag","embeddable":true,"href":"https:\/\/www.ifbaiano.edu.br\/unidades\/santaines\/wp-json\/wp\/v2\/tags?post=19565"}],"curies":[{"name":"wp","href":"https:\/\/api.w.org\/{rel}","templated":true}]}}