{"id":19587,"date":"2023-09-05T21:03:54","date_gmt":"2023-09-06T00:03:54","guid":{"rendered":"https:\/\/www.ifbaiano.edu.br\/unidades\/santaines\/?p=19587"},"modified":"2023-09-05T21:03:54","modified_gmt":"2023-09-06T00:03:54","slug":"comite-de-etica-em-pesquisa-com-seres-humanos-realiza-selecao-para-membros","status":"publish","type":"post","link":"https:\/\/www.ifbaiano.edu.br\/unidades\/santaines\/comite-de-etica-em-pesquisa-com-seres-humanos-realiza-selecao-para-membros\/","title":{"rendered":"Comit\u00ea de \u00c9tica em Pesquisa com Seres Humanos realiza sele\u00e7\u00e3o para membros"},"content":{"rendered":"\n<p>O IF Baiano est\u00e1 com inscri\u00e7\u00f5es abertas at\u00e9 o dia 12 de setembro para o processo seletivo que visa a recomposi\u00e7\u00e3o do Comit\u00ea de \u00c9tica em Pesquisa com Seres Humanos (CEPSH\/IF Baiano). O&nbsp;<a href=\"https:\/\/concurso.ifbaiano.edu.br\/portal\/selecao-membros-cepsh-agosto-2023\/\">processo seletivo<\/a>&nbsp;tem como objetivo selecionar 10 membros efetivos para compor o CEPSH\/IF Baiano, al\u00e9m de formar um cadastro reserva. As inscri\u00e7\u00f5es s\u00e3o realizadas atrav\u00e9s de preenchimento de formul\u00e1rio digital via SUAP.<\/p>\n\n\n\n<p>O CEPSH\/IF Baiano \u00e9 um \u00f3rg\u00e3o de fundamental import\u00e2ncia no \u00e2mbito da pesquisa que envolve seres humanos, garantindo a integridade e dignidade dos participantes e mantendo os padr\u00f5es \u00e9ticos em tais investiga\u00e7\u00f5es.<\/p>\n\n\n\n<p>O Comit\u00ea atua em conformidade com a Resolu\u00e7\u00e3o N\u00ba 110\/2021 \u2013 OSCONSUP\/IFBAIANO, bem como as Resolu\u00e7\u00f5es n\u00b0 466\/2012 e n\u00b0 510\/2016 do Conselho Nacional de Sa\u00fade\/Minist\u00e9rio da Sa\u00fade (CNS\/MS), e \u00e9 composto por um colegiado interdisciplinar e independente, respons\u00e1vel por avaliar e deliberar sobre quest\u00f5es \u00e9ticas nas pesquisas que envolvem seres humanos.<\/p>\n\n\n\n<p>Os interessados devem ser servidores efetivos do IF Baiano e cumprir os pr\u00e9-requisitos estabelecidos no edital, tais como ter relevante experi\u00eancia em pesquisa com seres humanos, ter curr\u00edculo atualizado nos \u00faltimos 3 meses e disponibilidade de pelo menos 4 horas semanais para se dedicar \u00e0s atividades do comit\u00ea.<\/p>\n\n\n\n<p>A avalia\u00e7\u00e3o dos candidatos ser\u00e1 realizada com base em crit\u00e9rios estabelecidos pelo edital, incluindo a pontua\u00e7\u00e3o no barema de avalia\u00e7\u00e3o. Em caso de empate, ser\u00e1 considerado o candidato que obtiver a maior pontua\u00e7\u00e3o no ponto relacionado \u00e0 pesquisa com seres humanos.<\/p>\n\n\n\n<p>D\u00favidas e questionamentos podem ser encaminhados ao e-mail cepsh@reitoria.ifbaiano.edu.br.<\/p>\n\n\n\n<hr class=\"wp-block-separator has-alpha-channel-opacity\" \/>\n\n\n\n<p><\/p>\n","protected":false},"excerpt":{"rendered":"<p>10 membros efetivos ser\u00e3o selecionados para compor o CEPSH\/IF Baiano<\/p>\n","protected":false},"author":86,"featured_media":19588,"comment_status":"closed","ping_status":"closed","sticky":false,"template":"","format":"standard","meta":[],"categories":[4,57],"tags":[],"_links":{"self":[{"href":"https:\/\/www.ifbaiano.edu.br\/unidades\/santaines\/wp-json\/wp\/v2\/posts\/19587"}],"collection":[{"href":"https:\/\/www.ifbaiano.edu.br\/unidades\/santaines\/wp-json\/wp\/v2\/posts"}],"about":[{"href":"https:\/\/www.ifbaiano.edu.br\/unidades\/santaines\/wp-json\/wp\/v2\/types\/post"}],"author":[{"embeddable":true,"href":"https:\/\/www.ifbaiano.edu.br\/unidades\/santaines\/wp-json\/wp\/v2\/users\/86"}],"replies":[{"embeddable":true,"href":"https:\/\/www.ifbaiano.edu.br\/unidades\/santaines\/wp-json\/wp\/v2\/comments?post=19587"}],"version-history":[{"count":1,"href":"https:\/\/www.ifbaiano.edu.br\/unidades\/santaines\/wp-json\/wp\/v2\/posts\/19587\/revisions"}],"predecessor-version":[{"id":19589,"href":"https:\/\/www.ifbaiano.edu.br\/unidades\/santaines\/wp-json\/wp\/v2\/posts\/19587\/revisions\/19589"}],"wp:featuredmedia":[{"embeddable":true,"href":"https:\/\/www.ifbaiano.edu.br\/unidades\/santaines\/wp-json\/wp\/v2\/media\/19588"}],"wp:attachment":[{"href":"https:\/\/www.ifbaiano.edu.br\/unidades\/santaines\/wp-json\/wp\/v2\/media?parent=19587"}],"wp:term":[{"taxonomy":"category","embeddable":true,"href":"https:\/\/www.ifbaiano.edu.br\/unidades\/santaines\/wp-json\/wp\/v2\/categories?post=19587"},{"taxonomy":"post_tag","embeddable":true,"href":"https:\/\/www.ifbaiano.edu.br\/unidades\/santaines\/wp-json\/wp\/v2\/tags?post=19587"}],"curies":[{"name":"wp","href":"https:\/\/api.w.org\/{rel}","templated":true}]}}