{"id":1959,"date":"2012-05-25T11:18:32","date_gmt":"2012-05-25T14:18:32","guid":{"rendered":"http:\/\/www.ifbaiano.edu.br\/unidades\/santaines\/?p=1959"},"modified":"2012-06-05T14:23:14","modified_gmt":"2012-06-05T17:23:14","slug":"abertas-inscricoes-para-concursos-publicos-em-2012-no-if-baiano","status":"publish","type":"post","link":"https:\/\/www.ifbaiano.edu.br\/unidades\/santaines\/abertas-inscricoes-para-concursos-publicos-em-2012-no-if-baiano\/","title":{"rendered":"Abertas inscri\u00e7\u00f5es para Concursos P\u00fablicos em 2012 no IF Baiano"},"content":{"rendered":"<p style=\"text-align: left\">O Instituto Federal de Educa\u00e7\u00e3o, Ci\u00eancia e Tecnologia Baiano (IF Baiano) abriu diversas vagas nas carreiras docentes e t\u00e9cnico-administrativos.<\/p>\n<p style=\"text-align: left\">A remunera\u00e7\u00e3o varia, na carreira de T\u00e9cnico-administrativo, de R$ 1.473,58 \u00e0 R$ 2.989,33, e na carreira docente vai de R$ 2.215,54 \u00e0 R$ 6.350,77, a depender da carga hor\u00e1ria e de ser em regime de Dedica\u00e7\u00e3o Exclusiva (DE).<\/p>\n<p style=\"text-align: left\">As inscri\u00e7\u00f5es ser\u00e3o realizadas SOMENTE pela internet, nos endere\u00e7os eletr\u00f4nicos <a href=\"http:\/\/www.saber.srv.br\">www.saber.srv.br<\/a> e concursos.ifbaiano.edu.br, a partir das 8 horas de 25 de maio de 2012 at\u00e9 as 23 horas e 59 minutos do dia 11 de junho de 2012 (hor\u00e1rio de Bras\u00edlia).<\/p>\n","protected":false},"excerpt":{"rendered":"<p>O Instituto Federal de Educa\u00e7\u00e3o, Ci\u00eancia e Tecnologia Baiano (IF Baiano) abriu diversas vagas nas carreiras docentes e t\u00e9cnico-administrativos. A remunera\u00e7\u00e3o varia, na carreira de T\u00e9cnico-administrativo, de R$ 1.473,58 \u00e0 R$ 2.989,33, e na carreira docente vai de R$ 2.215,54 \u00e0 R$ 6.350,77, a depender da carga hor\u00e1ria e de ser em regime de Dedica\u00e7\u00e3o [&hellip;]<\/p>\n","protected":false},"author":29,"featured_media":0,"comment_status":"closed","ping_status":"closed","sticky":false,"template":"","format":"standard","meta":[],"categories":[8],"tags":[],"_links":{"self":[{"href":"https:\/\/www.ifbaiano.edu.br\/unidades\/santaines\/wp-json\/wp\/v2\/posts\/1959"}],"collection":[{"href":"https:\/\/www.ifbaiano.edu.br\/unidades\/santaines\/wp-json\/wp\/v2\/posts"}],"about":[{"href":"https:\/\/www.ifbaiano.edu.br\/unidades\/santaines\/wp-json\/wp\/v2\/types\/post"}],"author":[{"embeddable":true,"href":"https:\/\/www.ifbaiano.edu.br\/unidades\/santaines\/wp-json\/wp\/v2\/users\/29"}],"replies":[{"embeddable":true,"href":"https:\/\/www.ifbaiano.edu.br\/unidades\/santaines\/wp-json\/wp\/v2\/comments?post=1959"}],"version-history":[{"count":6,"href":"https:\/\/www.ifbaiano.edu.br\/unidades\/santaines\/wp-json\/wp\/v2\/posts\/1959\/revisions"}],"predecessor-version":[{"id":1963,"href":"https:\/\/www.ifbaiano.edu.br\/unidades\/santaines\/wp-json\/wp\/v2\/posts\/1959\/revisions\/1963"}],"wp:attachment":[{"href":"https:\/\/www.ifbaiano.edu.br\/unidades\/santaines\/wp-json\/wp\/v2\/media?parent=1959"}],"wp:term":[{"taxonomy":"category","embeddable":true,"href":"https:\/\/www.ifbaiano.edu.br\/unidades\/santaines\/wp-json\/wp\/v2\/categories?post=1959"},{"taxonomy":"post_tag","embeddable":true,"href":"https:\/\/www.ifbaiano.edu.br\/unidades\/santaines\/wp-json\/wp\/v2\/tags?post=1959"}],"curies":[{"name":"wp","href":"https:\/\/api.w.org\/{rel}","templated":true}]}}