{"id":19590,"date":"2023-09-06T19:30:23","date_gmt":"2023-09-06T22:30:23","guid":{"rendered":"https:\/\/www.ifbaiano.edu.br\/unidades\/santaines\/?p=19590"},"modified":"2023-09-06T19:30:24","modified_gmt":"2023-09-06T22:30:24","slug":"servidores-do-if-baiano-participam-de-capacitacao-em-siafi","status":"publish","type":"post","link":"https:\/\/www.ifbaiano.edu.br\/unidades\/santaines\/servidores-do-if-baiano-participam-de-capacitacao-em-siafi\/","title":{"rendered":"Servidores do IF Baiano participam de capacita\u00e7\u00e3o em Siafi"},"content":{"rendered":"\n<p>Nesta segunda-feira, 4, teve in\u00edcio o curso\u00a0<em>in company\u00a0<\/em>de Sistema Integrado de Administra\u00e7\u00e3o Financeira (Siafi), destinado aos servidores do Instituto Federal Baiano \u2013 IF Baiano. O evento ocorre no Centro de Refer\u00eancia Dois de Julho, em Salvador, e se estender\u00e1 at\u00e9 o dia 6 de setembro, proporcionando aos participantes uma imers\u00e3o no Siafi, com \u00eanfase em aspectos te\u00f3ricos e pr\u00e1ticos.<\/p>\n\n\n\n<p>O principal objetivo da forma\u00e7\u00e3o \u00e9 apresentar o Sistema Integrado de Administra\u00e7\u00e3o Financeira do Governo Federal (Siafi) de maneira abrangente. Por meio de aulas te\u00f3ricas, que abordar\u00e3o legisla\u00e7\u00e3o e conceitos, e atividades pr\u00e1ticas diretas no Siafi, os servidores ter\u00e3o a oportunidade de aprimorar suas habilidades e conhecimentos em execu\u00e7\u00e3o or\u00e7ament\u00e1ria e financeira. A iniciativa visa, assim, fortalecer as compet\u00eancias dos servidores do IF Baiano nesse aspecto da gest\u00e3o p\u00fablica.<\/p>\n\n\n\n<p>A abertura do curso contou com a presen\u00e7a do reitor A\u00e9cio Jos\u00e9 Duarte, do pr\u00f3-reitor de Planejamento Leonardo Lapa, e do diretor administrativo Jos\u00e9 Virolli. O curso \u00e9 ministrado pelo palestrante Ronaldo Cardoso, que possui ampla experi\u00eancia na \u00e1rea.<\/p>\n\n\n\n<p>Ao final da capacita\u00e7\u00e3o, os servidores estar\u00e3o aptos a:&nbsp;<\/p>\n\n\n\n<ul>\n<li>Compreender a estrutura do or\u00e7amento p\u00fablico e suas formas de apresenta\u00e7\u00e3o.<\/li>\n\n\n\n<li>Conhecer o ciclo or\u00e7ament\u00e1rio e financeiro.<\/li>\n\n\n\n<li>Entender as principais defini\u00e7\u00f5es e classifica\u00e7\u00f5es da receita e despesa p\u00fablicas.<\/li>\n\n\n\n<li>Identificar as etapas da execu\u00e7\u00e3o da despesa e sua caracteriza\u00e7\u00e3o.<\/li>\n\n\n\n<li>Compreender os procedimentos da programa\u00e7\u00e3o financeira.<\/li>\n\n\n\n<li>Diferenciar cr\u00e9dito de recurso e entender os principais conceitos utilizados na execu\u00e7\u00e3o or\u00e7ament\u00e1ria e financeira.<\/li>\n\n\n\n<li>Entender o funcionamento do Subsistema Contas a Pagar e a Receber \u2013 CPR.<\/li>\n\n\n\n<li>Executar o lan\u00e7amento de documentos no CPR e os procedimentos de execu\u00e7\u00e3o da despesa no Siafi.<\/li>\n\n\n\n<li>Executar solicita\u00e7\u00f5es, aprova\u00e7\u00f5es e libera\u00e7\u00f5es de recursos.<\/li>\n\n\n\n<li>Entender as esp\u00e9cies de ordens banc\u00e1rias e efetuar pagamentos no Siafi.<\/li>\n<\/ul>\n\n\n\n<p><strong>P\u00fablico-Alvo<\/strong><\/p>\n\n\n\n<p>O curso \u00e9 destinado a servidores envolvidos nas \u00e1reas de finan\u00e7as, acompanhamento, execu\u00e7\u00e3o e controle dos processos or\u00e7ament\u00e1rios e financeiros do governo federal, al\u00e9m de profissionais de administra\u00e7\u00e3o e gestores p\u00fablicos que precisam praticar o or\u00e7amento e os recursos no Sistema.&nbsp;<\/p>\n\n\n\n<figure class=\"wp-block-gallery has-nested-images columns-default is-cropped wp-block-gallery-1 is-layout-flex\">\n<figure class=\"wp-block-image size-large\"><a href=\"https:\/\/www.ifbaiano.edu.br\/unidades\/santaines\/files\/2023\/09\/WhatsApp-Image-2023-09-04-at-16.32.34.jpeg\"><img decoding=\"async\" loading=\"lazy\" width=\"1600\" height=\"900\" data-id=\"19591\"  src=\"https:\/\/www.ifbaiano.edu.br\/unidades\/santaines\/files\/2023\/09\/WhatsApp-Image-2023-09-04-at-16.32.34.jpeg\" alt=\"\" class=\"wp-image-19591\" \/><\/a><\/figure>\n\n\n\n<figure class=\"wp-block-image size-large\"><a href=\"https:\/\/www.ifbaiano.edu.br\/unidades\/santaines\/files\/2023\/09\/WhatsApp-Image-2023-09-04-at-16.32.35-1.jpeg\"><img decoding=\"async\" loading=\"lazy\" width=\"1600\" height=\"900\" data-id=\"19592\"  src=\"https:\/\/www.ifbaiano.edu.br\/unidades\/santaines\/files\/2023\/09\/WhatsApp-Image-2023-09-04-at-16.32.35-1.jpeg\" alt=\"\" class=\"wp-image-19592\" \/><\/a><\/figure>\n\n\n\n<figure class=\"wp-block-image size-large\"><a href=\"https:\/\/www.ifbaiano.edu.br\/unidades\/santaines\/files\/2023\/09\/WhatsApp-Image-2023-09-04-at-16.32.35-2.jpeg\"><img decoding=\"async\" loading=\"lazy\" width=\"1600\" height=\"900\" data-id=\"19593\"  src=\"https:\/\/www.ifbaiano.edu.br\/unidades\/santaines\/files\/2023\/09\/WhatsApp-Image-2023-09-04-at-16.32.35-2.jpeg\" alt=\"\" class=\"wp-image-19593\" \/><\/a><\/figure>\n<\/figure>\n\n\n\n<hr class=\"wp-block-separator has-alpha-channel-opacity\" \/>\n\n\n\n<p><\/p>\n","protected":false},"excerpt":{"rendered":"<p>Nesta segunda-feira, 4, teve in\u00edcio o curso\u00a0in company\u00a0de Sistema Integrado de Administra\u00e7\u00e3o Financeira (Siafi), destinado aos servidores do Instituto Federal Baiano \u2013 IF Baiano. O evento ocorre no Centro de Refer\u00eancia Dois de Julho, em Salvador, e se estender\u00e1 at\u00e9 o dia 6 de setembro, proporcionando aos participantes uma imers\u00e3o no Siafi, com \u00eanfase em [&hellip;]<\/p>\n","protected":false},"author":86,"featured_media":19593,"comment_status":"closed","ping_status":"closed","sticky":false,"template":"","format":"standard","meta":[],"categories":[4,57],"tags":[],"_links":{"self":[{"href":"https:\/\/www.ifbaiano.edu.br\/unidades\/santaines\/wp-json\/wp\/v2\/posts\/19590"}],"collection":[{"href":"https:\/\/www.ifbaiano.edu.br\/unidades\/santaines\/wp-json\/wp\/v2\/posts"}],"about":[{"href":"https:\/\/www.ifbaiano.edu.br\/unidades\/santaines\/wp-json\/wp\/v2\/types\/post"}],"author":[{"embeddable":true,"href":"https:\/\/www.ifbaiano.edu.br\/unidades\/santaines\/wp-json\/wp\/v2\/users\/86"}],"replies":[{"embeddable":true,"href":"https:\/\/www.ifbaiano.edu.br\/unidades\/santaines\/wp-json\/wp\/v2\/comments?post=19590"}],"version-history":[{"count":1,"href":"https:\/\/www.ifbaiano.edu.br\/unidades\/santaines\/wp-json\/wp\/v2\/posts\/19590\/revisions"}],"predecessor-version":[{"id":19594,"href":"https:\/\/www.ifbaiano.edu.br\/unidades\/santaines\/wp-json\/wp\/v2\/posts\/19590\/revisions\/19594"}],"wp:featuredmedia":[{"embeddable":true,"href":"https:\/\/www.ifbaiano.edu.br\/unidades\/santaines\/wp-json\/wp\/v2\/media\/19593"}],"wp:attachment":[{"href":"https:\/\/www.ifbaiano.edu.br\/unidades\/santaines\/wp-json\/wp\/v2\/media?parent=19590"}],"wp:term":[{"taxonomy":"category","embeddable":true,"href":"https:\/\/www.ifbaiano.edu.br\/unidades\/santaines\/wp-json\/wp\/v2\/categories?post=19590"},{"taxonomy":"post_tag","embeddable":true,"href":"https:\/\/www.ifbaiano.edu.br\/unidades\/santaines\/wp-json\/wp\/v2\/tags?post=19590"}],"curies":[{"name":"wp","href":"https:\/\/api.w.org\/{rel}","templated":true}]}}