{"id":19595,"date":"2023-09-06T21:28:21","date_gmt":"2023-09-07T00:28:21","guid":{"rendered":"https:\/\/www.ifbaiano.edu.br\/unidades\/santaines\/?p=19595"},"modified":"2023-09-06T21:59:21","modified_gmt":"2023-09-07T00:59:21","slug":"treze-trabalhos-de-estudantes-do-campus-santa-ines-serao-apresentados-no-congresso-brasileiro-de-medicina-tropical-em-salvador","status":"publish","type":"post","link":"https:\/\/www.ifbaiano.edu.br\/unidades\/santaines\/treze-trabalhos-de-estudantes-do-campus-santa-ines-serao-apresentados-no-congresso-brasileiro-de-medicina-tropical-em-salvador\/","title":{"rendered":"Treze trabalhos de estudantes do Campus Santa In\u00eas ser\u00e3o apresentados no Congresso Brasileiro de Medicina Tropical, em Salvador"},"content":{"rendered":"\n<p>Exposi\u00e7\u00e3o realizada hoje, 6, durante o intervalo de almo\u00e7o, na \u00e1rea externa do pavilh\u00e3o pedag\u00f3gico do IF baiano &#8211; <em>Campus<\/em> Santa In\u00eas, mostrou, para a comunidade interna, os trabalhos que ser\u00e3o apresentados no <strong><a href=\"https:\/\/medtrop2023.com.br\/\">Congresso Brasileiro de Medicina Tropical<\/a><\/strong>. O evento acontecer\u00e1 na capital baiana, na pr\u00f3xima semana, no per\u00edodo de 10 a 13.<\/p>\n\n\n\n<p>O Congresso Brasileiro de Medicina Tropical est\u00e1 em sua 58\u00aa vers\u00e3o, neste ano de 2023. De acordo com o professor Fred Juli\u00e3o, um dos idealizadores dessa exposi\u00e7\u00e3o, a estimativa de p\u00fablico esperada para esse congresso \u00e9 de tr\u00eas mil pessoas. &#8220;Esses pesquisadores estar\u00e3o discutindo e debatendo assuntos relacionados a problemas de sa\u00fade nos tr\u00f3picos e o IF Baiano \u2013 Campus Santa In\u00eas ocupar\u00e1 o espa\u00e7o de institui\u00e7\u00e3o cient\u00edfica que contribui com a comunidade local onde est\u00e1 inserida\u201d.  Diz o professor.<\/p>\n\n\n\n<p>Estudantes dos diversos n\u00edveis e cursos do campus, colaboradores, servidores, t\u00e9cnico-administrativos e professores, estiveram presentes e prestigiaram as apresenta\u00e7\u00f5es feitas por cada estudante. Ser\u00e3o apresentados, no congresso, treze trabalhos de estudantes dos cursos superiores do campus. Sendo, dez de alunos do curso de Bacharelado em Zootecnia e tr\u00eas de estudantes da Licenciatura em Ci\u00eancias Biol\u00f3gicas. Os trabalhos foram orientados pelos professores do campus, Fred Juli\u00e3o e F\u00e1bio Nunes.<\/p>\n\n\n\n<figure class=\"wp-block-gallery has-nested-images columns-default is-cropped wp-block-gallery-1 is-layout-flex\">\n<figure class=\"wp-block-image size-large\"><a href=\"https:\/\/www.ifbaiano.edu.br\/unidades\/santaines\/files\/2023\/09\/IMG_3363.jpg\"><img decoding=\"async\" loading=\"lazy\" width=\"6000\" height=\"4000\" data-id=\"19600\"  src=\"https:\/\/www.ifbaiano.edu.br\/unidades\/santaines\/files\/2023\/09\/IMG_3363.jpg\" alt=\"\" class=\"wp-image-19600\" \/><\/a><\/figure>\n\n\n\n<figure class=\"wp-block-image size-large\"><a href=\"https:\/\/www.ifbaiano.edu.br\/unidades\/santaines\/files\/2023\/09\/IMG_3357.jpg\"><img decoding=\"async\" loading=\"lazy\" width=\"6000\" height=\"4000\" data-id=\"19599\"  src=\"https:\/\/www.ifbaiano.edu.br\/unidades\/santaines\/files\/2023\/09\/IMG_3357.jpg\" alt=\"\" class=\"wp-image-19599\" \/><\/a><\/figure>\n\n\n\n<figure class=\"wp-block-image size-large\"><a href=\"https:\/\/www.ifbaiano.edu.br\/unidades\/santaines\/files\/2023\/09\/2.jpg\"><img decoding=\"async\" loading=\"lazy\" width=\"6000\" height=\"4000\" data-id=\"19597\"  src=\"https:\/\/www.ifbaiano.edu.br\/unidades\/santaines\/files\/2023\/09\/2.jpg\" alt=\"\" class=\"wp-image-19597\" \/><\/a><\/figure>\n<\/figure>\n\n\n\n<p>O professor Fred Juli\u00e3o destaca que \u00e9 importante divulgar esses trabalhos para todos, pois alguns deles, inclusive, s\u00e3o relatos de casos da comunidade de Santa In\u00eas. Sobre a exposi\u00e7\u00e3o, ele acredita que a oportunidade de os estudantes apresentarem para colegas e servidores do campus, ajuda na apresenta\u00e7\u00e3o, no congresso. \u201cA ideia dessa exposi\u00e7\u00e3o \u00e9 dar visibilidade, \u00e0 comunidade do Campus, dos trabalhos que ser\u00e3o apresentados no congresso e, da mesma forma, fazer com que os estudantes [apresentadores] se sintam mais seguros com as respectivas apresenta\u00e7\u00f5es no evento oficial\u201d,<\/p>\n\n\n\n<p>Segundo o professor Fred Juli\u00e3o os trabalhos realizados t\u00eam coopera\u00e7\u00f5es com a Ag\u00eancia de Defesa Agropecu\u00e1ria do Estado da Bahia (ADAB); Funda\u00e7\u00e3o Osvaldo Cruz, no Instituto Gon\u00e7alo Muniz, a Fiocruz de Salvador; Secretaria Municipal de Sa\u00fade de Santa In\u00eas, bem como, pessoas da comunidade. \u201cQuatro desses trabalhos v\u00eam sendo desenvolvidos com barbeiros, que t\u00eam sido encontrados no munic\u00edpio de Santa In\u00eas. \u00c9 um exemplo de resposta \u00e0 comunidade\u201d. Explica o professor.<\/p>\n\n\n\n<figure class=\"wp-block-gallery has-nested-images columns-default is-cropped wp-block-gallery-3 is-layout-flex\">\n<figure class=\"wp-block-image size-large\"><a href=\"https:\/\/www.ifbaiano.edu.br\/unidades\/santaines\/files\/2023\/09\/IMG_3422.jpg\"><img decoding=\"async\" loading=\"lazy\" width=\"6000\" height=\"4000\" data-id=\"19604\"  src=\"https:\/\/www.ifbaiano.edu.br\/unidades\/santaines\/files\/2023\/09\/IMG_3422.jpg\" alt=\"\" class=\"wp-image-19604\" \/><\/a><\/figure>\n\n\n\n<figure class=\"wp-block-image size-large\"><a href=\"https:\/\/www.ifbaiano.edu.br\/unidades\/santaines\/files\/2023\/09\/IMG_3383.jpg\"><img decoding=\"async\" loading=\"lazy\" width=\"6000\" height=\"4000\" data-id=\"19602\"  src=\"https:\/\/www.ifbaiano.edu.br\/unidades\/santaines\/files\/2023\/09\/IMG_3383.jpg\" alt=\"\" class=\"wp-image-19602\" \/><\/a><\/figure>\n\n\n\n<figure class=\"wp-block-image size-large\"><a href=\"https:\/\/www.ifbaiano.edu.br\/unidades\/santaines\/files\/2023\/09\/IMG_3439.jpg\"><img decoding=\"async\" loading=\"lazy\" width=\"6000\" height=\"4000\" data-id=\"19605\"  src=\"https:\/\/www.ifbaiano.edu.br\/unidades\/santaines\/files\/2023\/09\/IMG_3439.jpg\" alt=\"\" class=\"wp-image-19605\" \/><\/a><\/figure>\n<\/figure>\n\n\n\n<p>Para Kaio Pinheiro, estudante do curso de Bacharelado em Zootecnia, \u201ca exposi\u00e7\u00e3o foi uma \u00f3tima oportunidade para treinamento e aprimoramento de t\u00e9cnicas para apresenta\u00e7\u00e3o, al\u00e9m do amadurecimento dos apresentadores num contexto geral, em prepara\u00e7\u00e3o para um grande congresso de par\u00e2metros nacionais e internacionais\u201d. Ele t\u00eam grandes expectativas para a viagem. \u201cO congresso promete muitos aprendizados e experi\u00eancias que podem auxiliar, n\u00e3o apenas na vida acad\u00eamica, como no mundo de trabalho e vida pessoal\u201d.<\/p>\n\n\n\n<p>As expectativas tamb\u00e9m n\u00e3o s\u00e3o diferentes para Isabelly Braga, aluna do curso de Licenciatura em Ci\u00eancias Biol\u00f3gicas. \u201cMinhas expectativas s\u00e3o as melhores poss\u00edveis, pois vai estar nos auxiliando e fazendo com que aumente os nossos horizontes\u201d.<\/p>\n\n\n\n<p>Para Alec Barreto, estudante do curso de Bacharelado em Zootecnia, a exposi\u00e7\u00e3o de hoje \u201cfoi uma \u00f3tima alternativa para concretizar e assimilar o assunto trabalhado e melhorar a desenvoltura do congressista, assim preparando para a apresenta\u00e7\u00e3o\u201d. Ele diz que espera, com esse congresso, \u201cAbsorver o m\u00e1ximo de conte\u00fado disponibilizado nas palestras que ser\u00e3o ofertadas no decorrer dos dias do evento\u201d.<\/p>\n\n\n\n<figure class=\"wp-block-gallery has-nested-images columns-default is-cropped wp-block-gallery-5 is-layout-flex\">\n<figure class=\"wp-block-image size-large\"><a href=\"https:\/\/www.ifbaiano.edu.br\/unidades\/santaines\/files\/2023\/09\/IMG_3373-2.jpg\"><img decoding=\"async\" loading=\"lazy\" width=\"6000\" height=\"4000\" data-id=\"19630\"  src=\"https:\/\/www.ifbaiano.edu.br\/unidades\/santaines\/files\/2023\/09\/IMG_3373-2.jpg\" alt=\"\" class=\"wp-image-19630\" \/><\/a><\/figure>\n\n\n\n<figure class=\"wp-block-image size-large\"><a href=\"https:\/\/www.ifbaiano.edu.br\/unidades\/santaines\/files\/2023\/09\/IMG_3411.jpg\"><img decoding=\"async\" loading=\"lazy\" width=\"6000\" height=\"4000\" data-id=\"19632\"  src=\"https:\/\/www.ifbaiano.edu.br\/unidades\/santaines\/files\/2023\/09\/IMG_3411.jpg\" alt=\"\" class=\"wp-image-19632\" \/><\/a><\/figure>\n\n\n\n<figure class=\"wp-block-image size-large\"><a href=\"https:\/\/www.ifbaiano.edu.br\/unidades\/santaines\/files\/2023\/09\/IMG_3447-2.jpg\"><img decoding=\"async\" loading=\"lazy\" width=\"6000\" height=\"4000\" data-id=\"19631\"  src=\"https:\/\/www.ifbaiano.edu.br\/unidades\/santaines\/files\/2023\/09\/IMG_3447-2.jpg\" alt=\"\" class=\"wp-image-19631\" \/><\/a><\/figure>\n\n\n\n<figure class=\"wp-block-image size-large\"><a href=\"https:\/\/www.ifbaiano.edu.br\/unidades\/santaines\/files\/2023\/09\/IMG_3399.jpg\"><img decoding=\"async\" loading=\"lazy\" width=\"6000\" height=\"4000\" data-id=\"19629\"  src=\"https:\/\/www.ifbaiano.edu.br\/unidades\/santaines\/files\/2023\/09\/IMG_3399.jpg\" alt=\"\" class=\"wp-image-19629\" \/><\/a><\/figure>\n\n\n\n<figure class=\"wp-block-image size-large\"><a href=\"https:\/\/www.ifbaiano.edu.br\/unidades\/santaines\/files\/2023\/09\/IMG_3439-1.jpg\"><img decoding=\"async\" loading=\"lazy\" width=\"6000\" height=\"4000\" data-id=\"19621\"  src=\"https:\/\/www.ifbaiano.edu.br\/unidades\/santaines\/files\/2023\/09\/IMG_3439-1.jpg\" alt=\"\" class=\"wp-image-19621\" \/><\/a><\/figure>\n\n\n\n<figure class=\"wp-block-image size-large\"><a href=\"https:\/\/www.ifbaiano.edu.br\/unidades\/santaines\/files\/2023\/09\/IMG_3466-1.jpg\"><img decoding=\"async\" loading=\"lazy\" width=\"6000\" height=\"4000\" data-id=\"19624\"  src=\"https:\/\/www.ifbaiano.edu.br\/unidades\/santaines\/files\/2023\/09\/IMG_3466-1.jpg\" alt=\"\" class=\"wp-image-19624\" \/><\/a><\/figure>\n\n\n\n<figure class=\"wp-block-image size-large\"><a href=\"https:\/\/www.ifbaiano.edu.br\/unidades\/santaines\/files\/2023\/09\/IMG_3486.jpg\"><img decoding=\"async\" loading=\"lazy\" width=\"6000\" height=\"4000\" data-id=\"19611\"  src=\"https:\/\/www.ifbaiano.edu.br\/unidades\/santaines\/files\/2023\/09\/IMG_3486.jpg\" alt=\"\" class=\"wp-image-19611\" \/><\/a><\/figure>\n<\/figure>\n\n\n\n<figure class=\"wp-block-gallery has-nested-images columns-default is-cropped wp-block-gallery-7 is-layout-flex\"><\/figure>\n\n\n\n<h3 class=\"wp-block-heading\"><strong>Lista de trabalhos que ser\u00e3o apresentados no congresso Brasileiro de Medicina Tropical e seus respectivos autores (estudantes)<\/strong>:<\/h3>\n\n\n\n<figure class=\"wp-block-table\"><table><tbody><tr><td><strong>Ord.<\/strong><strong><\/strong><\/td><td><strong>Apresentador(a)<\/strong><\/td><td><strong>T\u00edtulo do trabalho<\/strong><strong><\/strong><\/td><\/tr><tr><td>1<\/td><td>Alana Machado Pinto<\/td><td>Primeiro Caso de Leishmaniose Visceral Canina no Munic\u00edpio de Santa In\u00eas-BA<\/td><\/tr><tr><td>2<\/td><td>Bianca Oliveira Nunes<\/td><td>Avers\u00e3o a Gatos por Pessoa com Sequela por Toxoplasmose<\/td><\/tr><tr><td>3<\/td><td>Alec Barreto Pires Diogens<\/td><td>Dispers\u00e3o Geogr\u00e1fica do Vetor da Doen\u00e7a de Chagas<\/td><\/tr><tr><td>4<\/td><td>Carlos Daniel Costa Geller<\/td><td>Larva Migrans Cut\u00e2nea em Santa In\u00eas-BA: o que fazer para evitar?<\/td><\/tr><tr><td>5<\/td><td>Isabelly Luane Souza Braga<\/td><td>Contribui\u00e7\u00e3o Acad\u00eamica na Sa\u00fade P\u00fablica<\/td><\/tr><tr><td>6<\/td><td>Jamile Oliveira de Jesus<\/td><td>Uso de Ivermectina para Tratamento da COVID-19: Relato de Caso<\/td><\/tr><tr><td>7<\/td><td>Juliana Ferreira de Almeida<\/td><td>Em Santa In\u00eas tem Doen\u00e7as de Chagas?<\/td><\/tr><tr><td>8<\/td><td>Kaio Willy Barros Pinheiro<\/td><td>Uso de Fripronil<sup>\u00ae<\/sup> em Ferida de Equino<\/td><\/tr><tr><td>9<\/td><td>Marcelo Felipe Nunes Amaral<\/td><td>Influ\u00eancia da Pluviometria e Saneamento Urbano na Dissemina\u00e7\u00e3o do Zika V\u00edrus em Santa In\u00eas-BA<\/td><\/tr><tr><td>10<\/td><td>Mar\u00edlia Almeida dos Santos<\/td><td>Ocorr\u00eancia de Serpentes e Riscos \u00e0 Comunidade do IF Baiano <em>Campus<\/em> Santa In\u00eas<\/td><\/tr><tr><td>11<\/td><td>Matheus de Almeida Nunes<\/td><td>Cavalgada ou Cavaladas; o que acontece no Vale Jequiri\u00e7\u00e1?<\/td><\/tr><tr><td>12<\/td><td>Rosiane Tet\u00ea Rocha<\/td><td>Riscos de Doen\u00e7as de Chagas em Santa In\u00eas \u2013 BA<\/td><\/tr><tr><td>13<\/td><td>Weslei Vinicius Cezario da Silva<\/td><td>Doen\u00e7a de Chagas: Negligenciada ou Desconhecida?<\/td><\/tr><\/tbody><\/table><\/figure>\n\n\n\n<hr class=\"wp-block-separator has-alpha-channel-opacity\" \/>\n\n\n\n<p><\/p>\n","protected":false},"excerpt":{"rendered":"<p>Exposi\u00e7\u00e3o realizada hoje, 6, durante o intervalo de almo\u00e7o, na \u00e1rea externa do pavilh\u00e3o pedag\u00f3gico do IF baiano &#8211; Campus Santa In\u00eas, mostrou, para a comunidade interna, os trabalhos que ser\u00e3o apresentados no Congresso Brasileiro de Medicina Tropical. O evento acontecer\u00e1 na capital baiana, na pr\u00f3xima semana, no per\u00edodo de 10 a 13. O Congresso [&hellip;]<\/p>\n","protected":false},"author":86,"featured_media":19614,"comment_status":"closed","ping_status":"closed","sticky":false,"template":"","format":"standard","meta":[],"categories":[4,5,57],"tags":[],"_links":{"self":[{"href":"https:\/\/www.ifbaiano.edu.br\/unidades\/santaines\/wp-json\/wp\/v2\/posts\/19595"}],"collection":[{"href":"https:\/\/www.ifbaiano.edu.br\/unidades\/santaines\/wp-json\/wp\/v2\/posts"}],"about":[{"href":"https:\/\/www.ifbaiano.edu.br\/unidades\/santaines\/wp-json\/wp\/v2\/types\/post"}],"author":[{"embeddable":true,"href":"https:\/\/www.ifbaiano.edu.br\/unidades\/santaines\/wp-json\/wp\/v2\/users\/86"}],"replies":[{"embeddable":true,"href":"https:\/\/www.ifbaiano.edu.br\/unidades\/santaines\/wp-json\/wp\/v2\/comments?post=19595"}],"version-history":[{"count":7,"href":"https:\/\/www.ifbaiano.edu.br\/unidades\/santaines\/wp-json\/wp\/v2\/posts\/19595\/revisions"}],"predecessor-version":[{"id":19643,"href":"https:\/\/www.ifbaiano.edu.br\/unidades\/santaines\/wp-json\/wp\/v2\/posts\/19595\/revisions\/19643"}],"wp:featuredmedia":[{"embeddable":true,"href":"https:\/\/www.ifbaiano.edu.br\/unidades\/santaines\/wp-json\/wp\/v2\/media\/19614"}],"wp:attachment":[{"href":"https:\/\/www.ifbaiano.edu.br\/unidades\/santaines\/wp-json\/wp\/v2\/media?parent=19595"}],"wp:term":[{"taxonomy":"category","embeddable":true,"href":"https:\/\/www.ifbaiano.edu.br\/unidades\/santaines\/wp-json\/wp\/v2\/categories?post=19595"},{"taxonomy":"post_tag","embeddable":true,"href":"https:\/\/www.ifbaiano.edu.br\/unidades\/santaines\/wp-json\/wp\/v2\/tags?post=19595"}],"curies":[{"name":"wp","href":"https:\/\/api.w.org\/{rel}","templated":true}]}}