{"id":1967,"date":"2012-05-28T16:55:34","date_gmt":"2012-05-28T19:55:34","guid":{"rendered":"http:\/\/www.ifbaiano.edu.br\/unidades\/santaines\/?p=1967"},"modified":"2012-05-28T16:59:48","modified_gmt":"2012-05-28T19:59:48","slug":"campus-santa-ines-comemora-o-dia-do-egresso-2012","status":"publish","type":"post","link":"https:\/\/www.ifbaiano.edu.br\/unidades\/santaines\/campus-santa-ines-comemora-o-dia-do-egresso-2012\/","title":{"rendered":"Campus Santa In\u00eas comemora o Dia do Egresso 2012"},"content":{"rendered":"<p>Acontecem entre os dias 14 e 15 de julho \u201cO Dia do Egresso\u201d em nosso c\u00e2mpus. O evento est\u00e1 sendo elaborado por uma comiss\u00e3o, presidida pelo professor Everaldo Santos, que logo mais divulgar\u00e1 as atra\u00e7\u00f5es que ser\u00e3o oferecidas nestes dois dias, cujo objetivo \u00e9 acompanhar os formados pelo Campus Santa In\u00eas, inclusive aqueles que passaram por aqui quando ainda era Escola Agrot\u00e9cnica. Este acompanhamento j\u00e1 tem sido realizado, contando agora com a cria\u00e7\u00e3o do sistema de cadastro informatizado, disponibilizado aqui em nosso site, no link: <a href=\"..\/egressos\/\">http:\/\/www.ifbaiano.edu.br\/unidades\/santaines\/egressos\/<\/a><\/p>\n<p>A Dire\u00e7\u00e3o do c\u00e2mpus tem como meta, com este dia, deixar claro que os v\u00ednculos entre o Instituto Federal Baiano e os egressos n\u00e3o foram cortados, e que interessa ainda a continuidade desta rela\u00e7\u00e3o, agora no sentido de parceria.<\/p>\n<p>Confira abaixo o cartaz de divulga\u00e7\u00e3o:<\/p>\n<p><a href=\"http:\/\/www.ifbaiano.edu.br\/unidades\/santaines\/files\/2012\/05\/cartaz1.jpg\"><br \/>\n<\/a><a href=\"http:\/\/www.ifbaiano.edu.br\/unidades\/santaines\/files\/2012\/05\/cartaz2.jpg\"><img decoding=\"async\" loading=\"lazy\" class=\"size-medium wp-image-1971 alignleft\" src=\"http:\/\/www.ifbaiano.edu.br\/unidades\/santaines\/files\/2012\/05\/cartaz2-300x200.jpg\" alt=\"\" width=\"300\" height=\"200\" srcset=\"https:\/\/www.ifbaiano.edu.br\/unidades\/santaines\/files\/2012\/05\/cartaz2-300x200.jpg 300w, https:\/\/www.ifbaiano.edu.br\/unidades\/santaines\/files\/2012\/05\/cartaz2-400x266.jpg 400w, https:\/\/www.ifbaiano.edu.br\/unidades\/santaines\/files\/2012\/05\/cartaz2.jpg 900w\" sizes=\"(max-width: 300px) 100vw, 300px\" \/><\/a><\/p>\n<p><a href=\"http:\/\/www.ifbaiano.edu.br\/unidades\/santaines\/files\/2012\/05\/cartaz.jpg\"><br \/>\n<\/a><\/p>\n","protected":false},"excerpt":{"rendered":"<p>Acontecem entre os dias 14 e 15 de julho \u201cO Dia do Egresso\u201d em nosso c\u00e2mpus. O evento est\u00e1 sendo elaborado por uma comiss\u00e3o, presidida pelo professor Everaldo Santos, que logo mais divulgar\u00e1 as atra\u00e7\u00f5es que ser\u00e3o oferecidas nestes dois dias, cujo objetivo \u00e9 acompanhar os formados pelo Campus Santa In\u00eas, inclusive aqueles que passaram [&hellip;]<\/p>\n","protected":false},"author":26,"featured_media":0,"comment_status":"closed","ping_status":"closed","sticky":false,"template":"","format":"standard","meta":[],"categories":[10],"tags":[],"_links":{"self":[{"href":"https:\/\/www.ifbaiano.edu.br\/unidades\/santaines\/wp-json\/wp\/v2\/posts\/1967"}],"collection":[{"href":"https:\/\/www.ifbaiano.edu.br\/unidades\/santaines\/wp-json\/wp\/v2\/posts"}],"about":[{"href":"https:\/\/www.ifbaiano.edu.br\/unidades\/santaines\/wp-json\/wp\/v2\/types\/post"}],"author":[{"embeddable":true,"href":"https:\/\/www.ifbaiano.edu.br\/unidades\/santaines\/wp-json\/wp\/v2\/users\/26"}],"replies":[{"embeddable":true,"href":"https:\/\/www.ifbaiano.edu.br\/unidades\/santaines\/wp-json\/wp\/v2\/comments?post=1967"}],"version-history":[{"count":3,"href":"https:\/\/www.ifbaiano.edu.br\/unidades\/santaines\/wp-json\/wp\/v2\/posts\/1967\/revisions"}],"predecessor-version":[{"id":1974,"href":"https:\/\/www.ifbaiano.edu.br\/unidades\/santaines\/wp-json\/wp\/v2\/posts\/1967\/revisions\/1974"}],"wp:attachment":[{"href":"https:\/\/www.ifbaiano.edu.br\/unidades\/santaines\/wp-json\/wp\/v2\/media?parent=1967"}],"wp:term":[{"taxonomy":"category","embeddable":true,"href":"https:\/\/www.ifbaiano.edu.br\/unidades\/santaines\/wp-json\/wp\/v2\/categories?post=1967"},{"taxonomy":"post_tag","embeddable":true,"href":"https:\/\/www.ifbaiano.edu.br\/unidades\/santaines\/wp-json\/wp\/v2\/tags?post=1967"}],"curies":[{"name":"wp","href":"https:\/\/api.w.org\/{rel}","templated":true}]}}