{"id":19742,"date":"2023-09-18T06:44:47","date_gmt":"2023-09-18T09:44:47","guid":{"rendered":"https:\/\/www.ifbaiano.edu.br\/unidades\/santaines\/?p=19742"},"modified":"2023-09-18T06:45:55","modified_gmt":"2023-09-18T09:45:55","slug":"campus-santa-ines-divulga-chamada-publica-para-aquisicao-de-alimentos-da-agricultura-familiar-3","status":"publish","type":"post","link":"https:\/\/www.ifbaiano.edu.br\/unidades\/santaines\/campus-santa-ines-divulga-chamada-publica-para-aquisicao-de-alimentos-da-agricultura-familiar-3\/","title":{"rendered":"Chamadas P\u00fablicas para aquisi\u00e7\u00e3o de alimentos da agricultura familiar no Campus Santa In\u00eas"},"content":{"rendered":"\n<p>No IF Baiano &#8211; Campus Santa In\u00eas, dois editais de chamadas p\u00fablicas s\u00e3o publicados para formaliza\u00e7\u00e3o de dispensa de licita\u00e7\u00e3o para aquisi\u00e7\u00e3o de g\u00eaneros aliment\u00edcios da agricultura familiar. Abaixo est\u00e3o detalhadas informa\u00e7\u00f5es de cada edital:<\/p>\n\n\n\n<p>A <strong><a href=\"https:\/\/www.ifbaiano.edu.br\/unidades\/santaines\/files\/2023\/09\/Edital-Chamada-Publica-1-2023-PNAE.pdf\">Chamada P\u00fablica n\u00ba 1\/2023 &#8211; PNAE<\/a><\/strong>, trata da aquisi\u00e7\u00e3o de g\u00eaneros aliment\u00edcios da agricultura familiar para atendimento ao Programa Nacional de Alimenta\u00e7\u00e3o Escolar &#8211; PNAE.<\/p>\n\n\n\n<p>Os interessados na Chamada P\u00fablica 1\/2023 t\u00eam at\u00e9 as 9h (hor\u00e1rio de Bras\u00edlia)\u00a0do dia\u00a009 de outubro de 2023 para envio do envelope contendo os documentos de habilita\u00e7\u00e3o e projeto de venda, na sala do N\u00facleo de Licita\u00e7\u00f5es do IF Baiano \u2013 Campus Santa In\u00eas, localizada no Km 2,5 \u2013 BR 420 \u2013 Rodovia Santa In\u00eas x Ubaira, cidade de Santa In\u00eas \u2013 Bahia, ou pelo e-mail\u00a0compras@si.ifbaiano.edu.br.<\/p>\n\n\n\n<p>Data da sess\u00e3o p\u00fablica e abertura dos envelopes: dia&nbsp;09\/10\/2023&nbsp;\u00e0s 09h (hor\u00e1rio de Bras\u00edlia).<\/p>\n\n\n\n<p>Poder\u00e3o participar desta chamada p\u00fablica os agricultores familiares individuais, os organizados em grupos informais, e os&nbsp;&nbsp;organizados em grupos&nbsp;formais (cooperativas e associa\u00e7\u00f5es).<\/p>\n\n\n\n<p>A <strong><a href=\"https:\/\/www.ifbaiano.edu.br\/unidades\/santaines\/files\/2023\/09\/Edital-Chamada-Publica-2-2023-PAA.pdf\">Chamada P\u00fablica n\u00ba 2\/2023 &#8211; PAA Compra Institucional<\/a><\/strong> tamb\u00e9m trata da aquisi\u00e7\u00e3o de g\u00eaneros aliment\u00edcios da agricultura familiar, por\u00e9m, por meio da modalidade Compra Institucional do Programa de Aquisi\u00e7\u00e3o de Alimentos (PAA).<\/p>\n\n\n\n<p>Interessados na Chamada P\u00fablica 2\/2023 devem enviar o envelope contendo os documentos de habilita\u00e7\u00e3o e proposta de venda at\u00e9 \u00e0s 09h\u00a0(hor\u00e1rio de Bras\u00edlia)\u00a0do dia\u00a016\/10\/2023, na sala do N\u00facleo de Licita\u00e7\u00f5es do IF Baiano \u2013 Campus Santa In\u00eas, localizada no Km 2,5 \u2013 BR 420 \u2013 Rodovia Santa In\u00eas x Uba\u00edra, cidade de Santa In\u00eas \u2013 Bahia, ou pelo e-mail\u00a0compras@si.ifbaiano.edu.br.<\/p>\n\n\n\n<p>Data da sess\u00e3o p\u00fablica e abertura dos envelopes: dia&nbsp;16\/10\/2023&nbsp;\u00e0s 09h (hor\u00e1rio de Bras\u00edlia).<\/p>\n\n\n\n<p>Poder\u00e3o participar desta chamada p\u00fablica os benefici\u00e1rios fornecedores (fornecedores individuais) e as organiza\u00e7\u00f5es fornecedoras\u00a0(cooperativas e associa\u00e7\u00f5es).<\/p>\n\n\n\n<p>Os editais, que se encontram nesta p\u00e1gina, tamb\u00e9m poder\u00e3o ser solicitados pelo\u00a0e-mail\u00a0compras@si.ifbaiano.edu.br,\u00a0ou\u00a0na sala do N\u00facleo de Licita\u00e7\u00f5es do IF Baiano \u2013 Campus Santa In\u00eas, localizada no Km 2,5 \u2013 BR 420 \u2013 Rodovia Santa In\u00eas x Uba\u00edra, cidade de Santa In\u00eas \u2013 Bahia.<\/p>\n\n\n\n<p>\u00c9 imprescind\u00edvel a leitura do edital para confer\u00eancias das informa\u00e7\u00f5es e dos procedimentos de encaminhamento da documenta\u00e7\u00e3o. <\/p>\n\n\n\n<hr class=\"wp-block-separator has-alpha-channel-opacity\" \/>\n","protected":false},"excerpt":{"rendered":"<p>No IF Baiano &#8211; Campus Santa In\u00eas, dois editais de chamadas p\u00fablicas s\u00e3o publicados para formaliza\u00e7\u00e3o de dispensa de licita\u00e7\u00e3o para aquisi\u00e7\u00e3o de g\u00eaneros aliment\u00edcios da agricultura familiar. Abaixo est\u00e3o detalhadas informa\u00e7\u00f5es de cada edital: A Chamada P\u00fablica n\u00ba 1\/2023 &#8211; PNAE, trata da aquisi\u00e7\u00e3o de g\u00eaneros aliment\u00edcios da agricultura familiar para atendimento ao Programa [&hellip;]<\/p>\n","protected":false},"author":86,"featured_media":0,"comment_status":"closed","ping_status":"closed","sticky":false,"template":"","format":"standard","meta":[],"categories":[4,5,57],"tags":[],"_links":{"self":[{"href":"https:\/\/www.ifbaiano.edu.br\/unidades\/santaines\/wp-json\/wp\/v2\/posts\/19742"}],"collection":[{"href":"https:\/\/www.ifbaiano.edu.br\/unidades\/santaines\/wp-json\/wp\/v2\/posts"}],"about":[{"href":"https:\/\/www.ifbaiano.edu.br\/unidades\/santaines\/wp-json\/wp\/v2\/types\/post"}],"author":[{"embeddable":true,"href":"https:\/\/www.ifbaiano.edu.br\/unidades\/santaines\/wp-json\/wp\/v2\/users\/86"}],"replies":[{"embeddable":true,"href":"https:\/\/www.ifbaiano.edu.br\/unidades\/santaines\/wp-json\/wp\/v2\/comments?post=19742"}],"version-history":[{"count":2,"href":"https:\/\/www.ifbaiano.edu.br\/unidades\/santaines\/wp-json\/wp\/v2\/posts\/19742\/revisions"}],"predecessor-version":[{"id":19744,"href":"https:\/\/www.ifbaiano.edu.br\/unidades\/santaines\/wp-json\/wp\/v2\/posts\/19742\/revisions\/19744"}],"wp:attachment":[{"href":"https:\/\/www.ifbaiano.edu.br\/unidades\/santaines\/wp-json\/wp\/v2\/media?parent=19742"}],"wp:term":[{"taxonomy":"category","embeddable":true,"href":"https:\/\/www.ifbaiano.edu.br\/unidades\/santaines\/wp-json\/wp\/v2\/categories?post=19742"},{"taxonomy":"post_tag","embeddable":true,"href":"https:\/\/www.ifbaiano.edu.br\/unidades\/santaines\/wp-json\/wp\/v2\/tags?post=19742"}],"curies":[{"name":"wp","href":"https:\/\/api.w.org\/{rel}","templated":true}]}}