{"id":19784,"date":"2023-09-22T10:26:17","date_gmt":"2023-09-22T13:26:17","guid":{"rendered":"https:\/\/www.ifbaiano.edu.br\/unidades\/santaines\/?p=19784"},"modified":"2023-09-22T10:26:19","modified_gmt":"2023-09-22T13:26:19","slug":"evento-hibrido-reune-arvorecer-negro-seminario-regional-de-lutas-dos-povos-indigenas-e-reneabi","status":"publish","type":"post","link":"https:\/\/www.ifbaiano.edu.br\/unidades\/santaines\/evento-hibrido-reune-arvorecer-negro-seminario-regional-de-lutas-dos-povos-indigenas-e-reneabi\/","title":{"rendered":"Evento h\u00edbrido re\u00fane Arvorecer Negro, Semin\u00e1rio Regional de Lutas dos Povos Ind\u00edgenas e RENEABI"},"content":{"rendered":"\n<figure class=\"wp-block-image\"><a href=\"https:\/\/ifbaiano.edu.br\/portal\/wp-content\/uploads\/2023\/09\/WhatsApp-Image-2023-09-19-at-14.58.07.jpeg\"><img decoding=\"async\" src=\"https:\/\/ifbaiano.edu.br\/portal\/wp-content\/uploads\/2023\/09\/WhatsApp-Image-2023-09-19-at-14.58.07.jpeg\" alt=\"\" class=\"wp-image-28814\" \/><\/a><\/figure>\n\n\n\n<p>A sexta edi\u00e7\u00e3o do Arvorecer Negro \u2013 maior evento de discuss\u00e3o sobre as rela\u00e7\u00f5es \u00e9tnico-raciais do IF Baiano \u2013 este ano se junta a outros dois eventos, o II Semin\u00e1rio Regional de Lutas dos Povos Ind\u00edgenas e o IV Encontro da Rede de NEABIs do IF Baiano (RENEABI).<\/p>\n\n\n\n<p>Promovido pelo N\u00facleo de Estudos Afro-brasileiros e Ind\u00edgenas (NEABI) do Campus Teixeira de Freitas, o evento acontecer\u00e1 de 8 a 10 de novembro, no pr\u00f3prio campus, e conta com a parceria da Universidade do Estado da Bahia (Uneb), Universidade Federal do Sul da Bahia (UFSB) e Instituto Federal da Bahia (IFBA).<\/p>\n\n\n\n<p>As inscri\u00e7\u00f5es est\u00e3o abertas e s\u00e3o gratuitas.<\/p>\n\n\n\n<p>Aos interessados em submeter trabalhos cient\u00edficos, s\u00e3o oferecidas tr\u00eas modalidades: Comunica\u00e7\u00e3o oral, P\u00f4ster e Relato de experi\u00eancia. O prazo para submiss\u00e3o \u00e9 30 de setembro.&nbsp;<a rel=\"noreferrer noopener\" href=\"https:\/\/even3.blob.core.windows.net\/geral\/EDITAL_VIARVORECERNEGRO2023.ecfcd48a00084a4f8529.pdf\" target=\"_blank\">Consulte&nbsp;<\/a>o edital. As informa\u00e7\u00f5es detalhadas est\u00e3o no site do evento. L\u00e1, tamb\u00e9m \u00e9 poss\u00edvel realizar as inscri\u00e7\u00f5es nos minicursos, oficinas e mesas-redondas. Acesse&nbsp;<a href=\"https:\/\/www.even3.com.br\/arvorecernegro2023\/\" target=\"_blank\" rel=\"noreferrer noopener\">aqui<\/a>.<\/p>\n\n\n\n<p>\u201cPara o Semin\u00e1rio, contamos com a participa\u00e7\u00e3o de ind\u00edgenas do povo Patax\u00f3, presentes no territ\u00f3rio do extremo sul da Bahia, bem como representantes de outros povos e etnias em palestras, minicursos e oficinas\u201d, adiantou a coordenadora do NEABI do Campus Teixeira de Freitas, Priscila Ferreira.<\/p>\n\n\n\n<p>\u201cJ\u00e1 o RENEABI visa ao encontro de representantes dos NEABIs de todos os campi do IF Baiano, a fim de que possamos avaliar as atividades executadas e propor novas a\u00e7\u00f5es para a promo\u00e7\u00e3o de uma educa\u00e7\u00e3o antirracista e igualit\u00e1ria\u201d, explicou Priscila. As atividades casam com o VI Arvorecer Negro, que este ano tem como tema as \u201cIntelectualidades Negras e Ind\u00edgenas\u201d.<\/p>\n\n\n\n<p>A coordenadora explica que o objetivo maior \u00e9 reunir servidores, estudantes e terceirizados do IF Baiano, assim como a comunidade acad\u00eamica e externa, promovendo um grande encontro para conhecimento e reconhecimento das intelectualidades negras e ind\u00edgenas.<\/p>\n\n\n\n<p><strong>Sobre o evento<\/strong><\/p>\n\n\n\n<p>A troca de saberes dos povos tradicionais, comunidades quilombolas, estudantes do ensino m\u00e9dio \u00e0 p\u00f3s-gradua\u00e7\u00e3o e pesquisadores de v\u00e1rias institui\u00e7\u00f5es \u00e9 a marca do Arvorecer Negro. Ele tem natureza plural e oportuniza que estudantes dialoguem com pesquisadores de renomadas brasileiras, grupos quilombolas e ind\u00edgenas, principalmente do sul e extremo sul da Bahia.<\/p>\n\n\n\n<p>O Arvorecer Negro mostra que saberes acad\u00eamicos e tradicionais andam de m\u00e3os dadas. Para al\u00e9m de um evento acad\u00eamico, \u00e9 espa\u00e7o de intera\u00e7\u00e3o, debate, constru\u00e7\u00e3o e forma\u00e7\u00e3o entre os diferentes sujeitos e a produ\u00e7\u00e3o de conhecimentos e saberes.<\/p>\n\n\n\n<p><a href=\"https:\/\/www.even3.com.br\/arvorecernegro2023\/\" target=\"_blank\" rel=\"noreferrer noopener\">Fa\u00e7a j\u00e1<\/a>&nbsp;a sua inscri\u00e7\u00e3o.<\/p>\n\n\n\n<figure class=\"wp-block-image\"><a href=\"https:\/\/ifbaiano.edu.br\/portal\/wp-content\/uploads\/2023\/09\/WhatsApp-Image-2023-09-19-at-12.29.00.jpeg\"><img decoding=\"async\" src=\"https:\/\/ifbaiano.edu.br\/portal\/wp-content\/uploads\/2023\/09\/WhatsApp-Image-2023-09-19-at-12.29.00.jpeg\" alt=\"\" class=\"wp-image-28816\" \/><\/a><\/figure>\n\n\n\n<figure class=\"wp-block-image\"><a href=\"https:\/\/ifbaiano.edu.br\/portal\/wp-content\/uploads\/2023\/09\/WhatsApp-Image-2023-09-19-at-12.29.01.jpeg\"><img decoding=\"async\" src=\"https:\/\/ifbaiano.edu.br\/portal\/wp-content\/uploads\/2023\/09\/WhatsApp-Image-2023-09-19-at-12.29.01.jpeg\" alt=\"\" class=\"wp-image-28817\" \/><\/a><\/figure>\n\n\n\n<figure class=\"wp-block-image\"><a href=\"https:\/\/ifbaiano.edu.br\/portal\/wp-content\/uploads\/2023\/09\/WhatsApp-Image-2023-09-19-at-12.29.01-1.jpeg\"><img decoding=\"async\" src=\"https:\/\/ifbaiano.edu.br\/portal\/wp-content\/uploads\/2023\/09\/WhatsApp-Image-2023-09-19-at-12.29.01-1.jpeg\" alt=\"\" class=\"wp-image-28818\" \/><\/a><\/figure>\n\n\n\n<figure class=\"wp-block-image\"><img decoding=\"async\" src=\"https:\/\/ifbaiano.edu.br\/portal\/wp-content\/uploads\/2023\/09\/WhatsApp-Image-2023-09-19-at-12.29.02.jpeg\" alt=\"\" class=\"wp-image-28819\" \/><\/figure>\n\n\n\n<figure class=\"wp-block-image\"><a href=\"https:\/\/ifbaiano.edu.br\/portal\/wp-content\/uploads\/2023\/09\/WhatsApp-Image-2023-09-20-at-18.17.44.jpeg\"><img decoding=\"async\" src=\"https:\/\/ifbaiano.edu.br\/portal\/wp-content\/uploads\/2023\/09\/WhatsApp-Image-2023-09-20-at-18.17.44.jpeg\" alt=\"\" class=\"wp-image-28822\" \/><\/a><\/figure>\n\n\n\n<hr class=\"wp-block-separator has-alpha-channel-opacity\" \/>\n\n\n\n<p><\/p>\n","protected":false},"excerpt":{"rendered":"<p>Est\u00e3o abertas as inscri\u00e7\u00f5es para submiss\u00e3o de trabalhos, participa\u00e7\u00e3o em oficinas, minicursos e mesas redondas<\/p>\n","protected":false},"author":86,"featured_media":19785,"comment_status":"closed","ping_status":"closed","sticky":false,"template":"","format":"standard","meta":[],"categories":[1],"tags":[],"_links":{"self":[{"href":"https:\/\/www.ifbaiano.edu.br\/unidades\/santaines\/wp-json\/wp\/v2\/posts\/19784"}],"collection":[{"href":"https:\/\/www.ifbaiano.edu.br\/unidades\/santaines\/wp-json\/wp\/v2\/posts"}],"about":[{"href":"https:\/\/www.ifbaiano.edu.br\/unidades\/santaines\/wp-json\/wp\/v2\/types\/post"}],"author":[{"embeddable":true,"href":"https:\/\/www.ifbaiano.edu.br\/unidades\/santaines\/wp-json\/wp\/v2\/users\/86"}],"replies":[{"embeddable":true,"href":"https:\/\/www.ifbaiano.edu.br\/unidades\/santaines\/wp-json\/wp\/v2\/comments?post=19784"}],"version-history":[{"count":1,"href":"https:\/\/www.ifbaiano.edu.br\/unidades\/santaines\/wp-json\/wp\/v2\/posts\/19784\/revisions"}],"predecessor-version":[{"id":19786,"href":"https:\/\/www.ifbaiano.edu.br\/unidades\/santaines\/wp-json\/wp\/v2\/posts\/19784\/revisions\/19786"}],"wp:featuredmedia":[{"embeddable":true,"href":"https:\/\/www.ifbaiano.edu.br\/unidades\/santaines\/wp-json\/wp\/v2\/media\/19785"}],"wp:attachment":[{"href":"https:\/\/www.ifbaiano.edu.br\/unidades\/santaines\/wp-json\/wp\/v2\/media?parent=19784"}],"wp:term":[{"taxonomy":"category","embeddable":true,"href":"https:\/\/www.ifbaiano.edu.br\/unidades\/santaines\/wp-json\/wp\/v2\/categories?post=19784"},{"taxonomy":"post_tag","embeddable":true,"href":"https:\/\/www.ifbaiano.edu.br\/unidades\/santaines\/wp-json\/wp\/v2\/tags?post=19784"}],"curies":[{"name":"wp","href":"https:\/\/api.w.org\/{rel}","templated":true}]}}