{"id":19788,"date":"2023-09-25T09:52:18","date_gmt":"2023-09-25T12:52:18","guid":{"rendered":"https:\/\/www.ifbaiano.edu.br\/unidades\/santaines\/?p=19788"},"modified":"2023-10-03T15:37:01","modified_gmt":"2023-10-03T18:37:01","slug":"nucleo-de-estudos-afro-brasileiros-e-indigenas-do-campus-santa-ines-realiza-i-ciclo-de-estudos-2023","status":"publish","type":"post","link":"https:\/\/www.ifbaiano.edu.br\/unidades\/santaines\/nucleo-de-estudos-afro-brasileiros-e-indigenas-do-campus-santa-ines-realiza-i-ciclo-de-estudos-2023\/","title":{"rendered":"N\u00facleo de Estudos Afro-brasileiros e Ind\u00edgenas do Campus Santa In\u00eas realiza I Ciclo de Estudos 2023"},"content":{"rendered":"\n<p>O&nbsp;<strong>NEABI<\/strong>&nbsp;(N\u00facleo de Estudos Afro-brasileiros e Ind\u00edgenas) do&nbsp;<em>Campus<\/em>&nbsp;Santa In\u00eas,&nbsp;inicia na pr\u00f3xima&nbsp;quarta-feira,&nbsp;<strong>dia&nbsp;27 de setembro de 2023<\/strong>, o seu&nbsp;<strong>I Ciclo de Estudos 2023<\/strong>. Esse primeiro encontro acontece na sala 2 do pavilh\u00e3o de aulas do curso T\u00e9cnico em Agropecu\u00e1ria do <em>Campus<\/em>, das 13h30min \u00e0s 15h. O evento \u00e9 aberto e toda a comunidade pode participar.<\/p>\n\n\n\n<p>Esse primeiro encontro ser\u00e1 de discuss\u00e3o em torno da obra&nbsp;<strong>RACISMO ESTRUTURAL<\/strong>, de Silvio Luiz de Almeida &#8211; advogado, fil\u00f3sofo, professor universit\u00e1rio e atual Ministro dos Direitos Humanos e da Cidadania no Brasil &#8211; e ser\u00e1 conduzido pelas professoras do <em>campus&nbsp;<\/em><strong>Fl\u00e1via Souza e Marline Ara\u00fajo<\/strong>, membras do NEABI.<\/p>\n\n\n\n<p>Segundo o professor Elivaldo Souza, secret\u00e1rio do NEABI, esta \u00e9 uma das a\u00e7\u00f5es do n\u00facleo, ap\u00f3s a sua reestrutura\u00e7\u00e3o, visando o amplo estudo e debate de temas ligados \u00e0 quest\u00e3o racial no Brasil, tanto na perspectiva do povo preto, quanto dos povos origin\u00e1rios &#8220;e compreendendo qu\u00e3o importante \u00e9 o letramento racial para que possamos avan\u00e7ar na constru\u00e7\u00e3o de uma sociedade mais justa e igualit\u00e1ria, que respeite a diversidade em seus m\u00faltiplos espectros\u201d. Finaliza Elivaldo.<\/p>\n\n\n\n<hr class=\"wp-block-separator has-alpha-channel-opacity\" \/>\n\n\n\n<figure class=\"wp-block-image\"><img decoding=\"async\" src=\"https:\/\/mail.ifbaiano.edu.br\/service\/home\/~\/?auth=co&amp;loc=pt_BR&amp;id=83785&amp;part=2.2\" alt=\"\" \/><\/figure>\n\n\n\n<hr class=\"wp-block-separator has-alpha-channel-opacity\" \/>\n\n\n\n<p><\/p>\n","protected":false},"excerpt":{"rendered":"<p>O&nbsp;NEABI&nbsp;(N\u00facleo de Estudos Afro-brasileiros e Ind\u00edgenas) do&nbsp;Campus&nbsp;Santa In\u00eas,&nbsp;inicia na pr\u00f3xima&nbsp;quarta-feira,&nbsp;dia&nbsp;27 de setembro de 2023, o seu&nbsp;I Ciclo de Estudos 2023. Esse primeiro encontro acontece na sala 2 do pavilh\u00e3o de aulas do curso T\u00e9cnico em Agropecu\u00e1ria do Campus, das 13h30min \u00e0s 15h. O evento \u00e9 aberto e toda a comunidade pode participar. Esse primeiro encontro [&hellip;]<\/p>\n","protected":false},"author":86,"featured_media":19789,"comment_status":"closed","ping_status":"closed","sticky":false,"template":"","format":"standard","meta":[],"categories":[4,19],"tags":[],"_links":{"self":[{"href":"https:\/\/www.ifbaiano.edu.br\/unidades\/santaines\/wp-json\/wp\/v2\/posts\/19788"}],"collection":[{"href":"https:\/\/www.ifbaiano.edu.br\/unidades\/santaines\/wp-json\/wp\/v2\/posts"}],"about":[{"href":"https:\/\/www.ifbaiano.edu.br\/unidades\/santaines\/wp-json\/wp\/v2\/types\/post"}],"author":[{"embeddable":true,"href":"https:\/\/www.ifbaiano.edu.br\/unidades\/santaines\/wp-json\/wp\/v2\/users\/86"}],"replies":[{"embeddable":true,"href":"https:\/\/www.ifbaiano.edu.br\/unidades\/santaines\/wp-json\/wp\/v2\/comments?post=19788"}],"version-history":[{"count":1,"href":"https:\/\/www.ifbaiano.edu.br\/unidades\/santaines\/wp-json\/wp\/v2\/posts\/19788\/revisions"}],"predecessor-version":[{"id":19790,"href":"https:\/\/www.ifbaiano.edu.br\/unidades\/santaines\/wp-json\/wp\/v2\/posts\/19788\/revisions\/19790"}],"wp:featuredmedia":[{"embeddable":true,"href":"https:\/\/www.ifbaiano.edu.br\/unidades\/santaines\/wp-json\/wp\/v2\/media\/19789"}],"wp:attachment":[{"href":"https:\/\/www.ifbaiano.edu.br\/unidades\/santaines\/wp-json\/wp\/v2\/media?parent=19788"}],"wp:term":[{"taxonomy":"category","embeddable":true,"href":"https:\/\/www.ifbaiano.edu.br\/unidades\/santaines\/wp-json\/wp\/v2\/categories?post=19788"},{"taxonomy":"post_tag","embeddable":true,"href":"https:\/\/www.ifbaiano.edu.br\/unidades\/santaines\/wp-json\/wp\/v2\/tags?post=19788"}],"curies":[{"name":"wp","href":"https:\/\/api.w.org\/{rel}","templated":true}]}}