{"id":19867,"date":"2023-10-19T18:37:52","date_gmt":"2023-10-19T21:37:52","guid":{"rendered":"https:\/\/www.ifbaiano.edu.br\/unidades\/santaines\/?p=19867"},"modified":"2023-10-19T19:11:48","modified_gmt":"2023-10-19T22:11:48","slug":"snct-2023-chega-ao-fim-com-exposicoes-em-estandes-e-premiacoes-de-trabalhos","status":"publish","type":"post","link":"https:\/\/www.ifbaiano.edu.br\/unidades\/santaines\/snct-2023-chega-ao-fim-com-exposicoes-em-estandes-e-premiacoes-de-trabalhos\/","title":{"rendered":"SNCT 2023 chega ao fim com exposi\u00e7\u00f5es em estandes e premia\u00e7\u00f5es de trabalhos"},"content":{"rendered":"\n<div class=\"wp-block-media-text alignwide is-stacked-on-mobile\"><figure class=\"wp-block-media-text__media\"><img decoding=\"async\" loading=\"lazy\" width=\"1600\" height=\"1200\" src=\"https:\/\/www.ifbaiano.edu.br\/unidades\/santaines\/files\/2023\/10\/5.jpg\" alt=\"\" class=\"wp-image-19883 size-full\" \/><\/figure><div class=\"wp-block-media-text__content\">\n<p>O Campus Santa In\u00eas encerrou ontem, 18, as atividades da Semana Nacional de Ci\u00eancia e Tecnologia &#8211; SNCT 2023 que teve in\u00edcio na noite da \u00faltima segunda-feira, 16, no audit\u00f3rio da biblioteca do <em>campus<\/em>. Foram tr\u00eas dias de programa\u00e7\u00e3o e com a participa\u00e7\u00e3o de cerca de 500 participantes da comunidade interna.<\/p>\n<\/div><\/div>\n\n\n\n<p>Logo no primeiro dia, 16, com a casa lotada, a Diretora-Geral, professora Genilda Lima, oficializou a abertura da 7\u00aa edi\u00e7\u00e3o da Semana Nacional de Ci\u00eancia e Tecnologia no <em>campus<\/em> que contou, com apresenta\u00e7\u00f5es culturais: m\u00fasicas (voz e viol\u00e3o) e roda de capoeira as quais foram protagonizadas por estudantes do <em>campus<\/em>. Na oportunidade, uma singela homenagem foi feita ao senhor Mois\u00e9s Lima Alves, funcion\u00e1rio que esteve presente e contribuiu com a institui\u00e7\u00e3o desde o in\u00edcio da sua constru\u00e7\u00e3o e que teve sua vida ceifada, no dia 10 de outubro por uma trag\u00e9dia automobil\u00edstica. Finalizando esse primeiro momento, uma \u201cmesa redonda\u201d composta pela Sra. Damiana Martins dos Santos, Profa. Flora Souza Bacelar (UFBA) e pelo Prof. Lucas da Silva Maia conduzindo uma discuss\u00e3o cuja tem\u00e1tica foi \u201cEstrat\u00e9gias sustent\u00e1veis de desenvolvimento\u201d.<\/p>\n\n\n\n<figure class=\"wp-block-gallery has-nested-images columns-default is-cropped wp-block-gallery-1 is-layout-flex\">\n<figure class=\"wp-block-image size-large\"><a href=\"https:\/\/www.ifbaiano.edu.br\/unidades\/santaines\/files\/2023\/10\/207519d6-9463-47b7-8213-3c70f3288567.jpg\"><img decoding=\"async\" loading=\"lazy\" width=\"1600\" height=\"1200\" data-id=\"19882\"  src=\"https:\/\/www.ifbaiano.edu.br\/unidades\/santaines\/files\/2023\/10\/207519d6-9463-47b7-8213-3c70f3288567.jpg\" alt=\"\" class=\"wp-image-19882\" \/><\/a><\/figure>\n\n\n\n<figure class=\"wp-block-image size-large\"><a href=\"https:\/\/www.ifbaiano.edu.br\/unidades\/santaines\/files\/2023\/10\/3f7189ed-46b0-4160-bc6a-b47cca505289.jpg\"><img decoding=\"async\" loading=\"lazy\" width=\"1600\" height=\"1200\" data-id=\"19881\"  src=\"https:\/\/www.ifbaiano.edu.br\/unidades\/santaines\/files\/2023\/10\/3f7189ed-46b0-4160-bc6a-b47cca505289.jpg\" alt=\"\" class=\"wp-image-19881\" \/><\/a><\/figure>\n\n\n\n<figure class=\"wp-block-image size-large\"><a href=\"https:\/\/www.ifbaiano.edu.br\/unidades\/santaines\/files\/2023\/10\/4.jpg\"><img decoding=\"async\" loading=\"lazy\" width=\"1600\" height=\"1200\" data-id=\"19889\"  src=\"https:\/\/www.ifbaiano.edu.br\/unidades\/santaines\/files\/2023\/10\/4.jpg\" alt=\"\" class=\"wp-image-19889\" \/><\/a><\/figure>\n<\/figure>\n\n\n\n<p>Na ter\u00e7a-feira, 17, muitas atividades aconteceram durante todo o dia e em diferentes espa\u00e7os do <em>campus<\/em>:<\/p>\n\n\n\n<p><strong>27 palestras sobre os mais variados temas como:<\/strong><\/p>\n\n\n\n<p>Nutri\u00e7\u00e3o animal;<\/p>\n\n\n\n<p>&#8211; Ci\u00eancia do solo;- Uso de agrot\u00f3xicos;<\/p>\n\n\n\n<p>&#8211; Projetos de ensino.<\/p>\n\n\n\n<p><strong>14 minicursos e oficinas:<\/strong><\/p>\n\n\n\n<figure class=\"wp-block-gallery has-nested-images columns-default is-cropped wp-block-gallery-3 is-layout-flex\">\n<figure class=\"wp-block-image size-large\"><a href=\"https:\/\/www.ifbaiano.edu.br\/unidades\/santaines\/files\/2023\/10\/132c5f77-dcaf-4c7d-9d5d-61ec93a30a52.jpg\"><img decoding=\"async\" loading=\"lazy\" width=\"1200\" height=\"1600\" data-id=\"19902\"  src=\"https:\/\/www.ifbaiano.edu.br\/unidades\/santaines\/files\/2023\/10\/132c5f77-dcaf-4c7d-9d5d-61ec93a30a52.jpg\" alt=\"\" class=\"wp-image-19902\" \/><\/a><\/figure>\n\n\n\n<figure class=\"wp-block-image size-large\"><a href=\"https:\/\/www.ifbaiano.edu.br\/unidades\/santaines\/files\/2023\/10\/6-1.jpg\"><img decoding=\"async\" loading=\"lazy\" width=\"1024\" height=\"624\" data-id=\"19890\"  src=\"https:\/\/www.ifbaiano.edu.br\/unidades\/santaines\/files\/2023\/10\/6-1.jpg\" alt=\"\" class=\"wp-image-19890\" \/><\/a><\/figure>\n<\/figure>\n\n\n\n<p>&#8211; O Desenvolvimento (In)Sustent\u00e1vel da Produ\u00e7\u00e3o de Alimentos no Brasil;<\/p>\n\n\n\n<p>&nbsp;&#8211; Como Divulgar, atrair e vender usando o Instagram;<\/p>\n\n\n\n<p>&#8211; Introdu\u00e7\u00e3o ao Desenvolvimento de APPs Mobile com React Native;<\/p>\n\n\n\n<p>&#8211; Aprendendo a elaborar mapas no QGIS;<\/p>\n\n\n\n<p>&#8211; Produ\u00e7\u00e3o de sab\u00e3o caseiro: Uma proposta economicamente vi\u00e1vel e ecologicamente amig\u00e1vel;<\/p>\n\n\n\n<p>&#8211; Pensamento Freiriano e a vida sustent\u00e1vel;<\/p>\n\n\n\n<p>&#8211; Introdu\u00e7\u00e3o ao desenvolvimento de APPs Android com MIT1 APP;<\/p>\n\n\n\n<p>&#8211; Transforma\u00e7\u00f5es tecnol\u00f3gicas locais e ensino cr\u00edtico \u2013 Dial\u00f3gico;<\/p>\n\n\n\n<p>&#8211; Oficina de Fuxico: Reconex\u00e3o com uma costura ancestral;<\/p>\n\n\n\n<p>&#8211; Cita\u00e7\u00f5es e refer\u00eancias no estilo ABNT aplicadas a trabalhos acad\u00eamicos;<\/p>\n\n\n\n<p>&#8211; Justi\u00e7a reprodutiva \u2013 direitos sexuais e reprodutivos;<\/p>\n\n\n\n<p>&#8211; IF Mais Empreendedor e o m\u00e9todo de ciclo PDCA para a melhoria de processos e resultados de micro e pequenas empresas;<\/p>\n\n\n\n<p>&#8211; Photoshop para iniciantes;<\/p>\n\n\n\n<p>&#8211; Aproveitamento integral dos alimentos.<\/p>\n\n\n\n<p><strong>27 apresenta\u00e7\u00f5es de trabalhos de estudantes, sendo cinco destes premiados:<\/strong><\/p>\n\n\n\n<figure class=\"wp-block-gallery has-nested-images columns-default is-cropped wp-block-gallery-5 is-layout-flex\">\n<figure class=\"wp-block-image size-large\"><a href=\"https:\/\/www.ifbaiano.edu.br\/unidades\/santaines\/files\/2023\/10\/8d503f50-4937-4ef4-86fe-95ba5c5350d8.jpg\"><img decoding=\"async\" loading=\"lazy\" width=\"1280\" height=\"575\" data-id=\"19906\"  src=\"https:\/\/www.ifbaiano.edu.br\/unidades\/santaines\/files\/2023\/10\/8d503f50-4937-4ef4-86fe-95ba5c5350d8.jpg\" alt=\"\" class=\"wp-image-19906\" \/><\/a><\/figure>\n\n\n\n<figure class=\"wp-block-image size-large\"><a href=\"https:\/\/www.ifbaiano.edu.br\/unidades\/santaines\/files\/2023\/10\/4b1065f4-4f00-4846-9548-5ec1808a1edc.jpg\"><img decoding=\"async\" loading=\"lazy\" width=\"1600\" height=\"1200\" data-id=\"19907\"  src=\"https:\/\/www.ifbaiano.edu.br\/unidades\/santaines\/files\/2023\/10\/4b1065f4-4f00-4846-9548-5ec1808a1edc.jpg\" alt=\"\" class=\"wp-image-19907\" \/><\/a><\/figure>\n\n\n\n<figure class=\"wp-block-image size-large\"><a href=\"https:\/\/www.ifbaiano.edu.br\/unidades\/santaines\/files\/2023\/10\/99b89721-f524-40aa-a26d-6e50c76cae67.jpg\"><img decoding=\"async\" loading=\"lazy\" width=\"1280\" height=\"575\" data-id=\"19904\"  src=\"https:\/\/www.ifbaiano.edu.br\/unidades\/santaines\/files\/2023\/10\/99b89721-f524-40aa-a26d-6e50c76cae67.jpg\" alt=\"\" class=\"wp-image-19904\" \/><\/a><\/figure>\n<\/figure>\n\n\n\n<p>&#8211; M\u00e9todos de obten\u00e7\u00e3o e fertilizantes nanoestruturados a partir do aproveitamento de res\u00edduos agr\u00edcolas;<\/p>\n\n\n\n<p>&#8211; Checksolo: kit port\u00e1til para an\u00e1lise qu\u00edmica do solo;<\/p>\n\n\n\n<p>&#8211; An\u00e1lise da qualidade da \u00e1gua do rio Jiquiri\u00e7\u00e1 da nascente at\u00e9 o mun\u00edcipio de Laje-BA;<\/p>\n\n\n\n<p><strong>&#8211; Geografando os deputados federais baianos que produzem o espa\u00e7o agr\u00e1rio no Brasil &#8211; PREMIADO; <\/strong><strong><\/strong><\/p>\n\n\n\n<p><strong>&#8211; Quest\u00e3o agr\u00e1ria e BNCC: atravessamentos no ensino de geografia escolar &#8211; PREMIADO;<\/strong><strong><\/strong><\/p>\n\n\n\n<p>&#8211; Abordagens do modelo agr\u00edcola dependente de insumos qu\u00edmicos em livros did\u00e1ticos;<\/p>\n\n\n\n<p>&#8211; Influ\u00eancia de diferentes substratos org\u00e2nicos na germina\u00e7\u00e3o de gliric\u00eddia;<\/p>\n\n\n\n<p><strong>&#8211; Impactos causados pelo uso de agrot\u00f3xicos em Itaquara (BA) &#8211; &#8211; PREMIADO; <\/strong><strong><\/strong><\/p>\n\n\n\n<p><strong>&#8211; Gest\u00e3o ambiental municipal: um olhar para o vale do Jiquiri\u00e7\u00e1 \u2013BA &#8211; PREMIADO; <\/strong><strong><\/strong><\/p>\n\n\n\n<p>&#8211; Aplica\u00e7\u00e3o do PDCA na identifica\u00e7\u00e3o de problemas existentes na produ\u00e7\u00e3o de farinha no assentamento S\u00e3o Paulinho;<\/p>\n\n\n\n<p>&#8211; A utiliza\u00e7\u00e3o dos agrot\u00f3xicos e os impactos na sa\u00fade humana;<\/p>\n\n\n\n<p>&#8211; Uma abordagem sobre o uso de agrot\u00f3xicos na produ\u00e7\u00e3o de alimentos no Vale do Jiquiri\u00e7\u00e1;<\/p>\n\n\n\n<p>&#8211; An\u00e1lise do perfil dos discentes do curso de zootecnia no IF Baiano Campus Santa In\u00eas;<\/p>\n\n\n\n<p>&#8211; Avalia\u00e7\u00e3o nutricional da produ\u00e7\u00e3o de ten\u00e9brio molitor:<\/p>\n\n\n\n<p>&#8211; A economia circular alinhada ao mercado pet food;<\/p>\n\n\n\n<p>&#8211; Monitoramento das altera\u00e7\u00f5es fisiol\u00f3gicas de caprinos anglonubiana submetidos a ambientes com incid\u00eancia solar direta e sombreamento;<\/p>\n\n\n\n<p>&#8211; Ocorr\u00eancia de barbeiros no IF Baiano Campus Santa In\u00eas;<\/p>\n\n\n\n<p>&#8211; Potencialidade do uso da farinha de ora pro n\u00f3bis (pereskia aculeata mill) na ra\u00e7\u00e3o de codornas europeias;<\/p>\n\n\n\n<p><strong>&#8211; Potencial bromatol\u00f3gico da jaca (artocarpus heterophyllus lam.) e seus res\u00edduos para alimenta\u00e7\u00e3o alternativa de ruminantes &#8211; PREMIADO;<\/strong><strong><\/strong><\/p>\n\n\n\n<p>&#8211; Compara\u00e7\u00e3o entre a composi\u00e7\u00e3o bromatol\u00f3gica das gram\u00edneas forrageiras de tifton 85 e brachiaria brizantha cultivada na regi\u00e3o semi\u00e1rida da Bahia;<\/p>\n\n\n\n<p>&#8211; Estrat\u00e9gias de ensino de anatomia e fisiologia humana na educa\u00e7\u00e3o de jovens e adultos;<\/p>\n\n\n\n<p>&#8211; Ponto sem retorno: desbravando a era da ebuli\u00e7\u00e3o global;<\/p>\n\n\n\n<p>&#8211; Territorialidade religiosa na comunidade rural do povoado de Lagoa Queimada\/BA;<\/p>\n\n\n\n<p>&#8211; Jogos Educativos: uma proposta para trabalhar Educa\u00e7\u00e3o Ambiental na escola;<\/p>\n\n\n\n<p>&#8211; A import\u00e2ncia da mata ciliar do rio Mucuri no Munic\u00edpio de Uba\u00edra \u2013 BA;<\/p>\n\n\n\n<p>&#8211; O ensino (e aprendizagem) de bot\u00e2nica frente aos atravessamentos da BNCC: possibilidades para os anos finais do ensino fundamental;<\/p>\n\n\n\n<p>&#8211; Influ\u00eancia da agropecu\u00e1ria sobre os par\u00e2metros f\u00edsico-qu\u00edmicos da \u00e1gua do rio Jiquiri\u00e7\u00e1.<\/p>\n\n\n\n<p>Ontem, 18, \u00faltimo dia do evento, houve, na quadra poliesportiva do campus, variadas exposi\u00e7\u00f5es nos estandes, onde foram apresentados trabalhos desenvolvidos no <em>campus<\/em>, nos eixos de Ensino, Pesquisa e Extens\u00e3o:<\/p>\n\n\n\n<p><strong>&#8211; Mostra Parasitol\u00f3gica \u2013<\/strong> com exposi\u00e7\u00e3o de banners com trabalhos de estudantes dos cursos de Bacharelado em Zootecnia e Licenciatura em Ci\u00eancias Biol\u00f3gicas;<\/p>\n\n\n\n<p><strong>&nbsp;&#8211; A educa\u00e7\u00e3o p\u00f3s pandemia e os objetivos de desenvolvimento sustent\u00e1vel para o Brasil<\/strong>, foi o tema apresentado pelo 3\u00ba Ano C do Curso T\u00e9cnico Integrado em Zootecnia;<\/p>\n\n\n\n<p><strong>&#8211;<\/strong> <strong>A\u00e7\u00f5es sustent\u00e1veis desenvolvidas no Centro de Educa\u00e7\u00e3o Ambiental do Campus Santa In\u00eas (CEA)<\/strong>: Reciclagem de papel, reaproveitamento de \u00f3leo de fritura para produ\u00e7\u00e3o de sab\u00e3o artesanal (detergente l\u00edquido), produ\u00e7\u00e3o de mudas e material org\u00e2nico;<\/p>\n\n\n\n<p>&#8211; <strong>N\u00facleo de Estudos de G\u00eanero e Sexualidade (Geni)<\/strong> &#8211; apresentou um estande relacionado as quest\u00f5es da comunidade LGBTQIAPN+ e projeto de extens\u00e3o \u201cMargaridas\u201d, desenvolvido com mulheres do munic\u00edpio de Santa In\u00eas \u2013 BA;<\/p>\n\n\n\n<p>&#8211; <strong>No estande de qu\u00edmica (aliado ao GEQUIM &#8211; Grupo de estudo de qu\u00edmica)<\/strong> foi explicado o objetivo da divulga\u00e7\u00e3o e populariza\u00e7\u00e3o do saber cient\u00edfico e suas ferramentas para essa divulga\u00e7\u00e3o (jogos l\u00fadicos, experimenta\u00e7\u00f5es, feiras).<\/p>\n\n\n\n<p>Para a apresenta\u00e7\u00e3o, os estudantes do estande utilizaram diversas experimenta\u00e7\u00f5es que envolviam gases, explos\u00f5es controladas, processo de combust\u00e3o e outros;<\/p>\n\n\n\n<p>&#8211; <strong>O estande de Zootecnia <\/strong>apresentou o projeto de extens\u00e3o \u201cTour da Zootecnia pelo Vale\u201d, que objetiva divulgar o curso de Bacharelado em Zootecnia atrav\u00e9s de visitas itinerantes em escolas de ensino m\u00e9dio das cidades do Vale de Jiquiri\u00e7\u00e1-BA;<\/p>\n\n\n\n<p>&#8211; <strong>Biodiversidade do Vale, quanto Vale? <\/strong>O termo &#8216;Biodiversidade&#8217; remete \u00e0 uma vasta defini\u00e7\u00e3o, o que o torna poliss\u00eamico. O objetivo do grupo \u00e9 buscar as diversas faces e interfaces das representa\u00e7\u00f5es da Biodiversidade, em um recorte espec\u00edfico, para o Vale do Jiquiri\u00e7\u00e1. Assim, os integrantes do grupo investigaram a tem\u00e1tica no Vale e demonstraram, no estande, representa\u00e7\u00f5es ecol\u00f3gicas e evolutivas (portanto, biol\u00f3gicas);<\/p>\n\n\n\n<p>&#8211; <strong>O estande do Grupo de Estudos em Manejo e Qualidade do Solo &#8211; GEMS<\/strong> apresentou diversos experimentos com solo. Os quais s\u00e3o utilizados para realizar oficinas com professores e estudantes do ensino fundamental nas escolas do Territ\u00f3rio Vale do Jiquiri\u00e7\u00e1;<\/p>\n\n\n\n<p>&#8211; <strong>O estande Ci\u00eancia na Feira<\/strong>, que tem como objetivo a populariza\u00e7\u00e3o cient\u00edfica em espa\u00e7os de feira livre, apresentou experimentos de baixo custo, associando a ci\u00eancia e tecnologia.<\/p>\n\n\n\n<figure class=\"wp-block-gallery has-nested-images columns-default is-cropped wp-block-gallery-7 is-layout-flex\">\n<figure class=\"wp-block-image size-large\"><a href=\"https:\/\/www.ifbaiano.edu.br\/unidades\/santaines\/files\/2023\/10\/284ca9a9-cc35-41fa-beca-06f2bd6d8465.jpg\"><img decoding=\"async\" loading=\"lazy\" width=\"1600\" height=\"1066\" data-id=\"19900\"  src=\"https:\/\/www.ifbaiano.edu.br\/unidades\/santaines\/files\/2023\/10\/284ca9a9-cc35-41fa-beca-06f2bd6d8465.jpg\" alt=\"\" class=\"wp-image-19900\" \/><\/a><\/figure>\n\n\n\n<figure class=\"wp-block-image size-large\"><a href=\"https:\/\/www.ifbaiano.edu.br\/unidades\/santaines\/files\/2023\/10\/2069ae6c-183d-4147-99f3-4c8fe2fae547.jpg\"><img decoding=\"async\" loading=\"lazy\" width=\"1600\" height=\"1066\" data-id=\"19899\"  src=\"https:\/\/www.ifbaiano.edu.br\/unidades\/santaines\/files\/2023\/10\/2069ae6c-183d-4147-99f3-4c8fe2fae547.jpg\" alt=\"\" class=\"wp-image-19899\" \/><\/a><\/figure>\n\n\n\n<figure class=\"wp-block-image size-large\"><a href=\"https:\/\/www.ifbaiano.edu.br\/unidades\/santaines\/files\/2023\/10\/227fd0ae-7387-4bae-9c60-b110880f3cf7.jpg\"><img decoding=\"async\" loading=\"lazy\" width=\"1600\" height=\"1066\" data-id=\"19901\"  src=\"https:\/\/www.ifbaiano.edu.br\/unidades\/santaines\/files\/2023\/10\/227fd0ae-7387-4bae-9c60-b110880f3cf7.jpg\" alt=\"\" class=\"wp-image-19901\" \/><\/a><\/figure>\n\n\n\n<figure class=\"wp-block-image size-large\"><a href=\"https:\/\/www.ifbaiano.edu.br\/unidades\/santaines\/files\/2023\/10\/afe6e732-622e-4fe3-8246-7d0e088e1806.jpg\"><img decoding=\"async\" loading=\"lazy\" width=\"1280\" height=\"960\" data-id=\"19894\"  src=\"https:\/\/www.ifbaiano.edu.br\/unidades\/santaines\/files\/2023\/10\/afe6e732-622e-4fe3-8246-7d0e088e1806.jpg\" alt=\"\" class=\"wp-image-19894\" \/><\/a><\/figure>\n\n\n\n<figure class=\"wp-block-image size-large\"><a href=\"https:\/\/www.ifbaiano.edu.br\/unidades\/santaines\/files\/2023\/10\/91811160-a9e2-42b2-bb1b-5a1edd0a0f7c.jpg\"><img decoding=\"async\" loading=\"lazy\" width=\"1280\" height=\"960\" data-id=\"19895\"  src=\"https:\/\/www.ifbaiano.edu.br\/unidades\/santaines\/files\/2023\/10\/91811160-a9e2-42b2-bb1b-5a1edd0a0f7c.jpg\" alt=\"\" class=\"wp-image-19895\" \/><\/a><\/figure>\n<\/figure>\n\n\n\n<figure class=\"wp-block-gallery has-nested-images columns-default is-cropped wp-block-gallery-9 is-layout-flex\">\n<figure class=\"wp-block-image size-large\"><a href=\"https:\/\/www.ifbaiano.edu.br\/unidades\/santaines\/files\/2023\/10\/128de49d-89bd-4334-9317-38586ac06abe.jpg\"><img decoding=\"async\" loading=\"lazy\" width=\"1280\" height=\"960\" data-id=\"19903\"  src=\"https:\/\/www.ifbaiano.edu.br\/unidades\/santaines\/files\/2023\/10\/128de49d-89bd-4334-9317-38586ac06abe.jpg\" alt=\"\" class=\"wp-image-19903\" \/><\/a><\/figure>\n\n\n\n<figure class=\"wp-block-image size-large\"><a href=\"https:\/\/www.ifbaiano.edu.br\/unidades\/santaines\/files\/2023\/10\/284ca9a9-cc35-41fa-beca-06f2bd6d8465.jpg\"><img decoding=\"async\" loading=\"lazy\" width=\"1600\" height=\"1066\" data-id=\"19900\"  src=\"https:\/\/www.ifbaiano.edu.br\/unidades\/santaines\/files\/2023\/10\/284ca9a9-cc35-41fa-beca-06f2bd6d8465.jpg\" alt=\"\" class=\"wp-image-19900\" \/><\/a><\/figure>\n\n\n\n<figure class=\"wp-block-image size-large\"><a href=\"https:\/\/www.ifbaiano.edu.br\/unidades\/santaines\/files\/2023\/10\/45116fdf-cff9-4112-a50e-f85180f580c9.jpg\"><img decoding=\"async\" loading=\"lazy\" width=\"1200\" height=\"1600\" data-id=\"19898\"  src=\"https:\/\/www.ifbaiano.edu.br\/unidades\/santaines\/files\/2023\/10\/45116fdf-cff9-4112-a50e-f85180f580c9.jpg\" alt=\"\" class=\"wp-image-19898\" \/><\/a><\/figure>\n\n\n\n<figure class=\"wp-block-image size-large\"><a href=\"https:\/\/www.ifbaiano.edu.br\/unidades\/santaines\/files\/2023\/10\/936292a5-4f3e-4da5-bd71-4cb4bb3675f4.jpg\"><img decoding=\"async\" loading=\"lazy\" width=\"1280\" height=\"960\" data-id=\"19896\"  src=\"https:\/\/www.ifbaiano.edu.br\/unidades\/santaines\/files\/2023\/10\/936292a5-4f3e-4da5-bd71-4cb4bb3675f4.jpg\" alt=\"\" class=\"wp-image-19896\" \/><\/a><\/figure>\n\n\n\n<figure class=\"wp-block-image size-large\"><a href=\"https:\/\/www.ifbaiano.edu.br\/unidades\/santaines\/files\/2023\/10\/b9911a03-f388-4d4e-9f78-74756f34f29a.jpg\"><img decoding=\"async\" loading=\"lazy\" width=\"1600\" height=\"1200\" data-id=\"19893\"  src=\"https:\/\/www.ifbaiano.edu.br\/unidades\/santaines\/files\/2023\/10\/b9911a03-f388-4d4e-9f78-74756f34f29a.jpg\" alt=\"\" class=\"wp-image-19893\" \/><\/a><\/figure>\n\n\n\n<figure class=\"wp-block-image size-large\"><a href=\"https:\/\/www.ifbaiano.edu.br\/unidades\/santaines\/files\/2023\/10\/3.jpg\"><img decoding=\"async\" loading=\"lazy\" width=\"1280\" height=\"960\" data-id=\"19888\"  src=\"https:\/\/www.ifbaiano.edu.br\/unidades\/santaines\/files\/2023\/10\/3.jpg\" alt=\"\" class=\"wp-image-19888\" \/><\/a><\/figure>\n\n\n\n<figure class=\"wp-block-image size-large\"><a href=\"https:\/\/www.ifbaiano.edu.br\/unidades\/santaines\/files\/2023\/10\/09cdab6b-bc7b-4ef2-b9f1-bfbb67a69edf.jpg\"><img decoding=\"async\" loading=\"lazy\" width=\"1600\" height=\"1066\" data-id=\"19905\"  src=\"https:\/\/www.ifbaiano.edu.br\/unidades\/santaines\/files\/2023\/10\/09cdab6b-bc7b-4ef2-b9f1-bfbb67a69edf.jpg\" alt=\"\" class=\"wp-image-19905\" \/><\/a><\/figure>\n<\/figure>\n\n\n\n<p>A finaliza\u00e7\u00e3o do evento se deu com a premia\u00e7\u00e3o dos trabalhos apresentados e agradecimento da comiss\u00e3o pela participa\u00e7\u00e3o e colabora\u00e7\u00e3o de todos(as).<\/p>\n","protected":false},"excerpt":{"rendered":"<p>O Campus Santa In\u00eas encerrou ontem, 18, as atividades da Semana Nacional de Ci\u00eancia e Tecnologia &#8211; SNCT 2023 que teve in\u00edcio na noite da \u00faltima segunda-feira, 16, no audit\u00f3rio da biblioteca do campus. Foram tr\u00eas dias de programa\u00e7\u00e3o e com a participa\u00e7\u00e3o de cerca de 500 participantes da comunidade interna. Logo no primeiro dia, [&hellip;]<\/p>\n","protected":false},"author":86,"featured_media":19872,"comment_status":"closed","ping_status":"closed","sticky":false,"template":"","format":"standard","meta":[],"categories":[4,5,57],"tags":[],"_links":{"self":[{"href":"https:\/\/www.ifbaiano.edu.br\/unidades\/santaines\/wp-json\/wp\/v2\/posts\/19867"}],"collection":[{"href":"https:\/\/www.ifbaiano.edu.br\/unidades\/santaines\/wp-json\/wp\/v2\/posts"}],"about":[{"href":"https:\/\/www.ifbaiano.edu.br\/unidades\/santaines\/wp-json\/wp\/v2\/types\/post"}],"author":[{"embeddable":true,"href":"https:\/\/www.ifbaiano.edu.br\/unidades\/santaines\/wp-json\/wp\/v2\/users\/86"}],"replies":[{"embeddable":true,"href":"https:\/\/www.ifbaiano.edu.br\/unidades\/santaines\/wp-json\/wp\/v2\/comments?post=19867"}],"version-history":[{"count":3,"href":"https:\/\/www.ifbaiano.edu.br\/unidades\/santaines\/wp-json\/wp\/v2\/posts\/19867\/revisions"}],"predecessor-version":[{"id":19939,"href":"https:\/\/www.ifbaiano.edu.br\/unidades\/santaines\/wp-json\/wp\/v2\/posts\/19867\/revisions\/19939"}],"wp:featuredmedia":[{"embeddable":true,"href":"https:\/\/www.ifbaiano.edu.br\/unidades\/santaines\/wp-json\/wp\/v2\/media\/19872"}],"wp:attachment":[{"href":"https:\/\/www.ifbaiano.edu.br\/unidades\/santaines\/wp-json\/wp\/v2\/media?parent=19867"}],"wp:term":[{"taxonomy":"category","embeddable":true,"href":"https:\/\/www.ifbaiano.edu.br\/unidades\/santaines\/wp-json\/wp\/v2\/categories?post=19867"},{"taxonomy":"post_tag","embeddable":true,"href":"https:\/\/www.ifbaiano.edu.br\/unidades\/santaines\/wp-json\/wp\/v2\/tags?post=19867"}],"curies":[{"name":"wp","href":"https:\/\/api.w.org\/{rel}","templated":true}]}}