{"id":20079,"date":"2023-10-31T12:04:19","date_gmt":"2023-10-31T15:04:19","guid":{"rendered":"https:\/\/www.ifbaiano.edu.br\/unidades\/santaines\/?p=20079"},"modified":"2023-10-31T12:04:20","modified_gmt":"2023-10-31T15:04:20","slug":"if-baiano-marca-presenca-na-festa-literaria-de-cachoeira-2023","status":"publish","type":"post","link":"https:\/\/www.ifbaiano.edu.br\/unidades\/santaines\/if-baiano-marca-presenca-na-festa-literaria-de-cachoeira-2023\/","title":{"rendered":"IF Baiano marca presen\u00e7a na Festa Liter\u00e1ria de Cachoeira 2023"},"content":{"rendered":"\n<p>A Editora do IF Baiano ainda nem nasceu e j\u00e1 \u00e9 esperada e divulgada em eventos liter\u00e1rios. Entre os dias 26 e 28 de outubro, o IF Baiano esteve na Festa Liter\u00e1ria de Cachoeira 2023, realizando palestras, expondo livros de autores da institui\u00e7\u00e3o e v\u00eddeos sobre o IF Baiano, al\u00e9m de divulgar a editora que est\u00e1 em vias de implanta\u00e7\u00e3o.<\/p>\n\n\n\n<p>A participa\u00e7\u00e3o do IF Baiano na Flica aconteceu no Plen\u00e1rio da C\u00e2mara Municipal de Cachoeira e recebeu estudantes, professores e o p\u00fablico geral da Festa.&nbsp; As palestras abordaram o tema \u201cBiblioteca P\u00fablica do Estado da Bahia 212 anos: Passado, presente e o futuro\u201d, ministrada pelo palestrante Josuel Ferreira dos Santos, servidor da Pr\u00f3-reitoria de Pesquisa e Inova\u00e7\u00e3o, que trabalha na implementa\u00e7\u00e3o da Editora do IF Baiano, e&nbsp; \u201cLiteraturas Locais e forma\u00e7\u00e3o do Leitor Liter\u00e1rio: Raz\u00f5es e desafios\u201d, ministrada pelo professor Gilson Antunes, do campus Valen\u00e7a.<\/p>\n\n\n\n<p>Ao discutir as literaturas locais e a forma\u00e7\u00e3o do leitor liter\u00e1rio, Gilson questionou o p\u00fablico sobre qual obra liter\u00e1ria chacoalhou sua vida, enquanto sujeito e falou sobre o quanto a literatura marca vidas. Para ele, a forma\u00e7\u00e3o do leitor passa por fazer da pr\u00e1tica liter\u00e1ria uma desconstru\u00e7\u00e3o. \u201cO papel da escola \u00e9 formar o leitor, mas o leitor emancipado, aquele que l\u00ea com profici\u00eancia, com maturidade, a escola proporciona o letramento liter\u00e1rio\u201d, afirma o docente. Ele defende que a leitura liter\u00e1ria \u00e9 um direito fundamental que n\u00e3o pode ser negado.&nbsp;<\/p>\n\n\n\n<figure class=\"wp-block-image\"><img decoding=\"async\" src=\"https:\/\/ifbaiano.edu.br\/portal\/wp-content\/uploads\/2023\/10\/WhatsApp-Image-2023-10-27-at-16.17.34.jpeg\" alt=\"\" class=\"wp-image-29507\" \/><\/figure>\n\n\n\n<p>Na plateia, havia escritores de diferentes cidades que discutiram a valoriza\u00e7\u00e3o da literatura local e at\u00e9 fizeram leituras e recitais de seus pr\u00f3prios textos. Desses escritores, duas s\u00e3o alunas do ensino m\u00e9dio, uma do IF Baiano e uma do Col\u00e9gio Estadual Martinho Salles de S\u00e3o Francisco do Conde.&nbsp;<\/p>\n\n\n\n<p>O pr\u00f3-reitor de Pesquisa e Inova\u00e7\u00e3o, Rafael Oliva Trocoli, e o coordenador geral de Qualifica\u00e7\u00e3o Profissional do Instituto, Lu\u00eds Gomes, estiveram presentes na abertura da palestra do dia 27. De acordo com o pr\u00f3-reitor de Pesquisa, a editora do IF Baiano surgiu com a finalidade de acolher as obras cient\u00edficas e liter\u00e1rias de autoria da sua comunidade acad\u00eamica. \u201cDesse modo, a editora do IF Baiano atender\u00e1 uma demanda reprimida, a qual tanto necessita de acolhimento no nosso Instituto. A estimativa \u00e9 para publica\u00e7\u00e3o do primeiro edital da Editora, ainda em 2023\u201d, conta Rafael\u201d. A editora acolher\u00e1 publica\u00e7\u00f5es did\u00e1ticas, liter\u00e1rias, s\u00e9ries tem\u00e1ticas e por \u00e1rea de conhecimento CAPES.<\/p>\n\n\n\n<p>Para Lu\u00eds Gomes, a participa\u00e7\u00e3o do IF Baiano, enquanto editora, nesses eventos \u00e9 de fundamental import\u00e2ncia, tanto por divulgar os nossos escritores, quanto por atrair novos autores para a editora. \u201cEsse evento \u00e9 um dos mais importantes da Bahia para o mercado editorial e est\u00e1 tendo um crescimento na visibilidade nacional tamb\u00e9m. Ent\u00e3o, \u00e9 importante para a gente conhecer os autores locais, para a gente criar la\u00e7os com a comunidade, criar la\u00e7os com autores novos que podem ser poss\u00edveis autores da nossa editora\u201d, explica.\u00a0<\/p>\n\n\n\n<figure class=\"wp-block-gallery has-nested-images columns-default is-cropped wp-block-gallery-1 is-layout-flex\">\n<figure class=\"wp-block-image size-large\"><a href=\"https:\/\/www.ifbaiano.edu.br\/unidades\/santaines\/files\/2023\/10\/WhatsApp-Image-2023-10-30-at-12.18.38.jpeg\"><img decoding=\"async\" loading=\"lazy\" width=\"960\" height=\"1280\" data-id=\"20080\"  src=\"https:\/\/www.ifbaiano.edu.br\/unidades\/santaines\/files\/2023\/10\/WhatsApp-Image-2023-10-30-at-12.18.38.jpeg\" alt=\"\" class=\"wp-image-20080\" \/><\/a><\/figure>\n\n\n\n<figure class=\"wp-block-image size-large\"><a href=\"https:\/\/www.ifbaiano.edu.br\/unidades\/santaines\/files\/2023\/10\/WhatsApp-Image-2023-10-30-at-12.18.40-1.jpeg\"><img decoding=\"async\" loading=\"lazy\" width=\"960\" height=\"1280\" data-id=\"20085\"  src=\"https:\/\/www.ifbaiano.edu.br\/unidades\/santaines\/files\/2023\/10\/WhatsApp-Image-2023-10-30-at-12.18.40-1.jpeg\" alt=\"\" class=\"wp-image-20085\" \/><\/a><\/figure>\n\n\n\n<figure class=\"wp-block-image size-large\"><a href=\"https:\/\/www.ifbaiano.edu.br\/unidades\/santaines\/files\/2023\/10\/WhatsApp-Image-2023-10-30-at-12.18.40.jpeg\"><img decoding=\"async\" loading=\"lazy\" width=\"960\" height=\"1280\" data-id=\"20084\"  src=\"https:\/\/www.ifbaiano.edu.br\/unidades\/santaines\/files\/2023\/10\/WhatsApp-Image-2023-10-30-at-12.18.40.jpeg\" alt=\"\" class=\"wp-image-20084\" \/><\/a><\/figure>\n\n\n\n<figure class=\"wp-block-image size-large\"><a href=\"https:\/\/www.ifbaiano.edu.br\/unidades\/santaines\/files\/2023\/10\/WhatsApp-Image-2023-10-30-at-12.18.42.jpeg\"><img decoding=\"async\" loading=\"lazy\" width=\"960\" height=\"1280\" data-id=\"20081\"  src=\"https:\/\/www.ifbaiano.edu.br\/unidades\/santaines\/files\/2023\/10\/WhatsApp-Image-2023-10-30-at-12.18.42.jpeg\" alt=\"\" class=\"wp-image-20081\" \/><\/a><\/figure>\n\n\n\n<figure class=\"wp-block-image size-large\"><a href=\"https:\/\/www.ifbaiano.edu.br\/unidades\/santaines\/files\/2023\/10\/WhatsApp-Image-2023-10-30-at-12.18.44.jpeg\"><img decoding=\"async\" loading=\"lazy\" width=\"960\" height=\"1280\" data-id=\"20083\"  src=\"https:\/\/www.ifbaiano.edu.br\/unidades\/santaines\/files\/2023\/10\/WhatsApp-Image-2023-10-30-at-12.18.44.jpeg\" alt=\"\" class=\"wp-image-20083\" \/><\/a><\/figure>\n\n\n\n<figure class=\"wp-block-image size-large\"><a href=\"https:\/\/www.ifbaiano.edu.br\/unidades\/santaines\/files\/2023\/10\/WhatsApp-Image-2023-10-30-at-12.18.46.jpeg\"><img decoding=\"async\" loading=\"lazy\" width=\"960\" height=\"1280\" data-id=\"20082\"  src=\"https:\/\/www.ifbaiano.edu.br\/unidades\/santaines\/files\/2023\/10\/WhatsApp-Image-2023-10-30-at-12.18.46.jpeg\" alt=\"\" class=\"wp-image-20082\" \/><\/a><\/figure>\n\n\n\n<figure class=\"wp-block-image size-large\"><a href=\"https:\/\/www.ifbaiano.edu.br\/unidades\/santaines\/files\/2023\/10\/WhatsApp-Image-2023-10-30-at-12.18.50.jpeg\"><img decoding=\"async\" loading=\"lazy\" width=\"960\" height=\"1280\" data-id=\"20086\"  src=\"https:\/\/www.ifbaiano.edu.br\/unidades\/santaines\/files\/2023\/10\/WhatsApp-Image-2023-10-30-at-12.18.50.jpeg\" alt=\"\" class=\"wp-image-20086\" \/><\/a><\/figure>\n\n\n\n<figure class=\"wp-block-image size-large\"><a href=\"https:\/\/www.ifbaiano.edu.br\/unidades\/santaines\/files\/2023\/10\/WhatsApp-Image-2023-10-30-at-12.18.52-1.jpeg\"><img decoding=\"async\" loading=\"lazy\" width=\"960\" height=\"1280\" data-id=\"20087\"  src=\"https:\/\/www.ifbaiano.edu.br\/unidades\/santaines\/files\/2023\/10\/WhatsApp-Image-2023-10-30-at-12.18.52-1.jpeg\" alt=\"\" class=\"wp-image-20087\" \/><\/a><\/figure>\n<\/figure>\n\n\n\n<hr class=\"wp-block-separator has-alpha-channel-opacity\" \/>\n","protected":false},"excerpt":{"rendered":"<p>A Editora do IF Baiano ainda nem nasceu e j\u00e1 \u00e9 esperada e divulgada em eventos liter\u00e1rios. Entre os dias 26 e 28 de outubro, o IF Baiano esteve na Festa Liter\u00e1ria de Cachoeira 2023, realizando palestras, expondo livros de autores da institui\u00e7\u00e3o e v\u00eddeos sobre o IF Baiano, al\u00e9m de divulgar a editora que [&hellip;]<\/p>\n","protected":false},"author":86,"featured_media":20088,"comment_status":"closed","ping_status":"closed","sticky":false,"template":"","format":"standard","meta":[],"categories":[4,5,57],"tags":[],"_links":{"self":[{"href":"https:\/\/www.ifbaiano.edu.br\/unidades\/santaines\/wp-json\/wp\/v2\/posts\/20079"}],"collection":[{"href":"https:\/\/www.ifbaiano.edu.br\/unidades\/santaines\/wp-json\/wp\/v2\/posts"}],"about":[{"href":"https:\/\/www.ifbaiano.edu.br\/unidades\/santaines\/wp-json\/wp\/v2\/types\/post"}],"author":[{"embeddable":true,"href":"https:\/\/www.ifbaiano.edu.br\/unidades\/santaines\/wp-json\/wp\/v2\/users\/86"}],"replies":[{"embeddable":true,"href":"https:\/\/www.ifbaiano.edu.br\/unidades\/santaines\/wp-json\/wp\/v2\/comments?post=20079"}],"version-history":[{"count":1,"href":"https:\/\/www.ifbaiano.edu.br\/unidades\/santaines\/wp-json\/wp\/v2\/posts\/20079\/revisions"}],"predecessor-version":[{"id":20089,"href":"https:\/\/www.ifbaiano.edu.br\/unidades\/santaines\/wp-json\/wp\/v2\/posts\/20079\/revisions\/20089"}],"wp:featuredmedia":[{"embeddable":true,"href":"https:\/\/www.ifbaiano.edu.br\/unidades\/santaines\/wp-json\/wp\/v2\/media\/20088"}],"wp:attachment":[{"href":"https:\/\/www.ifbaiano.edu.br\/unidades\/santaines\/wp-json\/wp\/v2\/media?parent=20079"}],"wp:term":[{"taxonomy":"category","embeddable":true,"href":"https:\/\/www.ifbaiano.edu.br\/unidades\/santaines\/wp-json\/wp\/v2\/categories?post=20079"},{"taxonomy":"post_tag","embeddable":true,"href":"https:\/\/www.ifbaiano.edu.br\/unidades\/santaines\/wp-json\/wp\/v2\/tags?post=20079"}],"curies":[{"name":"wp","href":"https:\/\/api.w.org\/{rel}","templated":true}]}}