{"id":2008,"date":"2012-06-04T16:57:44","date_gmt":"2012-06-04T19:57:44","guid":{"rendered":"http:\/\/www.ifbaiano.edu.br\/unidades\/santaines\/?p=2008"},"modified":"2012-06-04T17:48:46","modified_gmt":"2012-06-04T20:48:46","slug":"presidente-da-coopamido-assina-convenio-de-estagio-com-o-if-baiano","status":"publish","type":"post","link":"https:\/\/www.ifbaiano.edu.br\/unidades\/santaines\/presidente-da-coopamido-assina-convenio-de-estagio-com-o-if-baiano\/","title":{"rendered":"Presidente da COOPAMIDO assina Conv\u00eanio de Est\u00e1gio com o IF Baiano"},"content":{"rendered":"<p style=\"text-align: justify\">O Presidente da Cooperativa dos Produtores de Amido e Mandioca do Estado da Bahia \u2013 Coopamido, o Sr. Jairo Souza, assinou na tarde de Quarta-feira (30\/05) Conv\u00eanio de Est\u00e1gio com o IF Baiano,<\/p>\n<div id=\"attachment_2010\" style=\"width: 310px\" class=\"wp-caption alignleft\"><a href=\"http:\/\/www.ifbaiano.edu.br\/unidades\/santaines\/files\/2012\/06\/Coopamido-11.jpg\"><img aria-describedby=\"caption-attachment-2010\" decoding=\"async\" loading=\"lazy\" class=\"size-medium wp-image-2010\" src=\"http:\/\/www.ifbaiano.edu.br\/unidades\/santaines\/files\/2012\/06\/Coopamido-11-300x215.jpg\" alt=\"\" width=\"300\" height=\"215\" srcset=\"https:\/\/www.ifbaiano.edu.br\/unidades\/santaines\/files\/2012\/06\/Coopamido-11-300x215.jpg 300w, https:\/\/www.ifbaiano.edu.br\/unidades\/santaines\/files\/2012\/06\/Coopamido-11-400x287.jpg 400w, https:\/\/www.ifbaiano.edu.br\/unidades\/santaines\/files\/2012\/06\/Coopamido-11.jpg 700w\" sizes=\"(max-width: 300px) 100vw, 300px\" \/><\/a><p id=\"caption-attachment-2010\" class=\"wp-caption-text\">O Presidente da Coopamido assina na tarde de Quarta-feira (30\/05) Conv\u00eanio de Est\u00e1gio com o IF Baiano<\/p><\/div>\n<p>com as presen\u00e7as do Coordenador de Est\u00e1gio e Egressos (CEE) F\u00e1bio Barreto, a Professora Jeane Padre e o Sr. Eduardo Nogueira (Organiza\u00e7\u00e3o Din\u00e2mica da Coopamido).Com esta parceria, viabilizada atrav\u00e9s da CIEC e da CEE, a Coopamido poder\u00e1 oferecer est\u00e1gio aos discentes do IF Baiano em diversas \u00e1reas dos seus setores como cooperativismo, produ\u00e7\u00e3o de mandioca, mecaniza\u00e7\u00e3o agr\u00edcola, dentre outros. Tamb\u00e9m est\u00e1 sendo viabilizado com a Coopamido conv\u00eanio que envolve outras parcerias (desenvolvimento de projetos de pesquisa e extens\u00e3o, capacita\u00e7\u00f5es, entre outros) atrav\u00e9s da CIEC, sob a Coordena\u00e7\u00e3o do Professor Jos\u00e9 Maria Santos. Ainda neste dia, no turno da manh\u00e3, o Coordenador F\u00e1bio Barreto, e as Professoras Jeane Padre e Rita Garcia visitaram a Empresa JAMANE (Iogurtes Jamane) em Santo Antonio de Jesus\/BA e o Latic\u00ednio NOVA VISTA em Amargosa\/BA afim de tamb\u00e9m viabilizar Conv\u00eanio de Est\u00e1gio com as referidas Empresas e o IF Baiano.<\/p>\n<div id=\"attachment_2016\" style=\"width: 310px\" class=\"wp-caption alignleft\"><a href=\"http:\/\/www.ifbaiano.edu.br\/unidades\/santaines\/files\/2012\/06\/Jamane1.jpg\"><img aria-describedby=\"caption-attachment-2016\" decoding=\"async\" loading=\"lazy\" class=\"size-medium wp-image-2016\" src=\"http:\/\/www.ifbaiano.edu.br\/unidades\/santaines\/files\/2012\/06\/Jamane1-300x202.jpg\" alt=\"\" width=\"300\" height=\"202\" srcset=\"https:\/\/www.ifbaiano.edu.br\/unidades\/santaines\/files\/2012\/06\/Jamane1-300x202.jpg 300w, https:\/\/www.ifbaiano.edu.br\/unidades\/santaines\/files\/2012\/06\/Jamane1-400x270.jpg 400w, https:\/\/www.ifbaiano.edu.br\/unidades\/santaines\/files\/2012\/06\/Jamane1.jpg 700w\" sizes=\"(max-width: 300px) 100vw, 300px\" \/><\/a><p id=\"caption-attachment-2016\" class=\"wp-caption-text\">Visita a Empresa JAMANE (Iogurtes Jamane) em Santo Antonio de Jesus\/BA<\/p><\/div>\n<div id=\"attachment_2017\" style=\"width: 310px\" class=\"wp-caption alignleft\"><a href=\"http:\/\/www.ifbaiano.edu.br\/unidades\/santaines\/files\/2012\/06\/Nova-Vista1.jpg\"><img aria-describedby=\"caption-attachment-2017\" decoding=\"async\" loading=\"lazy\" class=\"size-medium wp-image-2017\" src=\"http:\/\/www.ifbaiano.edu.br\/unidades\/santaines\/files\/2012\/06\/Nova-Vista1-300x230.jpg\" alt=\"\" width=\"300\" height=\"230\" srcset=\"https:\/\/www.ifbaiano.edu.br\/unidades\/santaines\/files\/2012\/06\/Nova-Vista1-300x230.jpg 300w, https:\/\/www.ifbaiano.edu.br\/unidades\/santaines\/files\/2012\/06\/Nova-Vista1-400x307.jpg 400w, https:\/\/www.ifbaiano.edu.br\/unidades\/santaines\/files\/2012\/06\/Nova-Vista1.jpg 700w\" sizes=\"(max-width: 300px) 100vw, 300px\" \/><\/a><p id=\"caption-attachment-2017\" class=\"wp-caption-text\">Visita ao Latic\u00ednio NOVA VISTA em Amargosa\/BA<\/p><\/div>\n","protected":false},"excerpt":{"rendered":"<p>O Presidente da Cooperativa dos Produtores de Amido e Mandioca do Estado da Bahia \u2013 Coopamido, o Sr. Jairo Souza, assinou na tarde de Quarta-feira (30\/05) Conv\u00eanio de Est\u00e1gio com o IF Baiano, com as presen\u00e7as do Coordenador de Est\u00e1gio e Egressos (CEE) F\u00e1bio Barreto, a Professora Jeane Padre e o Sr. Eduardo Nogueira (Organiza\u00e7\u00e3o [&hellip;]<\/p>\n","protected":false},"author":26,"featured_media":0,"comment_status":"closed","ping_status":"closed","sticky":false,"template":"","format":"standard","meta":[],"categories":[10],"tags":[],"_links":{"self":[{"href":"https:\/\/www.ifbaiano.edu.br\/unidades\/santaines\/wp-json\/wp\/v2\/posts\/2008"}],"collection":[{"href":"https:\/\/www.ifbaiano.edu.br\/unidades\/santaines\/wp-json\/wp\/v2\/posts"}],"about":[{"href":"https:\/\/www.ifbaiano.edu.br\/unidades\/santaines\/wp-json\/wp\/v2\/types\/post"}],"author":[{"embeddable":true,"href":"https:\/\/www.ifbaiano.edu.br\/unidades\/santaines\/wp-json\/wp\/v2\/users\/26"}],"replies":[{"embeddable":true,"href":"https:\/\/www.ifbaiano.edu.br\/unidades\/santaines\/wp-json\/wp\/v2\/comments?post=2008"}],"version-history":[{"count":7,"href":"https:\/\/www.ifbaiano.edu.br\/unidades\/santaines\/wp-json\/wp\/v2\/posts\/2008\/revisions"}],"predecessor-version":[{"id":2022,"href":"https:\/\/www.ifbaiano.edu.br\/unidades\/santaines\/wp-json\/wp\/v2\/posts\/2008\/revisions\/2022"}],"wp:attachment":[{"href":"https:\/\/www.ifbaiano.edu.br\/unidades\/santaines\/wp-json\/wp\/v2\/media?parent=2008"}],"wp:term":[{"taxonomy":"category","embeddable":true,"href":"https:\/\/www.ifbaiano.edu.br\/unidades\/santaines\/wp-json\/wp\/v2\/categories?post=2008"},{"taxonomy":"post_tag","embeddable":true,"href":"https:\/\/www.ifbaiano.edu.br\/unidades\/santaines\/wp-json\/wp\/v2\/tags?post=2008"}],"curies":[{"name":"wp","href":"https:\/\/api.w.org\/{rel}","templated":true}]}}