{"id":20094,"date":"2023-11-08T08:32:13","date_gmt":"2023-11-08T11:32:13","guid":{"rendered":"https:\/\/www.ifbaiano.edu.br\/unidades\/santaines\/?p=20094"},"modified":"2023-11-08T08:32:14","modified_gmt":"2023-11-08T11:32:14","slug":"inscreva-se-para-o-4o-congresso-nordestino-de-educacao-a-distancia","status":"publish","type":"post","link":"https:\/\/www.ifbaiano.edu.br\/unidades\/santaines\/inscreva-se-para-o-4o-congresso-nordestino-de-educacao-a-distancia\/","title":{"rendered":"Inscreva-se para o 4\u00ba Congresso Nordestino de Educa\u00e7\u00e3o a Dist\u00e2ncia"},"content":{"rendered":"\n<figure class=\"wp-block-image size-full\"><a href=\"https:\/\/www.ifbaiano.edu.br\/unidades\/santaines\/files\/2023\/11\/congne-1.jpeg\"><img decoding=\"async\" loading=\"lazy\" width=\"750\" height=\"500\" src=\"https:\/\/www.ifbaiano.edu.br\/unidades\/santaines\/files\/2023\/11\/congne-1.jpeg\" alt=\"\" class=\"wp-image-20101\" \/><\/a><\/figure>\n\n\n\n<p>Est\u00e3o abertas as inscri\u00e7\u00f5es para o&nbsp;<strong>4\u00ba Congresso Nordestino de Educa\u00e7\u00e3o a Dist\u00e2ncia<\/strong>, que ser\u00e1 realizado pelo Instituto Federal da Para\u00edba&nbsp; e organizado pelos institutos federais do Nordeste,&nbsp;<strong>entre os dias 22 e 24 deste m\u00eas<\/strong>,&nbsp; no munic\u00edpio de Cabedelo-PB (situado na Regi\u00e3o Metropolitana de Jo\u00e3o Pessoa-PB). O tema desta edi\u00e7\u00e3o \u00e9 \u201cInclus\u00e3o e Qualidade na Educa\u00e7\u00e3o a Dist\u00e2ncia\u201d.<\/p>\n\n\n\n<p>Conforme a coordena\u00e7\u00e3o do evento, as inscri\u00e7\u00f5es s\u00e3o gratuitas, mas as vagas s\u00e3o limitadas. Os interessados em participar das atividades&nbsp;podem se inscrever no&nbsp;<a href=\"https:\/\/eventos.ead.ifpb.edu.br\/4congressonordestino\/#inscricao)\" target=\"_blank\" rel=\"noreferrer noopener\">site do congresso<\/a>, nas modalidades presencial ou on-line.&nbsp;<\/p>\n\n\n\n<p>Para isso, \u00e9 necess\u00e1rio observar&nbsp;a programa\u00e7\u00e3o, escolher a forma de participa\u00e7\u00e3o e acessar o sistema de inscri\u00e7\u00f5es, conforme as&nbsp; op\u00e7\u00f5es abaixo:<\/p>\n\n\n\n<p><strong>&nbsp;Inscri\u00e7\u00f5es\/ingressos para participa\u00e7\u00e3o on-line:&nbsp;<\/strong><a href=\"https:\/\/www.sympla.com.br\/evento\/4-congresso-nordestino-de-educacao-a-distancia-online\/2227898?referrer=eventos.ead.ifpb.edu.br\" target=\"_blank\" rel=\"noreferrer noopener\">https:\/\/www.sympla.com.br\/evento\/4- congresso- nordestino-de-educacao-a-distancia-online\/2227898?referrer=eventos.ead.ifpb.edu.br<\/a><\/p>\n\n\n\n<p><strong>&nbsp;Inscri\u00e7\u00f5es\/ingressos para participa\u00e7\u00e3o&nbsp;<\/strong><strong>presencial:&nbsp;<\/strong>&nbsp;<a href=\"https:\/\/www.sympla.com.br\/evento\/4-congresso-nordestino-de-educacao-a-distancia\/2225320?referrer=eventos.ead.ifpb.edu.br\" target=\"_blank\" rel=\"noreferrer noopener\">https:\/\/www.sympla.com.br\/evento\/4-congresso-nordestino-de-educacao-a-distancia\/2225320?referrer=eventos.ead.ifpb.edu.br<\/a><\/p>\n\n\n\n<h4 class=\"wp-block-heading\"><strong>Evento vai promover troca de experi\u00eancias e integra\u00e7\u00e3o de viv\u00eancias no mundo da EaD<\/strong><\/h4>\n\n\n\n<p>O 4&nbsp;\u00ba Congresso Nordestino de EaD&nbsp;se prop\u00f5e a possibilitar a troca de experi\u00eancias sobre as ferramentas tecnol\u00f3gicas educacionais e a integra\u00e7\u00e3o das viv\u00eancias no mundo da EaD, al\u00e9m de promover a integra\u00e7\u00e3o das viv\u00eancias no mundo da EaD experimentada pelos Institutos Federais da regi\u00e3o Nordeste, as quais enriquecem a rotina dos que atuam nessa modalidade.<\/p>\n\n\n\n<p>Na organiza\u00e7\u00e3o do evento, est\u00e3o envolvidos os seguintes institutos federais do Nordeste:&nbsp;<\/p>\n\n\n\n<ul>\n<li>Instituto Federal da Para\u00edba;&nbsp;<\/li>\n\n\n\n<li>Instituto Federal Baiano;<\/li>\n\n\n\n<li>Instituto Federal da Bahia;<\/li>\n\n\n\n<li>Instituto Federal de Alagoas;&nbsp;&nbsp;<\/li>\n\n\n\n<li>Instituto Federal de Pernambuco;&nbsp;<\/li>\n\n\n\n<li>Instituto Federal do Cear\u00e1;&nbsp;<\/li>\n\n\n\n<li>Instituto Federal do Maranh\u00e3o;<\/li>\n\n\n\n<li>Instituto Federal do Piau\u00ed;<\/li>\n\n\n\n<li>Instituto Federal do Rio Grande do Norte;&nbsp;<\/li>\n\n\n\n<li>Instituto&nbsp;Federal do Sert\u00e3o Pernambucano.<\/li>\n<\/ul>\n\n\n\n<h4 class=\"wp-block-heading\">SAIBA MAIS<\/h4>\n\n\n\n<p><strong>Objetivo:<\/strong>&nbsp;abordar, discutir, avaliar, trocar experi\u00eancias sobre as ferramentas tecnol\u00f3gicas educacionais e a integra\u00e7\u00e3o das viv\u00eancias no mundo da EaD, experimentada pelos institutos federais da regi\u00e3o Nordeste, as quais enriquecem a rotina dos que atuam nessa modalidade.<\/p>\n\n\n\n<p><strong>P\u00fablico-alvo<\/strong>: docentes, estudantes, gestores e pesquisadores da modalidade educa\u00e7\u00e3o a dist\u00e2ncia.<\/p>\n\n\n\n<p><strong><a rel=\"noreferrer noopener\" href=\"https:\/\/eventos.ead.ifpb.edu.br\/4congressonordestino\/#programacao\" target=\"_blank\">Acesse aqui a programa\u00e7\u00e3o do congresso<\/a><\/strong><\/p>\n\n\n\n<hr class=\"wp-block-separator has-alpha-channel-opacity\" \/>\n","protected":false},"excerpt":{"rendered":"<p>As inscri\u00e7\u00f5es s\u00e3o gratuitas, mas as vagas s\u00e3o limitadas. Evento ser\u00e1 entre 22 e 24 deste m\u00eas<\/p>\n","protected":false},"author":86,"featured_media":20102,"comment_status":"closed","ping_status":"closed","sticky":false,"template":"","format":"standard","meta":[],"categories":[4,5,37,57],"tags":[],"_links":{"self":[{"href":"https:\/\/www.ifbaiano.edu.br\/unidades\/santaines\/wp-json\/wp\/v2\/posts\/20094"}],"collection":[{"href":"https:\/\/www.ifbaiano.edu.br\/unidades\/santaines\/wp-json\/wp\/v2\/posts"}],"about":[{"href":"https:\/\/www.ifbaiano.edu.br\/unidades\/santaines\/wp-json\/wp\/v2\/types\/post"}],"author":[{"embeddable":true,"href":"https:\/\/www.ifbaiano.edu.br\/unidades\/santaines\/wp-json\/wp\/v2\/users\/86"}],"replies":[{"embeddable":true,"href":"https:\/\/www.ifbaiano.edu.br\/unidades\/santaines\/wp-json\/wp\/v2\/comments?post=20094"}],"version-history":[{"count":1,"href":"https:\/\/www.ifbaiano.edu.br\/unidades\/santaines\/wp-json\/wp\/v2\/posts\/20094\/revisions"}],"predecessor-version":[{"id":20103,"href":"https:\/\/www.ifbaiano.edu.br\/unidades\/santaines\/wp-json\/wp\/v2\/posts\/20094\/revisions\/20103"}],"wp:featuredmedia":[{"embeddable":true,"href":"https:\/\/www.ifbaiano.edu.br\/unidades\/santaines\/wp-json\/wp\/v2\/media\/20102"}],"wp:attachment":[{"href":"https:\/\/www.ifbaiano.edu.br\/unidades\/santaines\/wp-json\/wp\/v2\/media?parent=20094"}],"wp:term":[{"taxonomy":"category","embeddable":true,"href":"https:\/\/www.ifbaiano.edu.br\/unidades\/santaines\/wp-json\/wp\/v2\/categories?post=20094"},{"taxonomy":"post_tag","embeddable":true,"href":"https:\/\/www.ifbaiano.edu.br\/unidades\/santaines\/wp-json\/wp\/v2\/tags?post=20094"}],"curies":[{"name":"wp","href":"https:\/\/api.w.org\/{rel}","templated":true}]}}