{"id":20142,"date":"2023-11-23T16:49:53","date_gmt":"2023-11-23T19:49:53","guid":{"rendered":"https:\/\/www.ifbaiano.edu.br\/unidades\/santaines\/?p=20142"},"modified":"2023-11-23T18:59:56","modified_gmt":"2023-11-23T21:59:56","slug":"reuniao-com-servidores-do-campus-santa-ines-e-convale-discutem-planejamento-e-parcerias-institucionais","status":"publish","type":"post","link":"https:\/\/www.ifbaiano.edu.br\/unidades\/santaines\/reuniao-com-servidores-do-campus-santa-ines-e-convale-discutem-planejamento-e-parcerias-institucionais\/","title":{"rendered":"Reuni\u00e3o com servidores do Campus Santa In\u00eas e CONVALE discutem planejamento e parcerias institucionais"},"content":{"rendered":"\n<div class=\"wp-block-media-text alignwide is-stacked-on-mobile\"><figure class=\"wp-block-media-text__media\"><img decoding=\"async\" loading=\"lazy\" width=\"1273\" height=\"569\" src=\"https:\/\/www.ifbaiano.edu.br\/unidades\/santaines\/files\/2023\/11\/6.jpeg\" alt=\"\" class=\"wp-image-20147 size-full\" \/><\/figure><div class=\"wp-block-media-text__content\">\n<p>Na tarde de ontem, 22, servidores e gest\u00e3o do Campus Santa In\u00eas estiveram reunidos, no audit\u00f3rio da biblioteca para discutir planejamento e parcerias Institucionais com o Cons\u00f3rcio de Desenvolvimento Sustent\u00e1vel do Vale do Jiquiri\u00e7\u00e1 \u2013 CONVALE. <\/p>\n<\/div><\/div>\n\n\n\n<p>Estiveram presentes, como representantes do CONVALE,\u00a0Bruno Andrade, M\u00e9dico Veterin\u00e1rio, Philipe de Oliveira, Coordenador do Servi\u00e7o de Inspe\u00e7\u00e3o Municipal (SIM\/CONVALE), ambos egressos do IF Baiano &#8211; Campus Santa In\u00eas, Rodrigo de Almeida, T\u00e9cnico-Administrativo e Haialla Carolina Brand\u00e3o, Bi\u00f3loga.<\/p>\n\n\n\n<p>De acordo com Haialla, o papel do CONVALE \u00e9 estimular o desenvolvimento territorial sustent\u00e1vel, a partir de a\u00e7\u00f5es em diversas \u00e1reas: infraestrutura, transporte, desenvolvimento rural com foco na agricultura familiar, seguran\u00e7a alimentar e saneamento b\u00e1sico, em 19 munic\u00edpios consorciados, dentre eles, Santa In\u00eas.<\/p>\n\n\n\n<p>O encontro teve in\u00edcio com a fala da Diretora Geral, Professora Genilda Lima, que explicou o objetivo daquele encontro e relatou sobre a import\u00e2ncia de se estreitar la\u00e7os institucionais, fortalecer a aproxima\u00e7\u00e3o e buscar, cada vez mais, oportunidades, principalmente para os estudantes. A professora Genilda avalia que as a\u00e7\u00f5es ora apresentadas \u201cpoder\u00e3o oportunizar a nossa institui\u00e7\u00e3o no cumprimento do seu papel, que \u00e9 promover o desenvolvimento social, ambiental, cultural e econ\u00f4mico local, fortalecendo o crescimento regional e atendendo \u00e0s demandas sociais ao oferecer educa\u00e7\u00e3o nas diferentes modalidades de ensino, de forma alinhada com as demandas do Territ\u00f3rio\u201d.<\/p>\n\n\n\n<figure class=\"wp-block-gallery has-nested-images columns-default is-cropped wp-block-gallery-1 is-layout-flex\">\n<figure class=\"wp-block-image size-large\"><a href=\"https:\/\/www.ifbaiano.edu.br\/unidades\/santaines\/files\/2023\/11\/2.jpeg\"><img decoding=\"async\" loading=\"lazy\" width=\"946\" height=\"537\" data-id=\"20143\"  src=\"https:\/\/www.ifbaiano.edu.br\/unidades\/santaines\/files\/2023\/11\/2.jpeg\" alt=\"\" class=\"wp-image-20143\" \/><\/a><\/figure>\n\n\n\n<figure class=\"wp-block-image size-large\"><a href=\"https:\/\/www.ifbaiano.edu.br\/unidades\/santaines\/files\/2023\/11\/4.jpeg\"><img decoding=\"async\" loading=\"lazy\" width=\"1273\" height=\"563\" data-id=\"20145\"  src=\"https:\/\/www.ifbaiano.edu.br\/unidades\/santaines\/files\/2023\/11\/4.jpeg\" alt=\"\" class=\"wp-image-20145\" \/><\/a><\/figure>\n\n\n\n<figure class=\"wp-block-image size-large\"><a href=\"https:\/\/www.ifbaiano.edu.br\/unidades\/santaines\/files\/2023\/11\/3.jpeg\"><img decoding=\"async\" loading=\"lazy\" width=\"970\" height=\"507\" data-id=\"20144\"  src=\"https:\/\/www.ifbaiano.edu.br\/unidades\/santaines\/files\/2023\/11\/3.jpeg\" alt=\"\" class=\"wp-image-20144\" \/><\/a><\/figure>\n<\/figure>\n\n\n\n<p>Bruno Andrade fez uma detalhada apresenta\u00e7\u00e3o do panorama de programas, parcerias, procedimentos e instrumentos realizados pelo CONVALE e com potencial para parceira com o IF Baiano &#8211; Campus Santa In\u00eas e, ao terminar a apresenta\u00e7\u00e3o, abriu para discuss\u00f5es.<\/p>\n\n\n\n<p>O professor de inform\u00e1tica do Campus, Jadson Silva, comentou que j\u00e1 havia tido um primeiro contato com Bruno, juntamente com o, tamb\u00e9m professor de inform\u00e1tica do Campus, Allan Delon, onde discutiram sobre os projetos desenvolvidos no CONVALE e o interesse em desenvolver, em parceria com o Campus, um sistema para gerenciamento da produ\u00e7\u00e3o de leite nas fazendas que o CONVALE dava suporte. A conversa foi iniciada com a inten\u00e7\u00e3o de levantamento dos requisitos do sistema. \u201cO desenvolvimento desta aplica\u00e7\u00e3o seria em parceria com o grupo de estudos F\u00e1brica de Softwares, que contava com a participa\u00e7\u00e3o nossa e de discentes do curso subsequente. Com a pandemia, esse projeto n\u00e3o foi continuado.\u201d Disse o professor Jadson.<\/p>\n\n\n\n<p>Ap\u00f3s as discuss\u00f5es, levantamento de d\u00favidas e perguntas, foi criada uma comiss\u00e3o com o objetivo de discutir parcerias para implementa\u00e7\u00e3o de a\u00e7\u00f5es relacionadas ao desenvolvimento socioecon\u00f4mico e ambiental do territ\u00f3rio do Vale do Jiquiri\u00e7\u00e1, al\u00e9m de formaliza\u00e7\u00e3o de conv\u00eanios. A comiss\u00e3o foi composta pelos professores Andr\u00e9 Leonardo, Camila Portela, C\u00e1tia Farago, Cl\u00f3vis Costa, \u00cdcaro Silva, Jadson Silva, Nelson Vieira, N\u00fabia Cruz, Patr\u00edcia Moura e o T\u00e9cnico em Tecnologia da Informa\u00e7\u00e3o, Glauber Matos.<\/p>\n\n\n\n<figure class=\"wp-block-image size-full\"><a href=\"https:\/\/www.ifbaiano.edu.br\/unidades\/santaines\/files\/2023\/11\/WhatsApp-Image-2023-11-23-at-18.46.11.jpeg\"><img decoding=\"async\" loading=\"lazy\" width=\"1239\" height=\"861\" src=\"https:\/\/www.ifbaiano.edu.br\/unidades\/santaines\/files\/2023\/11\/WhatsApp-Image-2023-11-23-at-18.46.11.jpeg\" alt=\"\" class=\"wp-image-20152\" \/><\/a><\/figure>\n\n\n\n<hr class=\"wp-block-separator has-alpha-channel-opacity\" \/>\n","protected":false},"excerpt":{"rendered":"<p>Na tarde de ontem, 22, servidores e gest\u00e3o do Campus Santa In\u00eas estiveram reunidos, no audit\u00f3rio da biblioteca para discutir planejamento e parcerias Institucionais com o Cons\u00f3rcio de Desenvolvimento Sustent\u00e1vel do Vale do Jiquiri\u00e7\u00e1 \u2013 CONVALE. Estiveram presentes, como representantes do CONVALE,\u00a0Bruno Andrade, M\u00e9dico Veterin\u00e1rio, Philipe de Oliveira, Coordenador do Servi\u00e7o de Inspe\u00e7\u00e3o Municipal (SIM\/CONVALE), [&hellip;]<\/p>\n","protected":false},"author":86,"featured_media":20146,"comment_status":"closed","ping_status":"closed","sticky":false,"template":"","format":"standard","meta":[],"categories":[4,5,57],"tags":[],"_links":{"self":[{"href":"https:\/\/www.ifbaiano.edu.br\/unidades\/santaines\/wp-json\/wp\/v2\/posts\/20142"}],"collection":[{"href":"https:\/\/www.ifbaiano.edu.br\/unidades\/santaines\/wp-json\/wp\/v2\/posts"}],"about":[{"href":"https:\/\/www.ifbaiano.edu.br\/unidades\/santaines\/wp-json\/wp\/v2\/types\/post"}],"author":[{"embeddable":true,"href":"https:\/\/www.ifbaiano.edu.br\/unidades\/santaines\/wp-json\/wp\/v2\/users\/86"}],"replies":[{"embeddable":true,"href":"https:\/\/www.ifbaiano.edu.br\/unidades\/santaines\/wp-json\/wp\/v2\/comments?post=20142"}],"version-history":[{"count":5,"href":"https:\/\/www.ifbaiano.edu.br\/unidades\/santaines\/wp-json\/wp\/v2\/posts\/20142\/revisions"}],"predecessor-version":[{"id":20153,"href":"https:\/\/www.ifbaiano.edu.br\/unidades\/santaines\/wp-json\/wp\/v2\/posts\/20142\/revisions\/20153"}],"wp:featuredmedia":[{"embeddable":true,"href":"https:\/\/www.ifbaiano.edu.br\/unidades\/santaines\/wp-json\/wp\/v2\/media\/20146"}],"wp:attachment":[{"href":"https:\/\/www.ifbaiano.edu.br\/unidades\/santaines\/wp-json\/wp\/v2\/media?parent=20142"}],"wp:term":[{"taxonomy":"category","embeddable":true,"href":"https:\/\/www.ifbaiano.edu.br\/unidades\/santaines\/wp-json\/wp\/v2\/categories?post=20142"},{"taxonomy":"post_tag","embeddable":true,"href":"https:\/\/www.ifbaiano.edu.br\/unidades\/santaines\/wp-json\/wp\/v2\/tags?post=20142"}],"curies":[{"name":"wp","href":"https:\/\/api.w.org\/{rel}","templated":true}]}}