{"id":20154,"date":"2023-11-24T09:30:20","date_gmt":"2023-11-24T12:30:20","guid":{"rendered":"https:\/\/www.ifbaiano.edu.br\/unidades\/santaines\/?p=20154"},"modified":"2023-11-24T09:30:20","modified_gmt":"2023-11-24T12:30:20","slug":"biblioteca-realiza-emprestimo-especial-de-ferias","status":"publish","type":"post","link":"https:\/\/www.ifbaiano.edu.br\/unidades\/santaines\/biblioteca-realiza-emprestimo-especial-de-ferias\/","title":{"rendered":"Biblioteca realiza empr\u00e9stimo especial de f\u00e9rias"},"content":{"rendered":"\n<p>Na pr\u00f3xima segunda-feira, 27 de novembro de 2023, o Setor de Biblioteca (STB) do IF Baiano &#8211; Campus Santa In\u00eas iniciar\u00e1 o\u00a0<strong>empr\u00e9stimo especial de f\u00e9rias<\/strong> para discentes, docentes e t\u00e9cnico-administrativos, os quais poder\u00e3o efetuar o empr\u00e9stimo de at\u00e9 5 (cinco) t\u00edtulos, incluindo os exemplares de consulta.<\/p>\n\n\n\n<p>Com isso, os materiais emprestados na biblioteca, a partir dessa data, ter\u00e1, para cada p\u00fablico, data prevista para disponibilidade e devolu\u00e7\u00e3o:<\/p>\n\n\n\n<ul>\n<li><strong>Primeiras s\u00e9ries dos Cursos Integrados<\/strong> &#8211; dispon\u00edvel a partir do dia 27\/11, com devolu\u00e7\u00e3o prevista para o dia 23\/02\/2024<\/li>\n\n\n\n<li><strong>Terceiras s\u00e9ries dos Cursos Integrados, Curso T\u00e9cnico em Inform\u00e1tica, Cursos de Gradua\u00e7\u00e3o, Cursos de P\u00f3s-gradua\u00e7\u00e3o e servidores<\/strong>: dispon\u00edvel a partir do dia 18\/12, com devolu\u00e7\u00e3o prevista para o dia 23\/02\/2024.<\/li>\n<\/ul>\n\n\n\n<p>Cabe destacar que as datas de empr\u00e9stimo e devolu\u00e7\u00e3o tomaram por base o calend\u00e1rio acad\u00eamico vigente.<\/p>\n\n\n\n<hr class=\"wp-block-separator has-alpha-channel-opacity\" \/>\n\n\n\n<p><\/p>\n","protected":false},"excerpt":{"rendered":"<p>Na pr\u00f3xima segunda-feira, 27 de novembro de 2023, o Setor de Biblioteca (STB) do IF Baiano &#8211; Campus Santa In\u00eas iniciar\u00e1 o\u00a0empr\u00e9stimo especial de f\u00e9rias para discentes, docentes e t\u00e9cnico-administrativos, os quais poder\u00e3o efetuar o empr\u00e9stimo de at\u00e9 5 (cinco) t\u00edtulos, incluindo os exemplares de consulta. Com isso, os materiais emprestados na biblioteca, a partir [&hellip;]<\/p>\n","protected":false},"author":86,"featured_media":0,"comment_status":"closed","ping_status":"closed","sticky":false,"template":"","format":"standard","meta":[],"categories":[4,5,57],"tags":[],"_links":{"self":[{"href":"https:\/\/www.ifbaiano.edu.br\/unidades\/santaines\/wp-json\/wp\/v2\/posts\/20154"}],"collection":[{"href":"https:\/\/www.ifbaiano.edu.br\/unidades\/santaines\/wp-json\/wp\/v2\/posts"}],"about":[{"href":"https:\/\/www.ifbaiano.edu.br\/unidades\/santaines\/wp-json\/wp\/v2\/types\/post"}],"author":[{"embeddable":true,"href":"https:\/\/www.ifbaiano.edu.br\/unidades\/santaines\/wp-json\/wp\/v2\/users\/86"}],"replies":[{"embeddable":true,"href":"https:\/\/www.ifbaiano.edu.br\/unidades\/santaines\/wp-json\/wp\/v2\/comments?post=20154"}],"version-history":[{"count":1,"href":"https:\/\/www.ifbaiano.edu.br\/unidades\/santaines\/wp-json\/wp\/v2\/posts\/20154\/revisions"}],"predecessor-version":[{"id":20155,"href":"https:\/\/www.ifbaiano.edu.br\/unidades\/santaines\/wp-json\/wp\/v2\/posts\/20154\/revisions\/20155"}],"wp:attachment":[{"href":"https:\/\/www.ifbaiano.edu.br\/unidades\/santaines\/wp-json\/wp\/v2\/media?parent=20154"}],"wp:term":[{"taxonomy":"category","embeddable":true,"href":"https:\/\/www.ifbaiano.edu.br\/unidades\/santaines\/wp-json\/wp\/v2\/categories?post=20154"},{"taxonomy":"post_tag","embeddable":true,"href":"https:\/\/www.ifbaiano.edu.br\/unidades\/santaines\/wp-json\/wp\/v2\/tags?post=20154"}],"curies":[{"name":"wp","href":"https:\/\/api.w.org\/{rel}","templated":true}]}}