{"id":20159,"date":"2023-12-11T09:39:00","date_gmt":"2023-12-11T12:39:00","guid":{"rendered":"https:\/\/www.ifbaiano.edu.br\/unidades\/santaines\/?p=20159"},"modified":"2023-12-11T09:40:09","modified_gmt":"2023-12-11T12:40:09","slug":"campus-santa-ines-abre-inscricoes-para-selecao-em-curso-de-pos-graduacao","status":"publish","type":"post","link":"https:\/\/www.ifbaiano.edu.br\/unidades\/santaines\/campus-santa-ines-abre-inscricoes-para-selecao-em-curso-de-pos-graduacao\/","title":{"rendered":"Campus Santa In\u00eas abre inscri\u00e7\u00f5es para sele\u00e7\u00e3o em Curso de P\u00f3s-gradua\u00e7\u00e3o"},"content":{"rendered":"\n<p>O IF Baiano &#8211; Campus Santa In\u00eas abre inscri\u00e7\u00f5es para sele\u00e7\u00e3o de estudantes para provimento de vagas no curso de P\u00f3s-gradua\u00e7\u00e3o Lato Sensu em Educa\u00e7\u00e3o de Jovens e Adultos Articulada \u00e0 Educa\u00e7\u00e3o Profissional,  com ingresso em 2024.<\/p>\n\n\n\n<p>As inscri\u00e7\u00f5es ser\u00e3o realizadas no per\u00edodo de 28 de novembro a 17 de dezembro de 2023, exclusivamente via e-mail, com o envio dos documentos exigidos no <a href=\"https:\/\/concurso.ifbaiano.edu.br\/portal\/pos-educacao-jovens-adultos-santa-ines-novembro-2023\/wp-content\/uploads\/sites\/915\/2023\/11\/Edital.pdf\">edital<\/a>, em formato PDF, para o endere\u00e7o eletr\u00f4nico (e-mail): prosel.poseja@si.ifbaiano.edu.br.<\/p>\n\n\n\n<p>O curso \u00e9 gratuito, n\u00e3o possuindo mensalidades, taxas de matr\u00edculas e\/ou taxa de inscri\u00e7\u00e3o para o processo seletivo. Est\u00e3o sendo ofertadas 30 (trinta) vagas e distribu\u00eddas da seguinte forma:<\/p>\n\n\n\n<ul>\n<li>22 (vinte e duas) vagas para ampla concorr\u00eancia;<\/li>\n\n\n\n<li>06 (seis) vagas para candidatos(as) pretos(as), pardos(as) e ind\u00edgenas (20%); e<\/li>\n\n\n\n<li>02 (duas) vaga para candidato(a) pessoa com defici\u00eancia (5%).<\/li>\n<\/ul>\n\n\n\n<p>O p\u00fablico-alvo do curso \u00e9 constitu\u00eddo por pessoas que conclu\u00edram o ensino superior em institui\u00e7\u00e3o<br>reconhecida pelo Minist\u00e9rio da Educa\u00e7\u00e3o, profissionais, preferencialmente educadores das redes p\u00fablicas de ensino, que atuem ou pretendam atuar na educa\u00e7\u00e3o profissional e\/ou na modalidade de educa\u00e7\u00e3o de jovens e adultos e\/ou programas e projetos educacionais..<\/p>\n\n\n\n<p>O curso tem carga hor\u00e1ria de 360 horas, distribu\u00eddas ao longo de 18 meses, ofertada no formato modular e realizado no IF Baiano, Campus Santa In\u00eas, BR 420 (Rodovia Santa In\u00eas &#8211; Uba\u00edra), Zona Rural, Bahia &#8211; CEP 45.320-000. As aulas se dar\u00e3o em encontros quinzenais, \u00e0s sextas-feiras nos turnos matutino e vespertino.<\/p>\n\n\n\n<p>Para mais esclarecimentos e\/ou d\u00favidas, os interessados poder\u00e3o entrar em contato por e-mail: prosel.poseja@si.ifbaiano.edu.br<\/p>\n\n\n\n<hr class=\"wp-block-separator has-alpha-channel-opacity\" \/>\n\n\n\n<p><strong>Documentos do Processo Seletivo:<\/strong><\/p>\n\n\n\n<ul>\n<li><a rel=\"noreferrer noopener\" href=\"https:\/\/concurso.ifbaiano.edu.br\/portal\/pos-educacao-jovens-adultos-santa-ines-novembro-2023\/wp-content\/uploads\/sites\/915\/2023\/11\/Edital.pdf\" target=\"_blank\">Edital n\u00ba 221<\/a><\/li>\n\n\n\n<li><a rel=\"noreferrer noopener\" href=\"https:\/\/concurso.ifbaiano.edu.br\/portal\/pos-educacao-jovens-adultos-santa-ines-novembro-2023\/wp-content\/uploads\/sites\/915\/2023\/11\/Cronograma.pdf\" target=\"_blank\">Cronograma<\/a><\/li>\n\n\n\n<li><a rel=\"noreferrer noopener\" href=\"https:\/\/concurso.ifbaiano.edu.br\/portal\/pos-educacao-jovens-adultos-santa-ines-novembro-2023\/wp-content\/uploads\/sites\/915\/2023\/11\/ANEXO-I-%E2%80%93-FICHA-DE-INSCRICAO.odt\" target=\"_blank\">Anexo I \u2013 Ficha de Inscri\u00e7\u00e3o<\/a><\/li>\n\n\n\n<li><a rel=\"noreferrer noopener\" href=\"https:\/\/concurso.ifbaiano.edu.br\/portal\/pos-educacao-jovens-adultos-santa-ines-novembro-2023\/wp-content\/uploads\/sites\/915\/2023\/11\/ANEXO-II-%E2%80%93-AUTODECLARACAO-ETNICO-RACIAL.odt\" target=\"_blank\">Anexo II \u2013 Autodeclara\u00e7\u00e3o \u00c9tnico-Racial<\/a><\/li>\n\n\n\n<li><a rel=\"noreferrer noopener\" href=\"https:\/\/concurso.ifbaiano.edu.br\/portal\/pos-educacao-jovens-adultos-santa-ines-novembro-2023\/wp-content\/uploads\/sites\/915\/2023\/11\/ANEXO-III-DECLARACAO-DE-PESSOA-COM-DEFICIENCIA.odt\" target=\"_blank\">Anexo III \u2013 Declara\u00e7\u00e3o de Pessoa Com Defici\u00eancia<\/a><\/li>\n\n\n\n<li><a rel=\"noreferrer noopener\" href=\"https:\/\/concurso.ifbaiano.edu.br\/portal\/pos-educacao-jovens-adultos-santa-ines-novembro-2023\/wp-content\/uploads\/sites\/915\/2023\/11\/ANEXO-IV-%E2%80%93-BAREMA-DE-AVALIACAO-DO-PROCESSO-SELETIVO.pdf\" target=\"_blank\">Anexo IV \u2013 Barema de Avalia\u00e7\u00e3o do Processo Seletivo<\/a><\/li>\n\n\n\n<li><a rel=\"noreferrer noopener\" href=\"https:\/\/concurso.ifbaiano.edu.br\/portal\/pos-educacao-jovens-adultos-santa-ines-novembro-2023\/wp-content\/uploads\/sites\/915\/2023\/11\/ANEXO-V-FORMULARIO-PARA-IMPUGNACAO-E-INTERPOSICAO-DE-RECURSOS.odt\" target=\"_blank\">Anexo V \u2013 Formul\u00e1rio para Impugna\u00e7\u00e3o e Interposi\u00e7\u00e3o de Recursos<\/a><\/li>\n\n\n\n<li><a rel=\"noreferrer noopener\" href=\"https:\/\/concurso.ifbaiano.edu.br\/portal\/pos-educacao-jovens-adultos-santa-ines-novembro-2023\/wp-content\/uploads\/sites\/915\/2023\/12\/Retificacao-do-Edital.pdf\" target=\"_blank\">Retifica\u00e7\u00e3o do Edital<\/a><\/li>\n<\/ul>\n\n\n\n<hr class=\"wp-block-separator has-alpha-channel-opacity\" \/>\n","protected":false},"excerpt":{"rendered":"<p>As inscri\u00e7\u00f5es ser\u00e3o realizadas no per\u00edodo de 28 de novembro a 17 de dezembro de 2023<\/p>\n","protected":false},"author":86,"featured_media":18806,"comment_status":"closed","ping_status":"closed","sticky":false,"template":"","format":"standard","meta":[],"categories":[4,5,8,57],"tags":[],"_links":{"self":[{"href":"https:\/\/www.ifbaiano.edu.br\/unidades\/santaines\/wp-json\/wp\/v2\/posts\/20159"}],"collection":[{"href":"https:\/\/www.ifbaiano.edu.br\/unidades\/santaines\/wp-json\/wp\/v2\/posts"}],"about":[{"href":"https:\/\/www.ifbaiano.edu.br\/unidades\/santaines\/wp-json\/wp\/v2\/types\/post"}],"author":[{"embeddable":true,"href":"https:\/\/www.ifbaiano.edu.br\/unidades\/santaines\/wp-json\/wp\/v2\/users\/86"}],"replies":[{"embeddable":true,"href":"https:\/\/www.ifbaiano.edu.br\/unidades\/santaines\/wp-json\/wp\/v2\/comments?post=20159"}],"version-history":[{"count":2,"href":"https:\/\/www.ifbaiano.edu.br\/unidades\/santaines\/wp-json\/wp\/v2\/posts\/20159\/revisions"}],"predecessor-version":[{"id":20317,"href":"https:\/\/www.ifbaiano.edu.br\/unidades\/santaines\/wp-json\/wp\/v2\/posts\/20159\/revisions\/20317"}],"wp:featuredmedia":[{"embeddable":true,"href":"https:\/\/www.ifbaiano.edu.br\/unidades\/santaines\/wp-json\/wp\/v2\/media\/18806"}],"wp:attachment":[{"href":"https:\/\/www.ifbaiano.edu.br\/unidades\/santaines\/wp-json\/wp\/v2\/media?parent=20159"}],"wp:term":[{"taxonomy":"category","embeddable":true,"href":"https:\/\/www.ifbaiano.edu.br\/unidades\/santaines\/wp-json\/wp\/v2\/categories?post=20159"},{"taxonomy":"post_tag","embeddable":true,"href":"https:\/\/www.ifbaiano.edu.br\/unidades\/santaines\/wp-json\/wp\/v2\/tags?post=20159"}],"curies":[{"name":"wp","href":"https:\/\/api.w.org\/{rel}","templated":true}]}}