{"id":20174,"date":"2023-11-28T10:44:21","date_gmt":"2023-11-28T13:44:21","guid":{"rendered":"https:\/\/www.ifbaiano.edu.br\/unidades\/santaines\/?p=20174"},"modified":"2023-12-04T08:05:29","modified_gmt":"2023-12-04T11:05:29","slug":"campus-santa-ines-publica-edital-para-aquisicao-de-generos-alimenticios-da-agricultura-familiar","status":"publish","type":"post","link":"https:\/\/www.ifbaiano.edu.br\/unidades\/santaines\/campus-santa-ines-publica-edital-para-aquisicao-de-generos-alimenticios-da-agricultura-familiar\/","title":{"rendered":"Campus Santa In\u00eas publica edital de Chamada P\u00fablica para aquisi\u00e7\u00e3o de g\u00eaneros aliment\u00edcios da agricultura familiar"},"content":{"rendered":"\n<p><strong><br><\/strong><\/p>\n\n\n\n<p>O IF Baiano &#8211; Campus Santa In\u00eas divulgou hoje, 28, o<strong> Edital de<\/strong> <strong>Chamada&nbsp;P\u00fablica&nbsp;n\u00ba 3\/2023 <\/strong>cujo objeto \u00e9 a aquisi\u00e7\u00e3o de g\u00eaneros aliment\u00edcios da agricultura familiar para atendimento ao Programa Nacional de Alimenta\u00e7\u00e3o Escolar &#8211; PNAE.<\/p>\n\n\n\n<p>Poder\u00e3o participar desta&nbsp;chamada p\u00fablica&nbsp;os agricultores familiares individuais, os organizados em grupos informais, e os&nbsp;organizados em grupos&nbsp;formais (cooperativas e associa\u00e7\u00f5es). A sess\u00e3o&nbsp;p\u00fablica&nbsp;e abertura dos envelopes acontece no dia&nbsp;18 de dezembro de 2023,&nbsp;\u00e0s 09h (hor\u00e1rio de Bras\u00edlia).<\/p>\n\n\n\n<p>Os participantes devem ficar atentos \u00e0s datas e hor\u00e1rios especificados no edital. O envio do envelope contendo os documentos de habilita\u00e7\u00e3o e projeto de venda devem ser entregues, at\u00e9 \u00e0s 09h&nbsp;(hor\u00e1rio de Bras\u00edlia)&nbsp;do dia&nbsp;18 de dezembro de 2023, na sala do N\u00facleo de Licita\u00e7\u00f5es do IF Baiano \u2013 Campus Santa In\u00eas, localizada no Km 2,5 \u2013 BR 420 \u2013 Rodovia Santa In\u00eas x Uba\u00edra, cidade de Santa In\u00eas \u2013 Bahia, ou enviados pelo e-mail compras@si.ifbaiano.edu.br.<\/p>\n\n\n\n<p>O envelope deve ser identificado com o nome do participante e conter em suas partes externas e frontais os seguintes dizeres:<br>DOCUMENTOS DE HABILITA\u00c7\u00c3O E PROPOSTA DE VENDA<br>IF BAIANO &#8211; CAMPUS SANTA IN\u00caS<br>CHAMADA P\u00daBLICA N\u00ba 03\/2023<br>Nome do Grupo Formal\/ Grupo Informal\/Fornecedor Individual<br>CNPJ\/CPF<\/p>\n\n\n\n<p>Mais informa\u00e7\u00f5es est\u00e3o dispon\u00edveis no edital que poder\u00e1 ser obtido na p\u00e1gina do Campus Santa In\u00eas, <a href=\"https:\/\/www.ifbaiano.edu.br\/unidades\/santaines\/files\/2023\/11\/Edital-da-Chamada-Publica-no-3-2023.pdf\">neste endere\u00e7o<\/a>,&nbsp;solicitado pelo&nbsp;e-mail&nbsp;compras@si.ifbaiano.edu.br,&nbsp;ou&nbsp;na sala do N\u00facleo de Licita\u00e7\u00f5es do IF Baiano \u2013 Campus Santa In\u00eas, localizada no Km 2,5 \u2013 BR 420 \u2013 Rodovia Santa In\u00eas x Ubaira, cidade de Santa In\u00eas \u2013 Bahia.<\/p>\n\n\n\n<hr class=\"wp-block-separator has-alpha-channel-opacity\" \/>\n\n\n\n<p><\/p>\n","protected":false},"excerpt":{"rendered":"<p>O IF Baiano &#8211; Campus Santa In\u00eas divulgou hoje, 28, o Edital de Chamada&nbsp;P\u00fablica&nbsp;n\u00ba 3\/2023 cujo objeto \u00e9 a aquisi\u00e7\u00e3o de g\u00eaneros aliment\u00edcios da agricultura familiar para atendimento ao Programa Nacional de Alimenta\u00e7\u00e3o Escolar &#8211; PNAE. Poder\u00e3o participar desta&nbsp;chamada p\u00fablica&nbsp;os agricultores familiares individuais, os organizados em grupos informais, e os&nbsp;organizados em grupos&nbsp;formais (cooperativas e associa\u00e7\u00f5es). [&hellip;]<\/p>\n","protected":false},"author":86,"featured_media":20264,"comment_status":"closed","ping_status":"closed","sticky":false,"template":"","format":"standard","meta":[],"categories":[4,5,57],"tags":[],"_links":{"self":[{"href":"https:\/\/www.ifbaiano.edu.br\/unidades\/santaines\/wp-json\/wp\/v2\/posts\/20174"}],"collection":[{"href":"https:\/\/www.ifbaiano.edu.br\/unidades\/santaines\/wp-json\/wp\/v2\/posts"}],"about":[{"href":"https:\/\/www.ifbaiano.edu.br\/unidades\/santaines\/wp-json\/wp\/v2\/types\/post"}],"author":[{"embeddable":true,"href":"https:\/\/www.ifbaiano.edu.br\/unidades\/santaines\/wp-json\/wp\/v2\/users\/86"}],"replies":[{"embeddable":true,"href":"https:\/\/www.ifbaiano.edu.br\/unidades\/santaines\/wp-json\/wp\/v2\/comments?post=20174"}],"version-history":[{"count":4,"href":"https:\/\/www.ifbaiano.edu.br\/unidades\/santaines\/wp-json\/wp\/v2\/posts\/20174\/revisions"}],"predecessor-version":[{"id":22564,"href":"https:\/\/www.ifbaiano.edu.br\/unidades\/santaines\/wp-json\/wp\/v2\/posts\/20174\/revisions\/22564"}],"wp:featuredmedia":[{"embeddable":true,"href":"https:\/\/www.ifbaiano.edu.br\/unidades\/santaines\/wp-json\/wp\/v2\/media\/20264"}],"wp:attachment":[{"href":"https:\/\/www.ifbaiano.edu.br\/unidades\/santaines\/wp-json\/wp\/v2\/media?parent=20174"}],"wp:term":[{"taxonomy":"category","embeddable":true,"href":"https:\/\/www.ifbaiano.edu.br\/unidades\/santaines\/wp-json\/wp\/v2\/categories?post=20174"},{"taxonomy":"post_tag","embeddable":true,"href":"https:\/\/www.ifbaiano.edu.br\/unidades\/santaines\/wp-json\/wp\/v2\/tags?post=20174"}],"curies":[{"name":"wp","href":"https:\/\/api.w.org\/{rel}","templated":true}]}}