{"id":20222,"date":"2023-12-13T07:08:00","date_gmt":"2023-12-13T10:08:00","guid":{"rendered":"https:\/\/www.ifbaiano.edu.br\/unidades\/santaines\/?p=20222"},"modified":"2023-12-15T19:41:07","modified_gmt":"2023-12-15T22:41:07","slug":"campus-santa-ines-disponibiliza-seis-bolsas-para-o-programa-de-monitoria","status":"publish","type":"post","link":"https:\/\/www.ifbaiano.edu.br\/unidades\/santaines\/campus-santa-ines-disponibiliza-seis-bolsas-para-o-programa-de-monitoria\/","title":{"rendered":"Campus Santa In\u00eas disponibiliza seis bolsas para o Programa de Monitoria"},"content":{"rendered":"\n<p>No per\u00edodo de 30 de novembro at\u00e9 05 de dezembro, foram realizadas as inscri\u00e7\u00f5es no processo seletivo aberto no IF Baiano &#8211; Campus Santa In\u00eas para  concess\u00e3o de bolsas de monitoria para os Cursos T\u00e9cnicos Integrados e Subsequente, e para os Cursos de Gradua\u00e7\u00e3o do IF Baiano &#8211; Campus Santa In\u00eas.<\/p>\n\n\n\n<p>A sele\u00e7\u00e3o acontece em duas etapas: An\u00e1lise do hist\u00f3rico escolar e An\u00e1lise da carta de inten\u00e7\u00e3o. Para se inscrever, Estudantes interessados e aptos a participarem da sele\u00e7\u00e3o precisariam estar de posse da c\u00f3pia do Hist\u00f3rico Escolar SUAP, c\u00f3pia de documento oficial com foto ( frente e verso), CPF e <a href=\"\/\/forms.gle\/tatL18CmM3c38LcEA\">Ficha de inscri\u00e7\u00e3o <\/a><em><a href=\"\/\/forms.gle\/tatL18CmM3c38LcEA\">online<\/a> <\/em>devidamente preenchida. <\/p>\n\n\n\n<p>Est\u00e3o sendo disponibilizadas 6 (seis) bolsas no valor de R$ 200,00 (duzentos reais) mensais por um per\u00edodo de at\u00e9 dez meses para monitores, com previs\u00e3o de in\u00edcio em dezembro de 2023 at\u00e9 maio de 2024, podendo ser prorrogada por mais 4 (quatro) meses. Cada curso ofertado pelo Campus Santa In\u00eas: Bacharelado em Zootecnia, Licenciatura em Ci\u00eancias Biol\u00f3gicas, Licenciatura em Geografia,  Curso T\u00e9cnico em Inform\u00e1tica &#8211; Subsequente ser\u00e1 contemplado com uma bolsa e duas bolsas ser\u00e3o disponibilizadas para estudantes dos Cursos T\u00e9cnicos em Alimentos, Zootecnia e Agropecu\u00e1ria Integrados ao Ensino M\u00e9dio.<\/p>\n\n\n\n<p>O edital de sele\u00e7\u00e3o prev\u00ea que os discentes classificados(as) n\u00e3o contemplados(as) com a bolsa, possam realizar a monitoria volunt\u00e1ria, desde que seja em comum acordo com o(a) docente orientador(a) essa modalidade de oferta. Est\u00e3o dispon\u00edveis, no <a href=\"https:\/\/www.ifbaiano.edu.br\/unidades\/santaines\/files\/2023\/11\/Edital-33_2023-PROCESSO-SELETIVO-PARA-CONCESSAO-DE-BOLSAS-DE-MONITORIA.pdf\">edital<\/a>, os componentes curriculares de cada curso e respectivos professores orientadores com vagas dispon\u00edveis para inscri\u00e7\u00e3o .<\/p>\n\n\n\n<p>Considerando o hor\u00e1rio normal de funcionamento do Campus Santa In\u00eas, os monitores selecionados dever\u00e3o dispor de no m\u00ednimo 8 (oito) horas e no m\u00e1ximo 10 (dez) horas semanais de segunda-feira a sexta-feira, distribu\u00eddas entre atividades em sala de aula, atividades de planejamento com orientador e de estudo individual, obedecendo \u00e0 programa\u00e7\u00e3o a ser elaborada com o Docente Orientador (a), organizada no Plano de Monitoria. A comprova\u00e7\u00e3o de disponibilidade de horas para atua\u00e7\u00e3o no Programa de Monitoria dever\u00e1 ser comprovada, pelo(a) monitor(a) no momento da admiss\u00e3o.<br><\/p>\n\n\n\n<p><strong>Sobre o Programa de Monitoria<\/strong><\/p>\n\n\n\n<p>O Programa de Monitoria, a estudantes, destinado a estudantes regularmente matriculados nos Cursos T\u00e9cnicos de N\u00edvel M\u00e9dio e em Cursos de Gradua\u00e7\u00e3o, \u00e9 compreendido como uma atividade acad\u00eamica para a melhoria do ensino desses cursos, atrav\u00e9s do estabelecimento de novas pr\u00e1ticas e experi\u00eancias educacionais, a articula\u00e7\u00e3o entre teoria e pr\u00e1tica, bem como, a integra\u00e7\u00e3o curricular em seus diferentes aspectos. <\/p>\n\n\n\n<p>Dentre os objetivos do Programa, tem-se: Estimular a participa\u00e7\u00e3o de estudantes em todas as etapas do processo educacional, bem como, fortalecer seu v\u00ednculo com a vida acad\u00eamica do IF Baiano; Contribuir com as atividades de aprimoramento do aprendizado do(a) estudante com a finalidade de superar<br>problemas de aprendizagem; Pesquisar novas metodologias de ensino adequadas \u00e0s especificidades do componente curricular do programa; Contribuir, atrav\u00e9s da forma\u00e7\u00e3o de monitores(as) de ensino para a difus\u00e3o do conhecimento e desenvolvimento humano e tecnol\u00f3gico; Possibilitar a constru\u00e7\u00e3o de conhecimentos atrav\u00e9s da intera\u00e7\u00e3o entre os(as) estudantes; Desenvolver o processo de ensino-aprendizagem do(a) discente no campo do ensino, relacionando teoria e pr\u00e1tica; e Aperfei\u00e7oar o itiner\u00e1rio formativo dos(as) discentes ao proporcionar a contextualiza\u00e7\u00e3o de diferentes saberes.<\/p>\n\n\n\n<p>As d\u00favidas e questionamentos sobre o processo de sele\u00e7\u00e3o do Programa de monitoria podem ser enviadas para o endere\u00e7o eletr\u00f4nico selecaomonitoria@si.ifbaiano.edu.br.<\/p>\n\n\n\n<hr class=\"wp-block-separator has-alpha-channel-opacity\" \/>\n\n\n\n<h2 class=\"wp-block-heading\">Documentos relativos ao Processo Seletivo<\/h2>\n\n\n\n<ul>\n<li><a href=\"https:\/\/www.ifbaiano.edu.br\/unidades\/santaines\/files\/2023\/11\/Edital-33_2023-PROCESSO-SELETIVO-PARA-CONCESSAO-DE-BOLSAS-DE-MONITORIA.pdf\">Edital de abertura<\/a><\/li>\n\n\n\n<li><a href=\"https:\/\/www.ifbaiano.edu.br\/unidades\/santaines\/files\/2023\/12\/Homologacao-das-Inscricoes-Monitoria-2023.2.pdf\">Homologa\u00e7\u00e3o das Inscri\u00e7\u00f5es<\/a><\/li>\n\n\n\n<li><a href=\"https:\/\/www.ifbaiano.edu.br\/unidades\/santaines\/files\/2023\/12\/Resultado-Preliminar-da-Classificacao-Monitoria-2023.2.pdf\">Resultado preliminar de classifica\u00e7\u00e3o<\/a><\/li>\n\n\n\n<li><a href=\"https:\/\/www.ifbaiano.edu.br\/unidades\/santaines\/files\/2023\/12\/Resultado-Final-Monitoria-2023.2.pdf\">Resultado Final<\/a><\/li>\n\n\n\n<li><a href=\"https:\/\/www.ifbaiano.edu.br\/unidades\/santaines\/files\/2023\/12\/Resultado-Final-Monitoria-2023.2-Retificado.pdf\">Resultado Final Retificado<\/a><\/li>\n<\/ul>\n\n\n\n<p><\/p>\n","protected":false},"excerpt":{"rendered":"<p>No per\u00edodo de 30 de novembro at\u00e9 05 de dezembro, foram realizadas as inscri\u00e7\u00f5es no processo seletivo aberto no IF Baiano &#8211; Campus Santa In\u00eas para concess\u00e3o de bolsas de monitoria para os Cursos T\u00e9cnicos Integrados e Subsequente, e para os Cursos de Gradua\u00e7\u00e3o do IF Baiano &#8211; Campus Santa In\u00eas. A sele\u00e7\u00e3o acontece em [&hellip;]<\/p>\n","protected":false},"author":86,"featured_media":0,"comment_status":"closed","ping_status":"closed","sticky":false,"template":"","format":"standard","meta":[],"categories":[4,38,5,57],"tags":[],"_links":{"self":[{"href":"https:\/\/www.ifbaiano.edu.br\/unidades\/santaines\/wp-json\/wp\/v2\/posts\/20222"}],"collection":[{"href":"https:\/\/www.ifbaiano.edu.br\/unidades\/santaines\/wp-json\/wp\/v2\/posts"}],"about":[{"href":"https:\/\/www.ifbaiano.edu.br\/unidades\/santaines\/wp-json\/wp\/v2\/types\/post"}],"author":[{"embeddable":true,"href":"https:\/\/www.ifbaiano.edu.br\/unidades\/santaines\/wp-json\/wp\/v2\/users\/86"}],"replies":[{"embeddable":true,"href":"https:\/\/www.ifbaiano.edu.br\/unidades\/santaines\/wp-json\/wp\/v2\/comments?post=20222"}],"version-history":[{"count":7,"href":"https:\/\/www.ifbaiano.edu.br\/unidades\/santaines\/wp-json\/wp\/v2\/posts\/20222\/revisions"}],"predecessor-version":[{"id":20357,"href":"https:\/\/www.ifbaiano.edu.br\/unidades\/santaines\/wp-json\/wp\/v2\/posts\/20222\/revisions\/20357"}],"wp:attachment":[{"href":"https:\/\/www.ifbaiano.edu.br\/unidades\/santaines\/wp-json\/wp\/v2\/media?parent=20222"}],"wp:term":[{"taxonomy":"category","embeddable":true,"href":"https:\/\/www.ifbaiano.edu.br\/unidades\/santaines\/wp-json\/wp\/v2\/categories?post=20222"},{"taxonomy":"post_tag","embeddable":true,"href":"https:\/\/www.ifbaiano.edu.br\/unidades\/santaines\/wp-json\/wp\/v2\/tags?post=20222"}],"curies":[{"name":"wp","href":"https:\/\/api.w.org\/{rel}","templated":true}]}}