{"id":20227,"date":"2023-11-30T18:31:39","date_gmt":"2023-11-30T21:31:39","guid":{"rendered":"https:\/\/www.ifbaiano.edu.br\/unidades\/santaines\/?p=20227"},"modified":"2023-11-30T18:31:40","modified_gmt":"2023-11-30T21:31:40","slug":"durante-reuniao-pais-de-estudantes-conhecem-projetos-desenvolvidos-no-campus-santa-ines","status":"publish","type":"post","link":"https:\/\/www.ifbaiano.edu.br\/unidades\/santaines\/durante-reuniao-pais-de-estudantes-conhecem-projetos-desenvolvidos-no-campus-santa-ines\/","title":{"rendered":"Durante reuni\u00e3o, pais de estudantes conhecem projetos desenvolvidos no Campus Santa In\u00eas"},"content":{"rendered":"\n<p>A \u00faltima reuni\u00e3o do ano de 2023, com os pais dos estudantes da terceira s\u00e9rie dos cursos T\u00e9cnicos de N\u00edvel M\u00e9dio, aconteceu na tarde de ontem, no audit\u00f3rio da biblioteca do Campus Santa In\u00eas sob a condu\u00e7\u00e3o da Coordenadora de Ensino, professora Tharcilla Pessoa.<\/p>\n\n\n\n<p>Estiveram presentes na reuni\u00e3o, junto aos pais dos estudantes, a Diretora Geral, professora Genilda Lima; o Diretor Acad\u00eamico, professor Guilherme Nascimento; as coordenadoras dos Cursos T\u00e9cnicos em Alimentos, Agropecu\u00e1ria e Zootecnia: professoras Marilete Previero, Lucidalva Menezes e Viviane Correa, respectivamente; a Equipe T\u00e9cnico-pedag\u00f3gica: Merilande Eloi, Eliane Barbosa\u00a0e Arlene Luttigards Sampaio; o Coordenador de Assuntos Estudantis, \u00c2ngelo Francisco; o Coordenador do N\u00facleo de rela\u00e7\u00f5es Institucionais, William Alves; a psic\u00f3loga Claudimeia Barreto, os membros da comiss\u00e3o disciplinar discente, professores Nelson Vieira e N\u00fabia Cruz, servidores e colaboradores.<\/p>\n\n\n\n<p>Apresenta\u00e7\u00e3o cultural e explana\u00e7\u00f5es sobre est\u00e1gio curricular, trote e bulling fizeram parte do bate papo com os participantes desse encontro. Ap\u00f3s essas falas, os pais e respons\u00e1veis pelos estudantes foram direcionados para apresenta\u00e7\u00f5es dos stands dos grupos de estudos dos estudantes do campus. <\/p>\n\n\n\n<figure class=\"wp-block-gallery has-nested-images columns-default is-cropped wp-block-gallery-1 is-layout-flex\">\n<figure class=\"wp-block-image size-large\"><a href=\"https:\/\/www.ifbaiano.edu.br\/unidades\/santaines\/files\/2023\/11\/9.jpg\"><img decoding=\"async\" loading=\"lazy\" width=\"5969\" height=\"3990\" data-id=\"20249\"  src=\"https:\/\/www.ifbaiano.edu.br\/unidades\/santaines\/files\/2023\/11\/9.jpg\" alt=\"\" class=\"wp-image-20249\" \/><\/a><\/figure>\n\n\n\n<figure class=\"wp-block-image size-large\"><a href=\"https:\/\/www.ifbaiano.edu.br\/unidades\/santaines\/files\/2023\/11\/capa.jpg\"><img decoding=\"async\" loading=\"lazy\" width=\"1596\" height=\"526\" data-id=\"20230\"  src=\"https:\/\/www.ifbaiano.edu.br\/unidades\/santaines\/files\/2023\/11\/capa.jpg\" alt=\"\" class=\"wp-image-20230\" \/><\/a><\/figure>\n\n\n\n<figure class=\"wp-block-image size-large\"><a href=\"https:\/\/www.ifbaiano.edu.br\/unidades\/santaines\/files\/2023\/11\/17.jpg\"><img decoding=\"async\" loading=\"lazy\" width=\"1600\" height=\"1160\" data-id=\"20232\"  src=\"https:\/\/www.ifbaiano.edu.br\/unidades\/santaines\/files\/2023\/11\/17.jpg\" alt=\"\" class=\"wp-image-20232\" \/><\/a><\/figure>\n\n\n\n<figure class=\"wp-block-image size-large\"><a href=\"https:\/\/www.ifbaiano.edu.br\/unidades\/santaines\/files\/2023\/11\/16.jpg\"><img decoding=\"async\" loading=\"lazy\" width=\"1600\" height=\"1194\" data-id=\"20237\"  src=\"https:\/\/www.ifbaiano.edu.br\/unidades\/santaines\/files\/2023\/11\/16.jpg\" alt=\"\" class=\"wp-image-20237\" \/><\/a><\/figure>\n\n\n\n<figure class=\"wp-block-image size-large\"><a href=\"https:\/\/www.ifbaiano.edu.br\/unidades\/santaines\/files\/2023\/11\/13.jpg\"><img decoding=\"async\" loading=\"lazy\" width=\"1588\" height=\"1185\" data-id=\"20234\"  src=\"https:\/\/www.ifbaiano.edu.br\/unidades\/santaines\/files\/2023\/11\/13.jpg\" alt=\"\" class=\"wp-image-20234\" \/><\/a><\/figure>\n\n\n\n<figure class=\"wp-block-image size-large\"><a href=\"https:\/\/www.ifbaiano.edu.br\/unidades\/santaines\/files\/2023\/11\/14.jpg\"><img decoding=\"async\" loading=\"lazy\" width=\"1600\" height=\"1194\" data-id=\"20238\"  src=\"https:\/\/www.ifbaiano.edu.br\/unidades\/santaines\/files\/2023\/11\/14.jpg\" alt=\"\" class=\"wp-image-20238\" \/><\/a><\/figure>\n<\/figure>\n\n\n\n<h2 class=\"wp-block-heading\">Grupos de Estudos presentes na reuni\u00e3o:<\/h2>\n\n\n\n<p><strong>Grupo de Estudos em Qu\u00edmica<\/strong> cujo objetivo \u00e9 divulgar e popularizar a ci\u00eancia por meio de apresenta\u00e7\u00f5es de experimentos qu\u00edmicos com \u00eanfase na intera\u00e7\u00e3o com o p\u00fablico, tem como coordenador, o professor Jeferson do Ros\u00e1rio Almeida. Estiveram presentes, os alunos Thiago Fontes Santos \u2013 3\u00ba Ano de Alimentos, Rafael Santos Batista \u2013 1\u00ba Ano de Agropecu\u00e1ria e Micael Dias Vilela Santos \u2013 1\u00ba Ano de Zootecnia;<\/p>\n\n\n\n<p><strong>Grupo de estudos &#8220;EnsiPeBio&#8221;<\/strong> sob a coordena\u00e7\u00e3o do professor Rog\u00e9rio Cordeiro, tenciona compreender as diversas representa\u00e7\u00f5es de Biodiversidade no territ\u00f3rio de identidade do Vale do Jiquiri\u00e7\u00e1. Alunos presentes: Catarinna Braga de Melo, Ayllin Livia Neri de Souza, Ana Clara Mascarenhas Serra dos Santos, Sarah Santos de Souza, Gervasio Souza de Jesus Neto, Juliana Bulh\u00f5es Barreto, Emanuel Rocha de Andrade, todos do Curso T\u00e9cnico em Agropecu\u00e1ria; Ant\u00f4nio Ot\u00e1vio Guimar\u00e3es Santos, T\u00e9cnico em Zootecnia e Elo\u00e1 Almeida Guimar\u00e3es, T\u00e9cnico em Alimentos.<\/p>\n\n\n\n<p><strong>Grupo de Estudos e Pesquisa de Olho no Rebanho (GEPOR)<\/strong> sob a coordena\u00e7\u00e3o e orienta\u00e7\u00e3o da professora Viviane Correa Santos, apresentaram os Projetos de &#8220;Produ\u00e7\u00e3o de Petiscos naturais para c\u00e3es e Gatos&#8221;, vinculado ao Projeto de extens\u00e3o do Ensino M\u00e9dio apresentado pelo bolsista:<strong> <\/strong>Jeferson Souza dos Santos Junior e o Projeto de Pesquisa: &#8220;Produ\u00e7\u00e3o de Mudas Avan\u00e7adas de Maracujazeiro&#8221; apresentado pelos bolsistas de Inicia\u00e7\u00e3o Cient\u00edfica (IC) do Ensino M\u00e9dio: Luiza Miranda Logrado e Bolsistas de IC do Bacharelado em Zootecnia: Vagner da Silva Santana e Rafaela dos Santos Rodrigues.<\/p>\n\n\n\n<p><strong>Mostra Curso T\u00e9cnico em Alimentos<\/strong>, sob a orienta\u00e7\u00e3o da professora Andr\u00e9a Lobo Miranda, contou com a participa\u00e7\u00e3o dos discentes: Ana Clara Santos de Novaes, Karine Bonfim de Jesus, Crislanny de Lima Cruz e Thiago Fontes Santos, onde foram apresentados dois projetos de pesquisa, em desenvolvimento no Campus, com foco no aproveitamento integral dos alimentos:<\/p>\n\n\n\n<p>O Projeto <strong>Doce ao vinho<\/strong> que visa o desenvolvimento de doces em massa e em calda de abacaxi e banana ao vinho, com o objetivo de aumentar o valor nutricional dos produtos aliment\u00edcios e evitar o desperd\u00edcio de partes de alimentos, normalmente n\u00e3o consumidas, a exemplo das cascas, reduzindo o impacto o ambiental do descarte de res\u00edduos; e <\/p>\n\n\n\n<p>O Projeto <strong>Hamb\u00farguer vegano<\/strong> que visa o desenvolvimento de carne de hamb\u00farguer vegano, utilizando mat\u00e9rias-primas como casca de banana, batata doce, farinha de arroz e farinha de casca de maracuj\u00e1, com o objetivo de aproveitar integralmente os alimentos que poderiam ser descartados como as cascas, diminuindo a produ\u00e7\u00e3o de lixo e desperd\u00edcio de alimentos que apresentam grande potencial de consumo, al\u00e9m do aproveitamento do valor nutricional destes insumos.<\/p>\n\n\n\n<p>Nesse \u00faltimo encontro anual com os pais, houve, tamb\u00e9m, o momento do lanche, onde todos os presentes puderam saborear um lanche preparado pelos alunos, em aulas pr\u00e1ticas do curso T\u00e9cnico em Alimentos.<\/p>\n\n\n\n<figure class=\"wp-block-gallery has-nested-images columns-default is-cropped wp-block-gallery-3 is-layout-flex\">\n<figure class=\"wp-block-image size-large\"><a href=\"https:\/\/www.ifbaiano.edu.br\/unidades\/santaines\/files\/2023\/11\/3.jpg\"><img decoding=\"async\" loading=\"lazy\" width=\"5955\" height=\"3970\" data-id=\"20250\"  src=\"https:\/\/www.ifbaiano.edu.br\/unidades\/santaines\/files\/2023\/11\/3.jpg\" alt=\"\" class=\"wp-image-20250\" \/><\/a><\/figure>\n\n\n\n<figure class=\"wp-block-image size-large\"><a href=\"https:\/\/www.ifbaiano.edu.br\/unidades\/santaines\/files\/2023\/11\/11.jpg\"><img decoding=\"async\" loading=\"lazy\" width=\"6000\" height=\"3980\" data-id=\"20248\"  src=\"https:\/\/www.ifbaiano.edu.br\/unidades\/santaines\/files\/2023\/11\/11.jpg\" alt=\"\" class=\"wp-image-20248\" \/><\/a><\/figure>\n\n\n\n<figure class=\"wp-block-image size-large\"><a href=\"https:\/\/www.ifbaiano.edu.br\/unidades\/santaines\/files\/2023\/11\/2.jpg\"><img decoding=\"async\" loading=\"lazy\" width=\"5980\" height=\"3969\" data-id=\"20247\"  src=\"https:\/\/www.ifbaiano.edu.br\/unidades\/santaines\/files\/2023\/11\/2.jpg\" alt=\"\" class=\"wp-image-20247\" \/><\/a><\/figure>\n\n\n\n<figure class=\"wp-block-image size-large\"><a href=\"https:\/\/www.ifbaiano.edu.br\/unidades\/santaines\/files\/2023\/11\/10.jpg\"><img decoding=\"async\" loading=\"lazy\" width=\"5969\" height=\"4000\" data-id=\"20246\"  src=\"https:\/\/www.ifbaiano.edu.br\/unidades\/santaines\/files\/2023\/11\/10.jpg\" alt=\"\" class=\"wp-image-20246\" \/><\/a><\/figure>\n\n\n\n<figure class=\"wp-block-image size-large\"><a href=\"https:\/\/www.ifbaiano.edu.br\/unidades\/santaines\/files\/2023\/11\/4.jpg\"><img decoding=\"async\" loading=\"lazy\" width=\"5959\" height=\"3949\" data-id=\"20245\"  src=\"https:\/\/www.ifbaiano.edu.br\/unidades\/santaines\/files\/2023\/11\/4.jpg\" alt=\"\" class=\"wp-image-20245\" \/><\/a><\/figure>\n\n\n\n<figure class=\"wp-block-image size-large\"><a href=\"https:\/\/www.ifbaiano.edu.br\/unidades\/santaines\/files\/2023\/11\/7.jpg\"><img decoding=\"async\" loading=\"lazy\" width=\"5969\" height=\"4000\" data-id=\"20244\"  src=\"https:\/\/www.ifbaiano.edu.br\/unidades\/santaines\/files\/2023\/11\/7.jpg\" alt=\"\" class=\"wp-image-20244\" \/><\/a><\/figure>\n\n\n\n<figure class=\"wp-block-image size-large\"><a href=\"https:\/\/www.ifbaiano.edu.br\/unidades\/santaines\/files\/2023\/11\/1.jpg\"><img decoding=\"async\" loading=\"lazy\" width=\"5949\" height=\"3949\" data-id=\"20242\"  src=\"https:\/\/www.ifbaiano.edu.br\/unidades\/santaines\/files\/2023\/11\/1.jpg\" alt=\"\" class=\"wp-image-20242\" \/><\/a><\/figure>\n\n\n\n<figure class=\"wp-block-image size-large\"><a href=\"https:\/\/www.ifbaiano.edu.br\/unidades\/santaines\/files\/2023\/11\/5.jpg\"><img decoding=\"async\" loading=\"lazy\" width=\"5959\" height=\"3990\" data-id=\"20241\"  src=\"https:\/\/www.ifbaiano.edu.br\/unidades\/santaines\/files\/2023\/11\/5.jpg\" alt=\"\" class=\"wp-image-20241\" \/><\/a><\/figure>\n\n\n\n<figure class=\"wp-block-image size-large\"><a href=\"https:\/\/www.ifbaiano.edu.br\/unidades\/santaines\/files\/2023\/11\/19.jpg\"><img decoding=\"async\" loading=\"lazy\" width=\"1587\" height=\"711\" data-id=\"20235\"  src=\"https:\/\/www.ifbaiano.edu.br\/unidades\/santaines\/files\/2023\/11\/19.jpg\" alt=\"\" class=\"wp-image-20235\" \/><\/a><\/figure>\n\n\n\n<figure class=\"wp-block-image size-large\"><a href=\"https:\/\/www.ifbaiano.edu.br\/unidades\/santaines\/files\/2023\/11\/20.jpg\"><img decoding=\"async\" loading=\"lazy\" width=\"1171\" height=\"720\" data-id=\"20231\"  src=\"https:\/\/www.ifbaiano.edu.br\/unidades\/santaines\/files\/2023\/11\/20.jpg\" alt=\"\" class=\"wp-image-20231\" \/><\/a><\/figure>\n\n\n\n<figure class=\"wp-block-image size-large\"><a href=\"https:\/\/www.ifbaiano.edu.br\/unidades\/santaines\/files\/2023\/11\/12.jpg\"><img decoding=\"async\" loading=\"lazy\" width=\"1582\" height=\"1175\" data-id=\"20239\"  src=\"https:\/\/www.ifbaiano.edu.br\/unidades\/santaines\/files\/2023\/11\/12.jpg\" alt=\"\" class=\"wp-image-20239\" \/><\/a><\/figure>\n\n\n\n<figure class=\"wp-block-image size-large\"><a href=\"https:\/\/www.ifbaiano.edu.br\/unidades\/santaines\/files\/2023\/11\/6.jpg\"><img decoding=\"async\" loading=\"lazy\" width=\"5969\" height=\"3990\" data-id=\"20240\"  src=\"https:\/\/www.ifbaiano.edu.br\/unidades\/santaines\/files\/2023\/11\/6.jpg\" alt=\"\" class=\"wp-image-20240\" \/><\/a><\/figure>\n<\/figure>\n\n\n\n<hr class=\"wp-block-separator has-alpha-channel-opacity\" \/>\n","protected":false},"excerpt":{"rendered":"<p>A \u00faltima reuni\u00e3o do ano de 2023, com os pais dos estudantes da terceira s\u00e9rie dos cursos T\u00e9cnicos de N\u00edvel M\u00e9dio, aconteceu na tarde de ontem, no audit\u00f3rio da biblioteca do Campus Santa In\u00eas sob a condu\u00e7\u00e3o da Coordenadora de Ensino, professora Tharcilla Pessoa. Estiveram presentes na reuni\u00e3o, junto aos pais dos estudantes, a Diretora [&hellip;]<\/p>\n","protected":false},"author":86,"featured_media":20252,"comment_status":"closed","ping_status":"closed","sticky":false,"template":"","format":"standard","meta":[],"categories":[4,13,57],"tags":[],"_links":{"self":[{"href":"https:\/\/www.ifbaiano.edu.br\/unidades\/santaines\/wp-json\/wp\/v2\/posts\/20227"}],"collection":[{"href":"https:\/\/www.ifbaiano.edu.br\/unidades\/santaines\/wp-json\/wp\/v2\/posts"}],"about":[{"href":"https:\/\/www.ifbaiano.edu.br\/unidades\/santaines\/wp-json\/wp\/v2\/types\/post"}],"author":[{"embeddable":true,"href":"https:\/\/www.ifbaiano.edu.br\/unidades\/santaines\/wp-json\/wp\/v2\/users\/86"}],"replies":[{"embeddable":true,"href":"https:\/\/www.ifbaiano.edu.br\/unidades\/santaines\/wp-json\/wp\/v2\/comments?post=20227"}],"version-history":[{"count":2,"href":"https:\/\/www.ifbaiano.edu.br\/unidades\/santaines\/wp-json\/wp\/v2\/posts\/20227\/revisions"}],"predecessor-version":[{"id":20251,"href":"https:\/\/www.ifbaiano.edu.br\/unidades\/santaines\/wp-json\/wp\/v2\/posts\/20227\/revisions\/20251"}],"wp:featuredmedia":[{"embeddable":true,"href":"https:\/\/www.ifbaiano.edu.br\/unidades\/santaines\/wp-json\/wp\/v2\/media\/20252"}],"wp:attachment":[{"href":"https:\/\/www.ifbaiano.edu.br\/unidades\/santaines\/wp-json\/wp\/v2\/media?parent=20227"}],"wp:term":[{"taxonomy":"category","embeddable":true,"href":"https:\/\/www.ifbaiano.edu.br\/unidades\/santaines\/wp-json\/wp\/v2\/categories?post=20227"},{"taxonomy":"post_tag","embeddable":true,"href":"https:\/\/www.ifbaiano.edu.br\/unidades\/santaines\/wp-json\/wp\/v2\/tags?post=20227"}],"curies":[{"name":"wp","href":"https:\/\/api.w.org\/{rel}","templated":true}]}}