{"id":20272,"date":"2023-12-04T17:00:28","date_gmt":"2023-12-04T20:00:28","guid":{"rendered":"https:\/\/www.ifbaiano.edu.br\/unidades\/santaines\/?p=20272"},"modified":"2023-12-05T20:48:35","modified_gmt":"2023-12-05T23:48:35","slug":"estudantes-do-if-baiano-campus-santa-ines-conquistam-medalhas-em-campeonato-de-jiu-jitsu","status":"publish","type":"post","link":"https:\/\/www.ifbaiano.edu.br\/unidades\/santaines\/estudantes-do-if-baiano-campus-santa-ines-conquistam-medalhas-em-campeonato-de-jiu-jitsu\/","title":{"rendered":"Estudantes do IF Baiano &#8211; Campus Santa In\u00eas, conquistam medalhas em Campeonato de Jiu-Jitsu"},"content":{"rendered":"\n<figure class=\"wp-block-image size-full\"><a href=\"https:\/\/www.ifbaiano.edu.br\/unidades\/santaines\/files\/2023\/12\/Foto-01.jpg\"><img decoding=\"async\" loading=\"lazy\" width=\"1600\" height=\"1556\" src=\"https:\/\/www.ifbaiano.edu.br\/unidades\/santaines\/files\/2023\/12\/Foto-01.jpg\" alt=\"\" class=\"wp-image-20273\" \/><\/a><\/figure>\n\n\n\n<p>Estudantes do IF Baiano &#8211; Campus Santa In\u00eas, participaram no \u00faltimo\u00a0domingo, dia\u00a003 de dezembro, do &#8220;Rec\u00f4ncavo Open de Jiu-Jitsu&#8221;, na cidade de Cruz da Almas, Bahia. As(Os) praticantes da &#8220;Arte Suave&#8221;, como tamb\u00e9m \u00e9 conhecido o Jiu-Jitsu, trouxeram nas suas bagagens, 9 medalhas, sendo, 5 medalhas de primeiro colocado, 3 de segundo colocado e 1 de terceiro colocado.<\/p>\n\n\n\n<p>De acordo com o professor do Campus, Antonildo Pereira, faixa preta de Jiu-Jitsu e idealizador do projeto, esse foi o primeiro campeonato de Jiu-Jitsu que as(os) estudantes do Campus, participantes do projeto de ensino do IF Baiano, competiram, onde sa\u00edram com um resultado bastante expressivo e com possibilidades de mais p\u00f3dios de primeiro lugar.<\/p>\n\n\n\n<p>O Professor acredita que, al\u00e9m da educa\u00e7\u00e3o, o esporte tamb\u00e9m \u00e9 um instrumento de transforma\u00e7\u00e3o social na vida das\/dos Discentes. &#8220;O Jiu-Jitsu, vai trazer melhorias na sa\u00fade e no bem-estar das\/dos estudantes, contribuindo para a sua forma\u00e7\u00e3o enquanto indiv\u00edduo e promovendo ambiente escolar harmonioso com base no respeito e na \u00e9tica&#8221; diz o professor.<\/p>\n\n\n\n<p>O projeto de Ensino de Jiu-Jitsu, que tem como tema, a pr\u00e1tica do Jiu-Jitsu como modalidade educativa, vem sendo desenvolvido desde agosto de 2022, nas depend\u00eancias do Campus Santa In\u00eas, com a colabora\u00e7\u00e3o do professor de Geografia, Bruno Rodrigues; da professora de Biologia, Edilaine Melo; do professor faixa preta, Balbino Sampaio; e dos alunos do curso de Bacharelado em Zootecnia, Wesley Rodrigues e Igor Figueiredo.<\/p>\n\n\n\n<p>O pr\u00f3ximo passo agora, segundo o professor Antonildo, \u00e9 treinar ainda mais as\/os praticantes da &#8220;Arte Suave&#8221; para que possam participar do Campeonato Baiano de Jiu-jitsu que ser\u00e1 realizado no primeiro semestre de 2024, provavelmente na cidade de Salvador. &#8220;O IF Baiano &#8211; Campus Santa In\u00eas, parabeniza as\/os atletas Bruna Tavares Mota, Davi Nascimento Santos, Djan Moura da Silva Filho, Felipe Santos de Souza , Jo\u00e3o Pedro dos Santos Reis e Jhullya Sampaio, por representarem bem a nossa Institui\u00e7\u00e3o de Ensino no Open Rec\u00f4ncavo de Jiu-Jitsu&#8221;. Conclui Antonildo.<\/p>\n\n\n\n<hr class=\"wp-block-separator has-alpha-channel-opacity\" \/>\n\n\n\n<p><\/p>\n","protected":false},"excerpt":{"rendered":"<p>Estudantes do IF Baiano &#8211; Campus Santa In\u00eas, participaram no \u00faltimo\u00a0domingo, dia\u00a003 de dezembro, do &#8220;Rec\u00f4ncavo Open de Jiu-Jitsu&#8221;, na cidade de Cruz da Almas, Bahia. As(Os) praticantes da &#8220;Arte Suave&#8221;, como tamb\u00e9m \u00e9 conhecido o Jiu-Jitsu, trouxeram nas suas bagagens, 9 medalhas, sendo, 5 medalhas de primeiro colocado, 3 de segundo colocado e 1 [&hellip;]<\/p>\n","protected":false},"author":86,"featured_media":20279,"comment_status":"closed","ping_status":"closed","sticky":false,"template":"","format":"standard","meta":[],"categories":[4,37,57],"tags":[],"_links":{"self":[{"href":"https:\/\/www.ifbaiano.edu.br\/unidades\/santaines\/wp-json\/wp\/v2\/posts\/20272"}],"collection":[{"href":"https:\/\/www.ifbaiano.edu.br\/unidades\/santaines\/wp-json\/wp\/v2\/posts"}],"about":[{"href":"https:\/\/www.ifbaiano.edu.br\/unidades\/santaines\/wp-json\/wp\/v2\/types\/post"}],"author":[{"embeddable":true,"href":"https:\/\/www.ifbaiano.edu.br\/unidades\/santaines\/wp-json\/wp\/v2\/users\/86"}],"replies":[{"embeddable":true,"href":"https:\/\/www.ifbaiano.edu.br\/unidades\/santaines\/wp-json\/wp\/v2\/comments?post=20272"}],"version-history":[{"count":11,"href":"https:\/\/www.ifbaiano.edu.br\/unidades\/santaines\/wp-json\/wp\/v2\/posts\/20272\/revisions"}],"predecessor-version":[{"id":20298,"href":"https:\/\/www.ifbaiano.edu.br\/unidades\/santaines\/wp-json\/wp\/v2\/posts\/20272\/revisions\/20298"}],"wp:featuredmedia":[{"embeddable":true,"href":"https:\/\/www.ifbaiano.edu.br\/unidades\/santaines\/wp-json\/wp\/v2\/media\/20279"}],"wp:attachment":[{"href":"https:\/\/www.ifbaiano.edu.br\/unidades\/santaines\/wp-json\/wp\/v2\/media?parent=20272"}],"wp:term":[{"taxonomy":"category","embeddable":true,"href":"https:\/\/www.ifbaiano.edu.br\/unidades\/santaines\/wp-json\/wp\/v2\/categories?post=20272"},{"taxonomy":"post_tag","embeddable":true,"href":"https:\/\/www.ifbaiano.edu.br\/unidades\/santaines\/wp-json\/wp\/v2\/tags?post=20272"}],"curies":[{"name":"wp","href":"https:\/\/api.w.org\/{rel}","templated":true}]}}