{"id":20305,"date":"2023-12-11T08:12:17","date_gmt":"2023-12-11T11:12:17","guid":{"rendered":"https:\/\/www.ifbaiano.edu.br\/unidades\/santaines\/?p=20305"},"modified":"2023-12-11T08:12:18","modified_gmt":"2023-12-11T11:12:18","slug":"campus-santa-ines-publica-edital-de-renovacao-de-matriculas-para-estudantes-dos-1o-e-2o-anos-dos-cursos-integrados","status":"publish","type":"post","link":"https:\/\/www.ifbaiano.edu.br\/unidades\/santaines\/campus-santa-ines-publica-edital-de-renovacao-de-matriculas-para-estudantes-dos-1o-e-2o-anos-dos-cursos-integrados\/","title":{"rendered":"Campus Santa In\u00eas publica edital de renova\u00e7\u00e3o de matr\u00edculas para estudantes dos 1\u00ba e 2\u00ba anos dos Cursos Integrados"},"content":{"rendered":"\n<p>A partir das&nbsp;00h do dia 26 de dezembro de 2023 at\u00e9 as&nbsp;23h59min do dia 29 de dezembro de 2023, estudantes&nbsp;do 1\u00ba e 2\u00ba anos para dos&nbsp;Cursos Integrados: T\u00e9cnico em Agropecu\u00e1ria, T\u00e9cnico em Zootecnia e T\u00e9cnico em Alimentos, ofertados&nbsp;pelo IF Baiano &#8211; <em>Campus <\/em>Santa In\u00eas, dever\u00e3o efetuar a renova\u00e7\u00e3o de Matr\u00edcula para o&nbsp;per\u00edodo&nbsp;letivo&nbsp;de 2024.<\/p>\n\n\n\n<p>A renova\u00e7\u00e3o de matr\u00edcula ser\u00e1 realizada atrav\u00e9s do&nbsp;Portal do Aluno no <a href=\"https:\/\/suap.ifbaiano.edu.br\/\"><strong>SUAP (<\/strong><\/a><strong><a href=\"https:\/\/suap.ifbaiano.edu.br\/\">Sistema Unificado de Administra\u00e7\u00e3o P\u00fablica<\/a><\/strong>) e, para isso, (a) estudante deve seguir algumas orienta\u00e7\u00f5es:<\/p>\n\n\n\n<p>a) Acessar o <a href=\"https:\/\/suap.ifbaiano.edu.br\/\">SUAP<\/a>;<br>b) O Usu\u00e1rio \u00e9 o n\u00famero da matr\u00edcula SUAP do(a) estudante (ex.:\u00a020201TDF00S0001) dispon\u00edvel no comprovante de matr\u00edcula;\u00a0<br>c) A senha do primeiro acesso \u00e9 If@CPF (I mai\u00fasculo, f min\u00fasculo e CPF apenas n\u00fameros &#8211; ex.: If@99999999999). Caso j\u00e1 tenha acessado, o(a) aluno(a) deve inserir a senha cadastrada;<br>d) Para redefinir a senha de acesso ao SUAP acessar este <a href=\"https:\/\/cau.ifbaiano.edu.br\/cau\/forgot-password\">link<\/a> ou entrar\u00a0em contato com a SRA do\u00a0<em>Campus <\/em>atrav\u00e9s do e-mail <a rel=\"noreferrer noopener\" href=\"mailto:sra@xique-xique.ifbaiano.edu.br\" target=\"_blank\">secretaria@si.ifbaiano.edu.br<\/a><em>.<\/em> Em caso\u00a0de\u00a0impossibilidades da solicita\u00e7\u00e3o da renova\u00e7\u00e3o de matr\u00edcula atrav\u00e9s do Portal do Aluno no SUAP, o(a) estudante dever\u00e1 requerer\u00a0a sua matr\u00edcula a SRA, atrav\u00e9s desse mesmo e-mail.<\/p>\n\n\n\n<p>\u00c9 necess\u00e1rio ficar atento(a) aos prazos, pois, a solicita\u00e7\u00e3o de renova\u00e7\u00e3o,&nbsp;por e-mail,&nbsp;obedece ao mesmo per\u00edodo, ou seja, a mensagem deve ser encaminhada das 00h do dia 26 de dezembro de 2023 at\u00e9 as&nbsp;23h59min do dia 29 de dezembro de 2023. Al\u00e9m disso, quando a solicita\u00e7\u00e3o da renova\u00e7\u00e3o de matr\u00edcula for realizada atrav\u00e9s do e-mail da SRA, ser\u00e1&nbsp;necess\u00e1rio anexar, ao e-mail, documento de identifica\u00e7\u00e3o do aluno(a), quando maior de 18 anos, e do aluno(a) e respons\u00e1vel, quando menor de 18 anos.<\/p>\n\n\n\n<p>O(A) estudante que n\u00e3o realizar a renova\u00e7\u00e3o de matr\u00edcula nesse prazo, dever\u00e1 solicitar, no mesmo e-mail, no per\u00edodo de 02 a15 de janeiro de 2024, a&nbsp;matr\u00edcula fora de prazo.<\/p>\n\n\n\n<p>Todos(as) os(as)&nbsp;discentes que&nbsp;v\u00e3o manter v\u00ednculo com o IF Baiano &#8211;&nbsp;<em>Campus<\/em>&nbsp;Santa In\u00eas,&nbsp;devem realizar a renova\u00e7\u00e3o de matr\u00edcula.&nbsp;A n\u00e3o realiza\u00e7\u00e3o, no prazo estabelecido neste edital, sem justificativa legal, poder\u00e1 caracterizar uma das formas de abandono do curso e poder\u00e1 implicar no&nbsp;cancelamento da&nbsp;matr\u00edcula, nos termos do&nbsp;Art. 66 da <a href=\"https:\/\/ifbaiano.edu.br\/portal\/wp-content\/uploads\/2020\/03\/RESOLU%C3%87%C3%83O-53_Alterar-a-Resolu%C3%A7%C3%A3o-n%C2%BA-45-de-03-de-julho-de-2019.-Anexo.pdf\">Organiza\u00e7\u00e3o Did\u00e1tica dos Cursos da Educa\u00e7\u00e3o Profissional T\u00e9cnica de N\u00edvel M\u00e9dio do IF Baiano.<\/a><\/p>\n\n\n\n<p>Para mais informa\u00e7\u00f5es o(a) aluno(a) dever\u00e1 acessar o <strong><a href=\"https:\/\/www.ifbaiano.edu.br\/unidades\/santaines\/files\/2023\/12\/EDITAL-RENOVACAO-DE-MATRICULA-2024-1o-e-2o-ANO.pdf\">edital<\/a><\/strong> e, ainda, poder\u00e1 acessar o\u00a0<strong><a href=\"https:\/\/wiki.ifbaiano.edu.br\/bin\/view\/Wikis\/DGTI\/CODES\/Sistemas\/SUAP\/Alunos\/Rematricula\/\">tutorial\u00a0de renova\u00e7\u00e3o de matr\u00edcula<\/a><\/strong>.\u00a0Permanecendo d\u00favidas, o(a) estudante dever\u00e1 entrar em contato com a SRA atrav\u00e9s do e-mail secretaria@si.ifbaiano.edu.br.<\/p>\n\n\n\n<hr class=\"wp-block-separator has-alpha-channel-opacity\" \/>\n\n\n\n<p><\/p>\n","protected":false},"excerpt":{"rendered":"<p>A partir das&nbsp;00h do dia 26 de dezembro de 2023 at\u00e9 as&nbsp;23h59min do dia 29 de dezembro de 2023, estudantes&nbsp;do 1\u00ba e 2\u00ba anos para dos&nbsp;Cursos Integrados: T\u00e9cnico em Agropecu\u00e1ria, T\u00e9cnico em Zootecnia e T\u00e9cnico em Alimentos, ofertados&nbsp;pelo IF Baiano &#8211; Campus Santa In\u00eas, dever\u00e3o efetuar a renova\u00e7\u00e3o de Matr\u00edcula para o&nbsp;per\u00edodo&nbsp;letivo&nbsp;de 2024. A renova\u00e7\u00e3o [&hellip;]<\/p>\n","protected":false},"author":86,"featured_media":20314,"comment_status":"closed","ping_status":"closed","sticky":false,"template":"","format":"standard","meta":[],"categories":[4,38,13,5,57],"tags":[],"_links":{"self":[{"href":"https:\/\/www.ifbaiano.edu.br\/unidades\/santaines\/wp-json\/wp\/v2\/posts\/20305"}],"collection":[{"href":"https:\/\/www.ifbaiano.edu.br\/unidades\/santaines\/wp-json\/wp\/v2\/posts"}],"about":[{"href":"https:\/\/www.ifbaiano.edu.br\/unidades\/santaines\/wp-json\/wp\/v2\/types\/post"}],"author":[{"embeddable":true,"href":"https:\/\/www.ifbaiano.edu.br\/unidades\/santaines\/wp-json\/wp\/v2\/users\/86"}],"replies":[{"embeddable":true,"href":"https:\/\/www.ifbaiano.edu.br\/unidades\/santaines\/wp-json\/wp\/v2\/comments?post=20305"}],"version-history":[{"count":2,"href":"https:\/\/www.ifbaiano.edu.br\/unidades\/santaines\/wp-json\/wp\/v2\/posts\/20305\/revisions"}],"predecessor-version":[{"id":20315,"href":"https:\/\/www.ifbaiano.edu.br\/unidades\/santaines\/wp-json\/wp\/v2\/posts\/20305\/revisions\/20315"}],"wp:featuredmedia":[{"embeddable":true,"href":"https:\/\/www.ifbaiano.edu.br\/unidades\/santaines\/wp-json\/wp\/v2\/media\/20314"}],"wp:attachment":[{"href":"https:\/\/www.ifbaiano.edu.br\/unidades\/santaines\/wp-json\/wp\/v2\/media?parent=20305"}],"wp:term":[{"taxonomy":"category","embeddable":true,"href":"https:\/\/www.ifbaiano.edu.br\/unidades\/santaines\/wp-json\/wp\/v2\/categories?post=20305"},{"taxonomy":"post_tag","embeddable":true,"href":"https:\/\/www.ifbaiano.edu.br\/unidades\/santaines\/wp-json\/wp\/v2\/tags?post=20305"}],"curies":[{"name":"wp","href":"https:\/\/api.w.org\/{rel}","templated":true}]}}