{"id":20327,"date":"2024-03-26T10:58:00","date_gmt":"2024-03-26T13:58:00","guid":{"rendered":"https:\/\/www.ifbaiano.edu.br\/unidades\/santaines\/?p=20327"},"modified":"2024-03-27T10:51:47","modified_gmt":"2024-03-27T13:51:47","slug":"campus-santa-ines-oferta-40-vagas-em-curso-tecnico-na-modalidade-da-educacao-de-jovens-e-adultos","status":"publish","type":"post","link":"https:\/\/www.ifbaiano.edu.br\/unidades\/santaines\/campus-santa-ines-oferta-40-vagas-em-curso-tecnico-na-modalidade-da-educacao-de-jovens-e-adultos\/","title":{"rendered":"Campus Santa In\u00eas oferta 40 vagas em Curso T\u00e9cnico na Modalidade da Educa\u00e7\u00e3o de Jovens e Adultos"},"content":{"rendered":"\n<p>O IF Baiano &#8211; <em>Campus <\/em>Santa In\u00eas realiza sele\u00e7\u00e3o de estudantes para provimento de 40 vagas no Curso T\u00e9cnico em Agropecu\u00e1ria Integrado ao Ensino M\u00e9dio, na Modalidade da Educa\u00e7\u00e3o de Jovens e Adultos \u2013 EJA\/EPT. As inscri\u00e7\u00f5es aconteceram, de forma <em>on-line<\/em>, no per\u00edodo de <a href=\"https:\/\/www.ifbaiano.edu.br\/unidades\/santaines\/files\/2024\/03\/Edital-7-2024-Retficacao-Prosel-curso-Tec_Agro-EJA.pdf\">16 de dezembro de 2023 a 22 de mar\u00e7o de 2024<\/a> e tamb\u00e9m, realizadas de forma presencial, no Campus Santa In\u00eas.<\/p>\n\n\n\n<p>Das quarenta vagas ofertadas no Curso T\u00e9cnico em Agropecu\u00e1ria Integrado ao Ensino M\u00e9dio, na Modalidade da Educa\u00e7\u00e3o de Jovens e Adultos \u2013 EJA\/EPT, 50% (cinquenta por cento) s\u00e3o para candidatos(as) que cursaram o Ensino Fundamental integralmente na rede p\u00fablica de ensino. Para concorrer \u00e0s vagas, os candidatos(as) precisavam comprovar idade m\u00ednima de 18 anos e ter conclu\u00eddo o Ensino Fundamental II (9\u00ba ano), at\u00e9 o ato da matr\u00edcula. <\/p>\n\n\n\n<p>Para sele\u00e7\u00e3o realizada de forma eletr\u00f4nica, atrav\u00e9s de manifesta\u00e7\u00e3o <em>on-line<\/em> de interesse na vaga, seria necess\u00e1rio preencher a <a href=\"https:\/\/concurso.ifbaiano.edu.br\/portal\/ingresso-eja-ept-santa-ines-dezembro-2023\/wp-content\/uploads\/sites\/922\/2023\/12\/Anexo-II-Manifestacao-de-interesse-presencial.pdf\"><strong>declara\u00e7\u00e3o<\/strong><\/a>, e encaminhar, junto com a documenta\u00e7\u00e3o de matr\u00edcula para o e-mail prosel@si.ifbaiano.edu.br, sendo que o candidato deveria dirigir-se ao campus para a entrega da documenta\u00e7\u00e3o exigida. Para o envio da documenta\u00e7\u00e3o, por e-mail, os arquivos encaminhados deviam estar no formato PDF ou JPEG, com o assunto do e-mail: Nome do Candidato &#8211; EJA\/EPT.<\/p>\n\n\n\n<p>Como n\u00e3o foi completado o n\u00famero total de vagas ofertadas <a href=\"https:\/\/concurso.ifbaiano.edu.br\/portal\/ingresso-eja-ept-santa-ines-dezembro-2023\/wp-content\/uploads\/sites\/922\/2023\/12\/Edital-Prosel-EJA-EPT.pdf\">nesse edital<\/a>, ser\u00e3o aceitas matr\u00edculas, por manifesta\u00e7\u00e3o de interesse, at\u00e9 <a href=\"https:\/\/www.ifbaiano.edu.br\/unidades\/santaines\/files\/2024\/03\/Retificacao-do-Edital-No-35-de-12-de-dezembro-de-2023-\u2013-EJA.pdf\">30 dias uteis do in\u00edcio das aulas.<\/a><\/p>\n\n\n\n<p>Os editais e demais documentos referentes ao certame devem ser consultados para mais informa\u00e7\u00f5es e, em caso de d\u00favidas, os candidatos(as) podem encaminhar e-mail para prosel@si.ifbaiano.edu.br ou entrar em contato no telefone (73) 98885-4423, atrav\u00e9s do qual o(a) candidato(a) ser\u00e1 informado(a) e orientado(a) sobre quais documentos deve apresentar no ato da matr\u00edcula e por qual meio pode faz\u00ea-lo, bem como, respectivos prazos e agendamento da entrega presencial, se for o caso.<\/p>\n\n\n\n<hr class=\"wp-block-separator has-alpha-channel-opacity\" \/>\n\n\n\n<p><strong>Documentos do Processo Seletivo<\/strong>:<\/p>\n\n\n\n<ul>\n<li><a rel=\"noreferrer noopener\" href=\"https:\/\/concurso.ifbaiano.edu.br\/portal\/ingresso-eja-ept-santa-ines-dezembro-2023\/wp-content\/uploads\/sites\/922\/2023\/12\/Edital-Prosel-EJA-EPT.pdf\" target=\"_blank\">Edital n\u00ba 35<\/a><\/li>\n\n\n\n<li><a rel=\"noreferrer noopener\" href=\"https:\/\/concurso.ifbaiano.edu.br\/portal\/ingresso-eja-ept-santa-ines-dezembro-2023\/wp-content\/uploads\/sites\/922\/2023\/12\/Anexo-I-Quadro-de-reserva-de-vagas.pdf\" target=\"_blank\">Anexo I \u2013 Quadro de reserva de vagas<\/a><\/li>\n\n\n\n<li><a rel=\"noreferrer noopener\" href=\"https:\/\/concurso.ifbaiano.edu.br\/portal\/ingresso-eja-ept-santa-ines-dezembro-2023\/wp-content\/uploads\/sites\/922\/2023\/12\/Anexo-II-Manifestacao-de-interesse-presencial.pdf\" target=\"_blank\">Anexo II \u2013 Manifesta\u00e7\u00e3o de interesse presencial<\/a><\/li>\n\n\n\n<li><a rel=\"noreferrer noopener\" href=\"https:\/\/concurso.ifbaiano.edu.br\/portal\/ingresso-eja-ept-santa-ines-dezembro-2023\/wp-content\/uploads\/sites\/922\/2023\/12\/Anexo-III-Autodeclaracao-de-renda.pdf\" target=\"_blank\">Anexo III \u2013 Autodeclara\u00e7\u00e3o de renda<\/a><\/li>\n\n\n\n<li><a rel=\"noreferrer noopener\" href=\"https:\/\/concurso.ifbaiano.edu.br\/portal\/ingresso-eja-ept-santa-ines-dezembro-2023\/wp-content\/uploads\/sites\/922\/2023\/12\/Anexo-IV-Consolidacao-da-renda-familiar.pdf\" target=\"_blank\">Anexo IV \u2013 Consolida\u00e7\u00e3o da renda familiar<\/a><\/li>\n\n\n\n<li><a rel=\"noreferrer noopener\" href=\"https:\/\/concurso.ifbaiano.edu.br\/portal\/ingresso-eja-ept-santa-ines-dezembro-2023\/wp-content\/uploads\/sites\/922\/2023\/12\/Anexo-V-Formulario-para-recurso.pdf\" target=\"_blank\">Anexo V \u2013 Formul\u00e1rio para recurso<\/a><\/li>\n\n\n\n<li><a rel=\"noreferrer noopener\" href=\"https:\/\/concurso.ifbaiano.edu.br\/portal\/ingresso-eja-ept-santa-ines-dezembro-2023\/wp-content\/uploads\/sites\/922\/2023\/12\/Anexo-VI-Declaracao-de-pessoa-com-deficiencia.pdf\" target=\"_blank\">Anexo VI \u2013 Declara\u00e7\u00e3o de pessoa com defici\u00eancia<\/a><\/li>\n\n\n\n<li><a rel=\"noreferrer noopener\" href=\"https:\/\/concurso.ifbaiano.edu.br\/portal\/ingresso-eja-ept-santa-ines-dezembro-2023\/wp-content\/uploads\/sites\/922\/2023\/12\/Anexo-VII-Autodeclaracao-etnico-racial.pdf\" target=\"_blank\">Anexo VII \u2013 Autodeclara\u00e7\u00e3o \u00e9tnico-racial<\/a><\/li>\n\n\n\n<li><a rel=\"noreferrer noopener\" href=\"https:\/\/concurso.ifbaiano.edu.br\/portal\/ingresso-eja-ept-santa-ines-dezembro-2023\/wp-content\/uploads\/sites\/922\/2023\/12\/Anexo-VIII-Declaracao-de-escola-publica.pdf\" target=\"_blank\">Anexo VIII \u2013 Declara\u00e7\u00e3o de escola p\u00fablica<\/a><\/li>\n\n\n\n<li><a href=\"https:\/\/www.ifbaiano.edu.br\/unidades\/santaines\/files\/2024\/03\/Edital-7-2024-Retficacao-Prosel-curso-Tec_Agro-EJA.pdf\">Edital de Retifica\u00e7\u00e3o<\/a><\/li>\n\n\n\n<li><a href=\"https:\/\/www.ifbaiano.edu.br\/unidades\/santaines\/files\/2024\/03\/Lista-Preliminar-de-Incricoes-Homologadas-EJA-EPT-2024.pdf\">Lista Preliminar de Inscri\u00e7\u00f5es Homologadas<\/a><\/li>\n\n\n\n<li><a href=\"https:\/\/www.ifbaiano.edu.br\/unidades\/santaines\/files\/2024\/03\/Retificacao-do-Edital-No-35-de-12-de-dezembro-de-2023-\u2013-EJA.pdf\">Retifica\u00e7\u00e3o do Edital N\u00ba 35<\/a><\/li>\n<\/ul>\n\n\n\n<p><\/p>\n","protected":false},"excerpt":{"rendered":"<p>O IF Baiano &#8211; Campus Santa In\u00eas realiza sele\u00e7\u00e3o de estudantes para provimento de 40 vagas no Curso T\u00e9cnico em Agropecu\u00e1ria Integrado ao Ensino M\u00e9dio, na Modalidade da Educa\u00e7\u00e3o de Jovens e Adultos \u2013 EJA\/EPT. As inscri\u00e7\u00f5es aconteceram, de forma on-line, no per\u00edodo de 16 de dezembro de 2023 a 22 de mar\u00e7o de 2024 [&hellip;]<\/p>\n","protected":false},"author":86,"featured_media":20445,"comment_status":"closed","ping_status":"closed","sticky":false,"template":"","format":"standard","meta":[],"categories":[4,13,5,8,57],"tags":[],"_links":{"self":[{"href":"https:\/\/www.ifbaiano.edu.br\/unidades\/santaines\/wp-json\/wp\/v2\/posts\/20327"}],"collection":[{"href":"https:\/\/www.ifbaiano.edu.br\/unidades\/santaines\/wp-json\/wp\/v2\/posts"}],"about":[{"href":"https:\/\/www.ifbaiano.edu.br\/unidades\/santaines\/wp-json\/wp\/v2\/types\/post"}],"author":[{"embeddable":true,"href":"https:\/\/www.ifbaiano.edu.br\/unidades\/santaines\/wp-json\/wp\/v2\/users\/86"}],"replies":[{"embeddable":true,"href":"https:\/\/www.ifbaiano.edu.br\/unidades\/santaines\/wp-json\/wp\/v2\/comments?post=20327"}],"version-history":[{"count":5,"href":"https:\/\/www.ifbaiano.edu.br\/unidades\/santaines\/wp-json\/wp\/v2\/posts\/20327\/revisions"}],"predecessor-version":[{"id":20973,"href":"https:\/\/www.ifbaiano.edu.br\/unidades\/santaines\/wp-json\/wp\/v2\/posts\/20327\/revisions\/20973"}],"wp:featuredmedia":[{"embeddable":true,"href":"https:\/\/www.ifbaiano.edu.br\/unidades\/santaines\/wp-json\/wp\/v2\/media\/20445"}],"wp:attachment":[{"href":"https:\/\/www.ifbaiano.edu.br\/unidades\/santaines\/wp-json\/wp\/v2\/media?parent=20327"}],"wp:term":[{"taxonomy":"category","embeddable":true,"href":"https:\/\/www.ifbaiano.edu.br\/unidades\/santaines\/wp-json\/wp\/v2\/categories?post=20327"},{"taxonomy":"post_tag","embeddable":true,"href":"https:\/\/www.ifbaiano.edu.br\/unidades\/santaines\/wp-json\/wp\/v2\/tags?post=20327"}],"curies":[{"name":"wp","href":"https:\/\/api.w.org\/{rel}","templated":true}]}}