{"id":20354,"date":"2024-01-29T14:02:00","date_gmt":"2024-01-29T17:02:00","guid":{"rendered":"https:\/\/www.ifbaiano.edu.br\/unidades\/santaines\/?p=20354"},"modified":"2026-03-11T15:49:20","modified_gmt":"2026-03-11T18:49:20","slug":"campus-santa-ines-convoca-candidatos-aprovados-para-matriculas-em-cursos-tecnicos-integrados","status":"publish","type":"post","link":"https:\/\/www.ifbaiano.edu.br\/unidades\/santaines\/campus-santa-ines-convoca-candidatos-aprovados-para-matriculas-em-cursos-tecnicos-integrados\/","title":{"rendered":"PROSEL 2024 &#8211; Acompanhe todas as chamadas para matr\u00edculas no Campus Santa In\u00eas para os Cursos T\u00e9cnicos Integrados"},"content":{"rendered":"\n<p>Por meio do <a href=\"https:\/\/www.ifbaiano.edu.br\/unidades\/santaines\/files\/2023\/12\/EDITAL-DE-MATRICULA-CURSOS-TECNICOS-INTEGRADOS.pdf\">Edital n\u00ba 36\/2023<\/a>, o IF Baiano &#8211; Campus Santa In\u00eas, convocou, em diferentes etapas, os(as) candidatos(as) aprovados(as) no processo seletivo 2023 para realizarem as matr\u00edculas nos Cursos Integrados &#8211; T\u00e9cnico em Agropecu\u00e1ria, T\u00e9cnico em Alimentos, T\u00e9cnico em Inform\u00e1tica e T\u00e9cnico em Zootecnia, ofertados pelo Campus Santa In\u00eas, para o per\u00edodo letivo de 2024.<\/p>\n\n\n\n<p>Est\u00e1 dispon\u00edvel, no edital, um cronograma que prev\u00ea todas as chamadas para matr\u00edculas. Os(as) candidatos(as) devem ficar atentos(as) \u00e0s datas para n\u00e3o perderem os prazos e, consequentemente, a vaga.<\/p>\n\n\n\n<p>Para realizar a matr\u00edcula, ato obrigat\u00f3rio, todos(as) os(as) candidatos(as) das respectivas chamadas e\/ou seus respons\u00e1veis legais dever\u00e3o comparecer, <strong>nos respectivos per\u00edodos e hor\u00e1rios de convoca\u00e7\u00e3o<\/strong>, na Secretaria de Registros Acad\u00eamicos (SRA) do IF Baiano &#8211; Campus Santa In\u00eas munidos das c\u00f3pias e originais dos documentos especificados no edital, de acordo com a modalidade de vaga para a qual foi aprovado(a).<\/p>\n\n\n\n<p>Hoje, 23, ap\u00f3s <a href=\"https:\/\/www.ifbaiano.edu.br\/unidades\/santaines\/files\/2023\/12\/Convocados-Primeira-Chamada-PROSEL.pdf\">CHAMADA REGULAR<\/a> e <a href=\"https:\/\/www.ifbaiano.edu.br\/unidades\/santaines\/files\/2024\/01\/PRIMEIRA-CHAMADA-DA-LISTA-DE-ESPERA-2024.pdf\">1\u00aa CHAMADA DA LISTA DE ESPERA<\/a>, como previsto no edital, foi publicada a <a href=\"https:\/\/www.ifbaiano.edu.br\/unidades\/santaines\/files\/2024\/01\/Chamada-Publica-Cursos-Integrados-2024.pdf\">CHAMADA P\u00daBLICA<\/a> com divulga\u00e7\u00e3o do n\u00famero de vagas remanescentes e rela\u00e7\u00e3o de candidatos(as) convocados. A rela\u00e7\u00e3o de candidatos(as) convocados(as) para CHAMADA P\u00daBLICA \u00e9 correspondente ao quantitativo de 5 (cinco) vezes o n\u00famero de vagas ainda existente (vagas remanescentes).<\/p>\n\n\n\n<p>Todos os(as) candidatos(as) convocados para pleitear a vaga na Chamada P\u00fablica devem comparecer<br>ao Audit\u00f3rio do Campus Santa In\u00eas,  no dia 26 de janeiro de 2024, at\u00e9 as 09h30min, munido de TODOS os documentos exigidos para realiza\u00e7\u00e3o da matr\u00edcula. Nesse dia os(as) candidatos(as) presentes ser\u00e3o pr\u00e9-matriculados pela ordem de classifica\u00e7\u00e3o, at\u00e9 o preenchimento das vagas.  <\/p>\n\n\n\n<p>Candidatos(as) com d\u00favidas sobre matr\u00edculas devem consultar o edital e, em caso de d\u00favidas, encaminhar e-mail para secretaria@si.ifbaiano.edu.br<\/p>\n\n\n\n<p><strong>Documentos publicados referentes \u00e0s convoca\u00e7\u00f5es:<\/strong><\/p>\n\n\n\n<ul>\n<li><a href=\"https:\/\/www.ifbaiano.edu.br\/unidades\/santaines\/files\/2023\/12\/Convocados-Primeira-Chamada-PROSEL.pdf\">Candidatos(as) convocados(as) na Chamada Regular<\/a> &#8211; Matr\u00edculas no per\u00edodo de 08 a 12 de janeiro de 2024, das 08h \u00e0s 13h;<\/li>\n\n\n\n<li><a rel=\"noreferrer noopener\" href=\"https:\/\/www.ifbaiano.edu.br\/unidades\/santaines\/files\/2024\/01\/PRIMEIRA-CHAMADA-DA-LISTA-DE-ESPERA-2024.pdf\" data-type=\"URL\" data-id=\"https:\/\/www.ifbaiano.edu.br\/unidades\/santaines\/files\/2024\/01\/PRIMEIRA-CHAMADA-DA-LISTA-DE-ESPERA-2024.pdf\" target=\"_blank\">Primeira chamada da lista de espera<\/a> &#8211; Matr\u00edculas no per\u00edodo de 16 a 19 de janeiro de 2024, das 08h \u00e0s 13h;<\/li>\n\n\n\n<li><a href=\"https:\/\/www.ifbaiano.edu.br\/unidades\/santaines\/files\/2024\/01\/Chamada-Publica-Cursos-Integrados-2024.pdf\">Chamada p\u00fablica<\/a> &#8211; Audit\u00f3rio do Campus Santa In\u00eas,  no dia 26 de janeiro de 2024, at\u00e9 as 09h30min.<\/li>\n<\/ul>\n\n\n\n<hr class=\"wp-block-separator has-alpha-channel-opacity\" \/>\n\n\n\n<p><\/p>\n","protected":false},"excerpt":{"rendered":"<p>Matr\u00edculas no per\u00edodo de 16 a 19 de janeiro de 2024, das 08h \u00e0s 13h<\/p>\n","protected":false},"author":86,"featured_media":20367,"comment_status":"closed","ping_status":"closed","sticky":false,"template":"","format":"standard","meta":[],"categories":[4,13,5,57],"tags":[],"_links":{"self":[{"href":"https:\/\/www.ifbaiano.edu.br\/unidades\/santaines\/wp-json\/wp\/v2\/posts\/20354"}],"collection":[{"href":"https:\/\/www.ifbaiano.edu.br\/unidades\/santaines\/wp-json\/wp\/v2\/posts"}],"about":[{"href":"https:\/\/www.ifbaiano.edu.br\/unidades\/santaines\/wp-json\/wp\/v2\/types\/post"}],"author":[{"embeddable":true,"href":"https:\/\/www.ifbaiano.edu.br\/unidades\/santaines\/wp-json\/wp\/v2\/users\/86"}],"replies":[{"embeddable":true,"href":"https:\/\/www.ifbaiano.edu.br\/unidades\/santaines\/wp-json\/wp\/v2\/comments?post=20354"}],"version-history":[{"count":8,"href":"https:\/\/www.ifbaiano.edu.br\/unidades\/santaines\/wp-json\/wp\/v2\/posts\/20354\/revisions"}],"predecessor-version":[{"id":20747,"href":"https:\/\/www.ifbaiano.edu.br\/unidades\/santaines\/wp-json\/wp\/v2\/posts\/20354\/revisions\/20747"}],"wp:featuredmedia":[{"embeddable":true,"href":"https:\/\/www.ifbaiano.edu.br\/unidades\/santaines\/wp-json\/wp\/v2\/media\/20367"}],"wp:attachment":[{"href":"https:\/\/www.ifbaiano.edu.br\/unidades\/santaines\/wp-json\/wp\/v2\/media?parent=20354"}],"wp:term":[{"taxonomy":"category","embeddable":true,"href":"https:\/\/www.ifbaiano.edu.br\/unidades\/santaines\/wp-json\/wp\/v2\/categories?post=20354"},{"taxonomy":"post_tag","embeddable":true,"href":"https:\/\/www.ifbaiano.edu.br\/unidades\/santaines\/wp-json\/wp\/v2\/tags?post=20354"}],"curies":[{"name":"wp","href":"https:\/\/api.w.org\/{rel}","templated":true}]}}