{"id":20361,"date":"2024-02-29T14:57:00","date_gmt":"2024-02-29T17:57:00","guid":{"rendered":"https:\/\/www.ifbaiano.edu.br\/unidades\/santaines\/?p=20361"},"modified":"2024-03-18T17:51:49","modified_gmt":"2024-03-18T20:51:49","slug":"prorrogadas-as-inscricoes-para-o-curso-de-pos-graduacao-em-educacao-de-jovens-e-adultos-articulada-a-educacao-profissional","status":"publish","type":"post","link":"https:\/\/www.ifbaiano.edu.br\/unidades\/santaines\/prorrogadas-as-inscricoes-para-o-curso-de-pos-graduacao-em-educacao-de-jovens-e-adultos-articulada-a-educacao-profissional\/","title":{"rendered":"Sele\u00e7\u00e3o para o Curso de P\u00f3s-gradua\u00e7\u00e3o em Educa\u00e7\u00e3o de Jovens e Adultos Articulada \u00e0 Educa\u00e7\u00e3o Profissional"},"content":{"rendered":"\n<p>O Campus Santa In\u00eas fez sele\u00e7\u00e3o de estudantes para provimento de 30 vagas no curso de P\u00f3s-gradua\u00e7\u00e3o Lato Sensu em Educa\u00e7\u00e3o de Jovens e Adultos Articulada \u00e0 Educa\u00e7\u00e3o Profissional, com ingresso em 2024. O per\u00edodo de inscri\u00e7\u00f5es que, de acordo com o <a href=\"https:\/\/concurso.ifbaiano.edu.br\/portal\/pos-educacao-jovens-adultos-santa-ines-novembro-2023\/wp-content\/uploads\/sites\/915\/2023\/11\/Edital.pdf\">edital<\/a>, iniciaram no dia 28 de novembro e tinha como data  final 17 de dezembro de 2023, foram <a rel=\"noreferrer noopener\" href=\"https:\/\/concurso.ifbaiano.edu.br\/portal\/pos-educacao-jovens-adultos-santa-ines-novembro-2023\/wp-content\/uploads\/sites\/915\/2023\/12\/Prorrogacao-Inscricoes-Edital-221-2023.pdf\" target=\"_blank\">prorrogadas<\/a> at\u00e9 o dia 29 de dezembro de 2023.<\/p>\n\n\n\n<p>O curso  curso de P\u00f3s-gradua\u00e7\u00e3o Lato Sensu em Educa\u00e7\u00e3o de Jovens e Adultos Articulada \u00e0 Educa\u00e7\u00e3o Profissional, assim como todos os cursos ofertados pelo IF Baiano, \u00e9 gratuito, n\u00e3o possui mensalidades, taxas de matr\u00edculas e\/ou taxa de inscri\u00e7\u00e3o para o processo seletivo. As 30 (trinta) vagas disponibilizadas s\u00e3o distribu\u00eddas da seguinte forma:<\/p>\n\n\n\n<ul>\n<li>22 (vinte e duas) vagas para ampla concorr\u00eancia;<\/li>\n\n\n\n<li>06 (seis) vagas para candidatos(as) pretos(as), pardos(as) e ind\u00edgenas (20%); e<\/li>\n\n\n\n<li>02 (duas) vaga para candidato(a) pessoa com defici\u00eancia (5%).<\/li>\n<\/ul>\n\n\n\n<p>As inscri\u00e7\u00f5es foram realizadas exclusivamente pelo e-mail prosel.poseja@si.ifbaiano.edu.br, atrav\u00e9s do qual o(a) candidato(a) deveria encaminhar, em formato PDF, os documentos exigidos no <a href=\"https:\/\/concurso.ifbaiano.edu.br\/portal\/pos-educacao-jovens-adultos-santa-ines-novembro-2023\/wp-content\/uploads\/sites\/915\/2023\/11\/Edital.pdf\">edital<\/a>.<\/p>\n\n\n\n<p>Puderam participar do processo seletivo, pessoas que conclu\u00edram o ensino superior em institui\u00e7\u00e3o<br>reconhecida pelo Minist\u00e9rio da Educa\u00e7\u00e3o, profissionais, preferencialmente educadores das redes p\u00fablicas de ensino, que atuassem ou pretendiam atuar na educa\u00e7\u00e3o profissional e\/ou na modalidade de educa\u00e7\u00e3o de jovens e adultos e\/ou programas e projetos educacionais..<\/p>\n\n\n\n<p>O curso tem carga hor\u00e1ria de 360 horas, distribu\u00eddas ao longo de 18 meses, ofertada no formato modular e realizado no IF Baiano, Campus Santa In\u00eas, BR 420 (Rodovia Santa In\u00eas &#8211; Uba\u00edra), Zona Rural, Bahia &#8211; CEP 45.320-000. As aulas acontecem em encontros quinzenais, \u00e0s sextas-feiras nos turnos matutino e vespertino.<\/p>\n\n\n\n<p>Todos os documentos das etapas do processo seletivo seguem publicadas abaixo. Para mais esclarecimentos e\/ou em caso de d\u00favidas, o contato deve ser feito por e-mail: prosel.poseja@si.ifbaiano.edu.br.<\/p>\n\n\n\n<p><strong>Documentos\/etapas desse processo seletivo:<\/strong><\/p>\n\n\n\n<ul>\n<li><a rel=\"noreferrer noopener\" href=\"https:\/\/concurso.ifbaiano.edu.br\/portal\/pos-educacao-jovens-adultos-santa-ines-novembro-2023\/wp-content\/uploads\/sites\/915\/2024\/03\/II-CHAMADA-MATRICULA-PGEJA-2023.pdf\" target=\"_blank\">2\u00aa Chamada Matr\u00edcula<\/a><\/li>\n\n\n\n<li><a rel=\"noreferrer noopener\" href=\"https:\/\/concurso.ifbaiano.edu.br\/portal\/pos-educacao-jovens-adultos-santa-ines-novembro-2023\/wp-content\/uploads\/sites\/915\/2024\/03\/RESULTADO-FINAL-PGEJA-Edital-221.pdf\" target=\"_blank\">Resultado Final<\/a><\/li>\n\n\n\n<li><a rel=\"noreferrer noopener\" href=\"https:\/\/concurso.ifbaiano.edu.br\/portal\/pos-educacao-jovens-adultos-santa-ines-novembro-2023\/wp-content\/uploads\/sites\/915\/2024\/03\/RESULTADO-FINAL-DOSAS-CANDIDATOSAS-A-RESERVA-DE-VAGAS-PGEJA-POR-ORDEM-DE-CLASSIFICACAO.pdf\" target=\"_blank\">Resultado Final Dos(as) Candidatos(as) a Reserva de Vagas PGEJA por Ordem de Classifica\u00e7\u00e3o<\/a><\/li>\n\n\n\n<li><a href=\"https:\/\/concurso.ifbaiano.edu.br\/portal\/pos-educacao-jovens-adultos-santa-ines-novembro-2023\/\">Resultado da avalia\u00e7\u00e3o da autodeclara\u00e7\u00e3o dos(as) candidatos(as) a reserva de vagas<\/a><\/li>\n\n\n\n<li><a href=\"https:\/\/www.ifbaiano.edu.br\/unidades\/santaines\/files\/2024\/02\/Curriculos-Banca-PGEJA.pdf\">Curr\u00edculo dos membros da Banca de Heteroidentifica\u00e7\u00e3o<\/a><\/li>\n\n\n\n<li><a rel=\"noreferrer noopener\" href=\"https:\/\/concurso.ifbaiano.edu.br\/portal\/pos-educacao-jovens-adultos-santa-ines-novembro-2023\/wp-content\/uploads\/sites\/915\/2024\/02\/Convocacao-para-Avaliacao-da-Autodeclaracao-1.pdf\" target=\"_blank\">Convoca\u00e7\u00e3o para Avalia\u00e7\u00e3o da Autodeclara\u00e7\u00e3o<\/a><\/li>\n\n\n\n<li><a rel=\"noreferrer noopener\" href=\"https:\/\/concurso.ifbaiano.edu.br\/portal\/pos-educacao-jovens-adultos-santa-ines-novembro-2023\/wp-content\/uploads\/sites\/915\/2024\/02\/Resultado-Recurso-PGEJA-2023.pdf\" target=\"_blank\">Resultado da Interposi\u00e7\u00e3o de Recursos relativo ao resultado preliminar<\/a><\/li>\n\n\n\n<li><a rel=\"noreferrer noopener\" href=\"https:\/\/concurso.ifbaiano.edu.br\/portal\/pos-educacao-jovens-adultos-santa-ines-novembro-2023\/wp-content\/uploads\/sites\/915\/2024\/02\/DIVULGACAO-DO-RESULTADO-PRELIMINAR.pdf\" target=\"_blank\">Resultado Preliminar<\/a><\/li>\n\n\n\n<li><a rel=\"noreferrer noopener\" href=\"https:\/\/concurso.ifbaiano.edu.br\/portal\/pos-educacao-jovens-adultos-santa-ines-novembro-2023\/wp-content\/uploads\/sites\/915\/2024\/02\/Resultado-da-interposicao-de-recursos-e-Homologacao-das-Inscricoes-.pdf\" target=\"_blank\">Resultado da Interposi\u00e7\u00e3o de Recursos e Homologa\u00e7\u00e3o das Inscri\u00e7\u00f5es<\/a><\/li>\n\n\n\n<li><a rel=\"noreferrer noopener\" href=\"https:\/\/concurso.ifbaiano.edu.br\/portal\/pos-educacao-jovens-adultos-santa-ines-novembro-2023\/wp-content\/uploads\/sites\/915\/2024\/02\/INSCRICOES-DEFERIDAS-Edital-221-de-2023.pdf\" target=\"_blank\">Resultados das Inscri\u00e7\u00f5es Deferidas<\/a><\/li>\n\n\n\n<li><a rel=\"noreferrer noopener\" href=\"https:\/\/concurso.ifbaiano.edu.br\/portal\/pos-educacao-jovens-adultos-santa-ines-novembro-2023\/wp-content\/uploads\/sites\/915\/2023\/12\/Prorrogacao-Inscricoes-Edital-221-2023.pdf\" target=\"_blank\">Prorroga\u00e7\u00e3o das Inscri\u00e7\u00f5es<\/a><\/li>\n\n\n\n<li><a rel=\"noreferrer noopener\" href=\"https:\/\/concurso.ifbaiano.edu.br\/portal\/pos-educacao-jovens-adultos-santa-ines-novembro-2023\/wp-content\/uploads\/sites\/915\/2023\/12\/Retificacao-do-Edital.pdf\" target=\"_blank\">Retifica\u00e7\u00e3o do Edital<\/a><\/li>\n\n\n\n<li><a rel=\"noreferrer noopener\" href=\"https:\/\/concurso.ifbaiano.edu.br\/portal\/pos-educacao-jovens-adultos-santa-ines-novembro-2023\/wp-content\/uploads\/sites\/915\/2023\/11\/Edital.pdf\" target=\"_blank\">Edital n\u00ba 221<\/a><\/li>\n\n\n\n<li><a rel=\"noreferrer noopener\" href=\"https:\/\/concurso.ifbaiano.edu.br\/portal\/pos-educacao-jovens-adultos-santa-ines-novembro-2023\/wp-content\/uploads\/sites\/915\/2023\/11\/Cronograma.pdf\" target=\"_blank\">Cronograma<\/a><\/li>\n\n\n\n<li><a rel=\"noreferrer noopener\" href=\"https:\/\/concurso.ifbaiano.edu.br\/portal\/pos-educacao-jovens-adultos-santa-ines-novembro-2023\/wp-content\/uploads\/sites\/915\/2023\/11\/ANEXO-I-%E2%80%93-FICHA-DE-INSCRICAO.odt\" target=\"_blank\">Anexo I \u2013 Ficha de Inscri\u00e7\u00e3o<\/a><\/li>\n\n\n\n<li><a rel=\"noreferrer noopener\" href=\"https:\/\/concurso.ifbaiano.edu.br\/portal\/pos-educacao-jovens-adultos-santa-ines-novembro-2023\/wp-content\/uploads\/sites\/915\/2023\/11\/ANEXO-II-%E2%80%93-AUTODECLARACAO-ETNICO-RACIAL.odt\" target=\"_blank\">Anexo II \u2013 Autodeclara\u00e7\u00e3o \u00c9tnico-Racial<\/a><\/li>\n\n\n\n<li><a rel=\"noreferrer noopener\" href=\"https:\/\/concurso.ifbaiano.edu.br\/portal\/pos-educacao-jovens-adultos-santa-ines-novembro-2023\/wp-content\/uploads\/sites\/915\/2023\/11\/ANEXO-III-DECLARACAO-DE-PESSOA-COM-DEFICIENCIA.odt\" target=\"_blank\">Anexo III \u2013 Declara\u00e7\u00e3o de Pessoa Com Defici\u00eancia<\/a><\/li>\n\n\n\n<li><a rel=\"noreferrer noopener\" href=\"https:\/\/concurso.ifbaiano.edu.br\/portal\/pos-educacao-jovens-adultos-santa-ines-novembro-2023\/wp-content\/uploads\/sites\/915\/2023\/11\/ANEXO-IV-%E2%80%93-BAREMA-DE-AVALIACAO-DO-PROCESSO-SELETIVO.pdf\" target=\"_blank\">Anexo IV \u2013 Barema de Avalia\u00e7\u00e3o do Processo Seletivo<\/a><\/li>\n\n\n\n<li><a rel=\"noreferrer noopener\" href=\"https:\/\/concurso.ifbaiano.edu.br\/portal\/pos-educacao-jovens-adultos-santa-ines-novembro-2023\/wp-content\/uploads\/sites\/915\/2023\/11\/ANEXO-V-FORMULARIO-PARA-IMPUGNACAO-E-INTERPOSICAO-DE-RECURSOS.odt\" target=\"_blank\">Anexo V \u2013 Formul\u00e1rio para Impugna\u00e7\u00e3o e Interposi\u00e7\u00e3o de Recursos<\/a><\/li>\n<\/ul>\n\n\n\n<hr class=\"wp-block-separator has-alpha-channel-opacity\" \/>\n\n\n\n<p><a href=\"https:\/\/www.ifbaiano.edu.br\/unidades\/santaines\/campus-santa-ines-abre-inscricoes-para-selecao-em-curso-de-pos-graduacao\/\">Veja not\u00edcia anterior sobre esse Processo Seletivo<\/a><\/p>\n\n\n\n<p><\/p>\n","protected":false},"excerpt":{"rendered":"<p>O Campus Santa In\u00eas fez sele\u00e7\u00e3o de estudantes para provimento de 30 vagas no curso de P\u00f3s-gradua\u00e7\u00e3o Lato Sensu em Educa\u00e7\u00e3o de Jovens e Adultos Articulada \u00e0 Educa\u00e7\u00e3o Profissional, com ingresso em 2024. O per\u00edodo de inscri\u00e7\u00f5es que, de acordo com o edital, iniciaram no dia 28 de novembro e tinha como data final 17 [&hellip;]<\/p>\n","protected":false},"author":86,"featured_media":18806,"comment_status":"closed","ping_status":"closed","sticky":false,"template":"","format":"standard","meta":[],"categories":[4,5,8,57],"tags":[],"_links":{"self":[{"href":"https:\/\/www.ifbaiano.edu.br\/unidades\/santaines\/wp-json\/wp\/v2\/posts\/20361"}],"collection":[{"href":"https:\/\/www.ifbaiano.edu.br\/unidades\/santaines\/wp-json\/wp\/v2\/posts"}],"about":[{"href":"https:\/\/www.ifbaiano.edu.br\/unidades\/santaines\/wp-json\/wp\/v2\/types\/post"}],"author":[{"embeddable":true,"href":"https:\/\/www.ifbaiano.edu.br\/unidades\/santaines\/wp-json\/wp\/v2\/users\/86"}],"replies":[{"embeddable":true,"href":"https:\/\/www.ifbaiano.edu.br\/unidades\/santaines\/wp-json\/wp\/v2\/comments?post=20361"}],"version-history":[{"count":14,"href":"https:\/\/www.ifbaiano.edu.br\/unidades\/santaines\/wp-json\/wp\/v2\/posts\/20361\/revisions"}],"predecessor-version":[{"id":20903,"href":"https:\/\/www.ifbaiano.edu.br\/unidades\/santaines\/wp-json\/wp\/v2\/posts\/20361\/revisions\/20903"}],"wp:featuredmedia":[{"embeddable":true,"href":"https:\/\/www.ifbaiano.edu.br\/unidades\/santaines\/wp-json\/wp\/v2\/media\/18806"}],"wp:attachment":[{"href":"https:\/\/www.ifbaiano.edu.br\/unidades\/santaines\/wp-json\/wp\/v2\/media?parent=20361"}],"wp:term":[{"taxonomy":"category","embeddable":true,"href":"https:\/\/www.ifbaiano.edu.br\/unidades\/santaines\/wp-json\/wp\/v2\/categories?post=20361"},{"taxonomy":"post_tag","embeddable":true,"href":"https:\/\/www.ifbaiano.edu.br\/unidades\/santaines\/wp-json\/wp\/v2\/tags?post=20361"}],"curies":[{"name":"wp","href":"https:\/\/api.w.org\/{rel}","templated":true}]}}