{"id":20379,"date":"2023-12-22T10:14:58","date_gmt":"2023-12-22T13:14:58","guid":{"rendered":"https:\/\/www.ifbaiano.edu.br\/unidades\/santaines\/?p=20379"},"modified":"2023-12-22T10:16:06","modified_gmt":"2023-12-22T13:16:06","slug":"if-baiano-anuncia-vaga-para-estagio","status":"publish","type":"post","link":"https:\/\/www.ifbaiano.edu.br\/unidades\/santaines\/if-baiano-anuncia-vaga-para-estagio\/","title":{"rendered":"IF Baiano anuncia vaga para est\u00e1gio"},"content":{"rendered":"\n<p>A Pr\u00f3-reitoria de Ensino (Proen) do IF Baiano publicou um edital ofertando 01 vaga para est\u00e1gio remunerado para estudante do curso superior de Pedagogia. A oportunidade \u00e9 para auxiliar nas atividades de acompanhamento e orienta\u00e7\u00e3o pedag\u00f3gica da PROEN.&nbsp;<\/p>\n\n\n\n<p>As inscri\u00e7\u00f5es s\u00e3o gratuitas e ocorrem de 21 a 27 de dezembro, atrav\u00e9s do link que estar\u00e1 dispon\u00edvel&nbsp;<a href=\"https:\/\/concurso.ifbaiano.edu.br\/portal\/estagio-proen-dezembro-2023\/\">nesta p\u00e1gina<\/a>, quando abrir o prazo para inscri\u00e7\u00e3o. Al\u00e9m de preencher o formul\u00e1rio digital, \u00e9 necess\u00e1rio enviar os documentos, em formato PDF, exigidos no&nbsp;<a href=\"https:\/\/concurso.ifbaiano.edu.br\/portal\/estagio-proen-dezembro-2023\/wp-content\/uploads\/sites\/927\/2023\/12\/Edital-no-239.pdf\">edital<\/a>&nbsp;para o endere\u00e7o de e-mail: estagiario.proen@reitoria.ifbaiano.edu.br.<\/p>\n\n\n\n<p>A sele\u00e7\u00e3o do processo seletivo acontecer\u00e1 em duas etapas de car\u00e1ter eliminat\u00f3rio e classificat\u00f3rio:<\/p>\n\n\n\n<ul>\n<li>1\u00aa Etapa ser\u00e1 uma prova escrita objetiva, composta de 10 quest\u00f5es, que ocorrer\u00e1 forma presencial, no dia 17 de janeiro, com in\u00edcio \u00e0s 8h e t\u00e9rmino \u00e0s 12h. No pr\u00e9dio da 2\u00ba Unidade Administrativa Jo\u00e3o Batista, localizada na Avenida Tancredo Neves, 2242, Stiep, Salvador-BA. CEP: 41100-800.<\/li>\n\n\n\n<li>2\u00aa Etapa ser\u00e1 uma entrevista, que ocorrer\u00e1, nos dias 01 e 02 de fevereiro, das 8h \u00e0s 17h, de forma presencial, no mesmo local atribu\u00eddo \u00e0 1\u00aa etapa.<\/li>\n<\/ul>\n\n\n\n<p>Ser\u00e3o classificados para a 2\u00aa etapa do processo de sele\u00e7\u00e3o, os candidatos que atingirem, no m\u00ednimo, 50% da pontua\u00e7\u00e3o m\u00e1xima na prova escrita objetiva.&nbsp; O conte\u00fado da prova est\u00e1 dispon\u00edvel no&nbsp;<a href=\"https:\/\/concurso.ifbaiano.edu.br\/portal\/estagio-proen-dezembro-2023\/wp-content\/uploads\/sites\/927\/2023\/12\/Edital-no-239.pdf\">edital<\/a>.<\/p>\n\n\n\n<p>Para realizar a inscri\u00e7\u00e3o, \u00e9 necess\u00e1rio ser graduado em cursos de Educa\u00e7\u00e3o bacharelado ou licenciatura em Pedagogia e estar regularmente matriculado, cursando curso de P\u00f3s-gradua\u00e7\u00e3o, preferencialmente na \u00e1rea de Educa\u00e7\u00e3o.<\/p>\n\n\n\n<p>O est\u00e1gio ter\u00e1 dura\u00e7\u00e3o de 01 ano, podendo ser prolongado por um per\u00edodo igual, durando cerca de no m\u00e1ximo 02 anos. A carga hor\u00e1ria ser\u00e1 de 06h di\u00e1rias, totalizando 30h semanais, distribu\u00eddas de segunda a sexta-feira, nos turnos matutino e\/ou vespertino. A bolsa de est\u00e1gio ser\u00e1 no valor de R$ 1.125,69 + aux\u00edlio-transporte no valor de R$ 10,00 ao dia.<\/p>\n\n\n\n<p>Todo o detalhamento do processo seletivo est\u00e1 dispon\u00edvel no&nbsp;<a href=\"https:\/\/concurso.ifbaiano.edu.br\/portal\/estagio-proen-dezembro-2023\/wp-content\/uploads\/sites\/927\/2023\/12\/Edital-no-239.pdf\">edital<\/a>.<\/p>\n\n\n\n<p>As d\u00favidas dever\u00e3o ser esclarecidas pelo IF Baiano\/Pr\u00f3-reitoria de Ensino, por meio do correio eletr\u00f4nico: estagiario.proen.reitoria.ifbaiano.edu.br.<\/p>\n\n\n\n<hr class=\"wp-block-separator has-alpha-channel-opacity\" \/>\n","protected":false},"excerpt":{"rendered":"<p>A oferta \u00e9 destinada a estudantes de p\u00f3s-gradua\u00e7\u00e3o formados em Pedagogia<\/p>\n","protected":false},"author":86,"featured_media":20341,"comment_status":"closed","ping_status":"closed","sticky":false,"template":"","format":"standard","meta":[],"categories":[4,57],"tags":[],"_links":{"self":[{"href":"https:\/\/www.ifbaiano.edu.br\/unidades\/santaines\/wp-json\/wp\/v2\/posts\/20379"}],"collection":[{"href":"https:\/\/www.ifbaiano.edu.br\/unidades\/santaines\/wp-json\/wp\/v2\/posts"}],"about":[{"href":"https:\/\/www.ifbaiano.edu.br\/unidades\/santaines\/wp-json\/wp\/v2\/types\/post"}],"author":[{"embeddable":true,"href":"https:\/\/www.ifbaiano.edu.br\/unidades\/santaines\/wp-json\/wp\/v2\/users\/86"}],"replies":[{"embeddable":true,"href":"https:\/\/www.ifbaiano.edu.br\/unidades\/santaines\/wp-json\/wp\/v2\/comments?post=20379"}],"version-history":[{"count":1,"href":"https:\/\/www.ifbaiano.edu.br\/unidades\/santaines\/wp-json\/wp\/v2\/posts\/20379\/revisions"}],"predecessor-version":[{"id":20380,"href":"https:\/\/www.ifbaiano.edu.br\/unidades\/santaines\/wp-json\/wp\/v2\/posts\/20379\/revisions\/20380"}],"wp:featuredmedia":[{"embeddable":true,"href":"https:\/\/www.ifbaiano.edu.br\/unidades\/santaines\/wp-json\/wp\/v2\/media\/20341"}],"wp:attachment":[{"href":"https:\/\/www.ifbaiano.edu.br\/unidades\/santaines\/wp-json\/wp\/v2\/media?parent=20379"}],"wp:term":[{"taxonomy":"category","embeddable":true,"href":"https:\/\/www.ifbaiano.edu.br\/unidades\/santaines\/wp-json\/wp\/v2\/categories?post=20379"},{"taxonomy":"post_tag","embeddable":true,"href":"https:\/\/www.ifbaiano.edu.br\/unidades\/santaines\/wp-json\/wp\/v2\/tags?post=20379"}],"curies":[{"name":"wp","href":"https:\/\/api.w.org\/{rel}","templated":true}]}}