{"id":20401,"date":"2023-12-30T22:43:50","date_gmt":"2023-12-31T01:43:50","guid":{"rendered":"https:\/\/www.ifbaiano.edu.br\/unidades\/santaines\/?p=20401"},"modified":"2023-12-30T22:43:51","modified_gmt":"2023-12-31T01:43:51","slug":"if-baiano-oferece-925-vagas-no-sisu-2024-mec-divulga-edital-com-periodo-de-inscricoes","status":"publish","type":"post","link":"https:\/\/www.ifbaiano.edu.br\/unidades\/santaines\/if-baiano-oferece-925-vagas-no-sisu-2024-mec-divulga-edital-com-periodo-de-inscricoes\/","title":{"rendered":"IF Baiano oferece 925 vagas no Sisu 2024; MEC divulga edital com per\u00edodo de inscri\u00e7\u00f5es"},"content":{"rendered":"\n<p>O Instituto Federal Baiano (IF Baiano) ofertar\u00e1, na pr\u00f3xima edi\u00e7\u00e3o do Sistema de Sele\u00e7\u00e3o Unificada (Sisu) 925 vagas destinadas a cursos de gradua\u00e7\u00e3o. Ser\u00e3o disponibilizadas oportunidades para 24 cursos, distribu\u00eddas em 10 campi da institui\u00e7\u00e3o: Bom Jesus da Lapa, Catu, Guanambi, Itapetinga, Santa In\u00eas, Senhor do Bonfim, Serrinha, Teixeira de Freitas, Uru\u00e7uca e Valen\u00e7a.<\/p>\n\n\n\n<p>Do total de vagas, 388 s\u00e3o para ampla concorr\u00eancia, 44 para a\u00e7\u00f5es afirmativas e 493 destinadas \u00e0 Lei n\u00ba 12.711\/2012, que reserva vagas para estudantes oriundos de escolas p\u00fablicas com renda familiar per capita inferior a 1,5 sal\u00e1rio m\u00ednimo.<\/p>\n\n\n\n<p>A sele\u00e7\u00e3o dos candidatos ser\u00e1 realizada por meio do Sisu, com base nos resultados obtidos no Exame Nacional do Ensino M\u00e9dio (Enem) de 2023. O Minist\u00e9rio da Educa\u00e7\u00e3o (MEC) divulgou hoje, 29, o edital que prev\u00ea as inscri\u00e7\u00f5es abertas de 22 a 25 de janeiro de 2024 e resultado publicado no dia 30 de janeiro. As matr\u00edculas dos selecionados ser\u00e3o realizadas de 1\u00ba a 7 de fevereiro.&nbsp;<a rel=\"noreferrer noopener\" href=\"https:\/\/www.gov.br\/mec\/pt-br\/assuntos\/noticias\/2023\/dezembro\/publicado-edital-do-sisu-2024\" target=\"_blank\">Confira aqui<\/a>&nbsp;o edital.<\/p>\n\n\n\n<p>Na pr\u00f3xima edi\u00e7\u00e3o, o Sisu ter\u00e1 apenas uma \u00fanica etapa de inscri\u00e7\u00e3o de candidatos \u00e0s vagas ofertadas pelas institui\u00e7\u00f5es participantes, com in\u00edcio previsto das aulas para o primeiro e o segundo semestre de 2024.<\/p>\n\n\n\n<p>Confira os cursos e quantidade de vagas ofertadas pelo IF Baiano, por campus:<\/p>\n\n\n\n<p><strong>Campus Bom Jesus da Lapa:<\/strong>&nbsp;Engenharia Agron\u00f4mica (20) | Gest\u00e3o de Tecnologia da Informa\u00e7\u00e3o (40)<\/p>\n\n\n\n<p><strong>Campus Catu:<\/strong>&nbsp;An\u00e1lise e Desenvolvimento de Sistemas (35) | Gastronomia (40) | Qu\u00edmica (40)<\/p>\n\n\n\n<p><strong>Campus Guanambi:<\/strong>&nbsp;Agroind\u00fastria (40) | Agronomia (40) | An\u00e1lise e Desenvolvimento de Sistemas (40) | Ci\u00eancias Biol\u00f3gicas (40) | Qu\u00edmica (40)<\/p>\n\n\n\n<p><strong>Campus Itapetinga:<\/strong>&nbsp;Letras: Libras (40) | Sistemas de Informa\u00e7\u00e3o (40)<\/p>\n\n\n\n<p><strong>Campus Santa In\u00eas:<\/strong>&nbsp;Ci\u00eancias Biol\u00f3gicas (40) | Geografia (40) | Zootecnia (40)<\/p>\n\n\n\n<p><strong>Campus Senhor do Bonfim:<\/strong>&nbsp;Ci\u00eancias Agr\u00e1rias (40) | Ci\u00eancias da Computa\u00e7\u00e3o (40)<\/p>\n\n\n\n<p><strong>Campus Serrinha:&nbsp;<\/strong>Ci\u00eancias Biol\u00f3gicas (40) | Gest\u00e3o de Cooperativas (40)<\/p>\n\n\n\n<p><strong>Campus Teixeira de Freitas:<\/strong>&nbsp;Engenharia Agron\u00f4mica (40)<\/p>\n\n\n\n<p><strong>Campus Uru\u00e7uca:<\/strong>&nbsp;Agroecologia (30) | Engenharia de Alimentos (40) | Gest\u00e3o de Turismo (40)<\/p>\n\n\n\n<p><strong>Campus Valen\u00e7a:<\/strong>&nbsp;Ci\u00eancias Biol\u00f3gicas (40)<\/p>\n\n\n\n<p>Os interessados em participar do processo seletivo devem acompanhar as informa\u00e7\u00f5es divulgadas no\u00a0<a rel=\"noreferrer noopener\" href=\"https:\/\/sisualuno.mec.gov.br\/#\/login\" target=\"_blank\">site do Sisu<\/a>\u00a0e do IF Baiano. \u201cO Sisu 2024 seguir\u00e1 as altera\u00e7\u00f5es estabelecidas na nova Lei de Cotas. A oferta de vagas reservadas observar\u00e1 a propor\u00e7\u00e3o de estudantes de escolas p\u00fablicas, de baixa renda, pessoas com defici\u00eancia, pretos, pardos, ind\u00edgenas e, conforme a atualiza\u00e7\u00e3o da lei, de quilombolas\u201d, explica o MEC.<\/p>\n\n\n\n<hr class=\"wp-block-separator has-alpha-channel-opacity\" \/>\n\n\n\n<p><\/p>\n","protected":false},"excerpt":{"rendered":"<p>O MEC divulgou ontem, 29, edital que prev\u00ea inscri\u00e7\u00f5es de 22 a 25 de janeiro de 2024.<\/p>\n","protected":false},"author":86,"featured_media":20402,"comment_status":"closed","ping_status":"closed","sticky":false,"template":"","format":"standard","meta":[],"categories":[4,12,5,8,57],"tags":[],"_links":{"self":[{"href":"https:\/\/www.ifbaiano.edu.br\/unidades\/santaines\/wp-json\/wp\/v2\/posts\/20401"}],"collection":[{"href":"https:\/\/www.ifbaiano.edu.br\/unidades\/santaines\/wp-json\/wp\/v2\/posts"}],"about":[{"href":"https:\/\/www.ifbaiano.edu.br\/unidades\/santaines\/wp-json\/wp\/v2\/types\/post"}],"author":[{"embeddable":true,"href":"https:\/\/www.ifbaiano.edu.br\/unidades\/santaines\/wp-json\/wp\/v2\/users\/86"}],"replies":[{"embeddable":true,"href":"https:\/\/www.ifbaiano.edu.br\/unidades\/santaines\/wp-json\/wp\/v2\/comments?post=20401"}],"version-history":[{"count":1,"href":"https:\/\/www.ifbaiano.edu.br\/unidades\/santaines\/wp-json\/wp\/v2\/posts\/20401\/revisions"}],"predecessor-version":[{"id":20403,"href":"https:\/\/www.ifbaiano.edu.br\/unidades\/santaines\/wp-json\/wp\/v2\/posts\/20401\/revisions\/20403"}],"wp:featuredmedia":[{"embeddable":true,"href":"https:\/\/www.ifbaiano.edu.br\/unidades\/santaines\/wp-json\/wp\/v2\/media\/20402"}],"wp:attachment":[{"href":"https:\/\/www.ifbaiano.edu.br\/unidades\/santaines\/wp-json\/wp\/v2\/media?parent=20401"}],"wp:term":[{"taxonomy":"category","embeddable":true,"href":"https:\/\/www.ifbaiano.edu.br\/unidades\/santaines\/wp-json\/wp\/v2\/categories?post=20401"},{"taxonomy":"post_tag","embeddable":true,"href":"https:\/\/www.ifbaiano.edu.br\/unidades\/santaines\/wp-json\/wp\/v2\/tags?post=20401"}],"curies":[{"name":"wp","href":"https:\/\/api.w.org\/{rel}","templated":true}]}}