{"id":20447,"date":"2024-01-23T14:08:06","date_gmt":"2024-01-23T17:08:06","guid":{"rendered":"https:\/\/www.ifbaiano.edu.br\/unidades\/santaines\/?p=20447"},"modified":"2024-01-23T14:09:32","modified_gmt":"2024-01-23T17:09:32","slug":"if-baiano-esta-com-inscricoes-abertas-para-925-vagas-de-graduacao-pelo-sisu","status":"publish","type":"post","link":"https:\/\/www.ifbaiano.edu.br\/unidades\/santaines\/if-baiano-esta-com-inscricoes-abertas-para-925-vagas-de-graduacao-pelo-sisu\/","title":{"rendered":"IF Baiano est\u00e1 com inscri\u00e7\u00f5es abertas para 925 vagas de gradua\u00e7\u00e3o pelo Sisu"},"content":{"rendered":"\n<p>Na segunda-feira, 22 de janeiro, iniciou o per\u00edodo de inscri\u00e7\u00f5es para o processo seletivo do Sistema de Sele\u00e7\u00e3o Unificada (Sisu) 2024. Os candidatos que realizaram o Exame Nacional do Ensino M\u00e9dio (Enem) em 2023 j\u00e1 tiveram acesso aos boletins individuais de resultados e, agora, poder\u00e3o escolher entre as op\u00e7\u00f5es de cursos no\u00a0<a href=\"https:\/\/acessounico.mec.gov.br\/\">Portal \u00danico de Acesso ao Ensino Superior<\/a>.<\/p>\n\n\n\n<p>O prazo final para as inscri\u00e7\u00f5es \u00e9 25 de janeiro. A previs\u00e3o \u00e9 de que o resultado da chamada regular seja divulgado no dia 30 de janeiro. Este ano, as inscri\u00e7\u00f5es via Sisu para cursos com in\u00edcio no primeiro e segundo semestres de 2024 acontecer\u00e3o em apenas uma etapa.<\/p>\n\n\n\n<p>Nesta edi\u00e7\u00e3o, o Instituto Federal Baiano oferta &nbsp;925 vagas em 24 cursos, distribu\u00eddos em 10 campi da institui\u00e7\u00e3o: Bom Jesus da Lapa, Catu, Guanambi, Itapetinga, Santa In\u00eas, Senhor do Bonfim, Serrinha, Teixeira de Freitas, Uru\u00e7uca e Valen\u00e7a.<\/p>\n\n\n\n<p>Os candidatos devem ficar atentos aos prazos. A previs\u00e3o \u00e9 que as&nbsp; matr\u00edculas ocorram de 1\u00ba a 7 de fevereiro.<\/p>\n\n\n\n<p>Confira os cursos e quantidade de vagas ofertadas pelo IF Baiano, por campus:<\/p>\n\n\n\n<p><strong>Campus Bom Jesus da Lapa:<\/strong>&nbsp;Engenharia Agron\u00f4mica (20) | Gest\u00e3o de Tecnologia da Informa\u00e7\u00e3o (40)<\/p>\n\n\n\n<p><strong>Campus Catu:<\/strong>&nbsp;An\u00e1lise e Desenvolvimento de Sistemas (35) | Gastronomia (40) | Qu\u00edmica (40)<\/p>\n\n\n\n<p><strong>Campus Guanambi:<\/strong>&nbsp;Agroind\u00fastria (40) | Agronomia (40) | An\u00e1lise e Desenvolvimento de Sistemas (40) | Ci\u00eancias Biol\u00f3gicas (40) | Qu\u00edmica (40)<\/p>\n\n\n\n<p><strong>Campus Itapetinga:<\/strong>&nbsp;Letras: Libras (40) | Sistemas de Informa\u00e7\u00e3o (40)<\/p>\n\n\n\n<p><strong>Campus Santa In\u00eas:<\/strong>&nbsp;Ci\u00eancias Biol\u00f3gicas (40) | Geografia (40) | Zootecnia (40)<\/p>\n\n\n\n<p><strong>Campus Senhor do Bonfim:<\/strong>&nbsp;Ci\u00eancias Agr\u00e1rias (40) | Ci\u00eancias da Computa\u00e7\u00e3o (40)<\/p>\n\n\n\n<p><strong>Campus Serrinha:&nbsp;<\/strong>Ci\u00eancias Biol\u00f3gicas (40) | Gest\u00e3o de Cooperativas (40)<\/p>\n\n\n\n<p><strong>Campus Teixeira de Freitas:<\/strong>&nbsp;Engenharia Agron\u00f4mica (40)<\/p>\n\n\n\n<p><strong>Campus Uru\u00e7uca:<\/strong>&nbsp;Agroecologia (30) | Engenharia de Alimentos (40) | Gest\u00e3o de Turismo (40)<\/p>\n\n\n\n<p><strong>Campus Valen\u00e7a:<\/strong>&nbsp;Ci\u00eancias Biol\u00f3gicas (40)<\/p>\n\n\n\n<p>Fa\u00e7a sua inscri\u00e7\u00e3o\u00a0<a href=\"https:\/\/sisualuno.mec.gov.br\/#\/login\">aqui<\/a>!<\/p>\n\n\n\n<hr class=\"wp-block-separator has-alpha-channel-opacity\" \/>\n\n\n\n<p><\/p>\n","protected":false},"excerpt":{"rendered":"<p>O prazo para inscri\u00e7\u00f5es vai de 22 a 25 de janeiro<\/p>\n","protected":false},"author":86,"featured_media":20402,"comment_status":"closed","ping_status":"closed","sticky":false,"template":"","format":"standard","meta":[],"categories":[4,12,5,8,1,57],"tags":[],"_links":{"self":[{"href":"https:\/\/www.ifbaiano.edu.br\/unidades\/santaines\/wp-json\/wp\/v2\/posts\/20447"}],"collection":[{"href":"https:\/\/www.ifbaiano.edu.br\/unidades\/santaines\/wp-json\/wp\/v2\/posts"}],"about":[{"href":"https:\/\/www.ifbaiano.edu.br\/unidades\/santaines\/wp-json\/wp\/v2\/types\/post"}],"author":[{"embeddable":true,"href":"https:\/\/www.ifbaiano.edu.br\/unidades\/santaines\/wp-json\/wp\/v2\/users\/86"}],"replies":[{"embeddable":true,"href":"https:\/\/www.ifbaiano.edu.br\/unidades\/santaines\/wp-json\/wp\/v2\/comments?post=20447"}],"version-history":[{"count":1,"href":"https:\/\/www.ifbaiano.edu.br\/unidades\/santaines\/wp-json\/wp\/v2\/posts\/20447\/revisions"}],"predecessor-version":[{"id":20448,"href":"https:\/\/www.ifbaiano.edu.br\/unidades\/santaines\/wp-json\/wp\/v2\/posts\/20447\/revisions\/20448"}],"wp:featuredmedia":[{"embeddable":true,"href":"https:\/\/www.ifbaiano.edu.br\/unidades\/santaines\/wp-json\/wp\/v2\/media\/20402"}],"wp:attachment":[{"href":"https:\/\/www.ifbaiano.edu.br\/unidades\/santaines\/wp-json\/wp\/v2\/media?parent=20447"}],"wp:term":[{"taxonomy":"category","embeddable":true,"href":"https:\/\/www.ifbaiano.edu.br\/unidades\/santaines\/wp-json\/wp\/v2\/categories?post=20447"},{"taxonomy":"post_tag","embeddable":true,"href":"https:\/\/www.ifbaiano.edu.br\/unidades\/santaines\/wp-json\/wp\/v2\/tags?post=20447"}],"curies":[{"name":"wp","href":"https:\/\/api.w.org\/{rel}","templated":true}]}}