{"id":20449,"date":"2024-01-25T13:17:53","date_gmt":"2024-01-25T16:17:53","guid":{"rendered":"https:\/\/www.ifbaiano.edu.br\/unidades\/santaines\/?p=20449"},"modified":"2024-01-31T11:31:50","modified_gmt":"2024-01-31T14:31:50","slug":"chamada-para-matricula-e-lista-de-espera-para-cursos-de-graduacao-no-campus-santa-ines-sisu-2024","status":"publish","type":"post","link":"https:\/\/www.ifbaiano.edu.br\/unidades\/santaines\/chamada-para-matricula-e-lista-de-espera-para-cursos-de-graduacao-no-campus-santa-ines-sisu-2024\/","title":{"rendered":"Chamada para matr\u00edcula e lista de espera para Cursos de Gradua\u00e7\u00e3o no Campus Santa In\u00eas &#8211; SISU 2024"},"content":{"rendered":"\n<p>O IF Baiano &#8211; Campus Santa In\u00eas torna p\u00fablica, atrav\u00e9s do <a href=\"https:\/\/concurso.ifbaiano.edu.br\/portal\/sisu2024-1\/wp-content\/uploads\/sites\/930\/2024\/01\/Edital-01-2024-Chamada-para-matricula-e-Lista-de-Espera-SISU-2024-Campus-Santa-Ines.pdf\">EDITAL N\u00ba 01\/2024<\/a> e considerando o <a href=\"https:\/\/concurso.ifbaiano.edu.br\/portal\/sisu2024-1\/wp-content\/uploads\/sites\/930\/2024\/01\/Edital-de-retificacao-02-2024-Campus-Santa-Ines.pdf\">Edital de Retifica\u00e7\u00e3o 02\/2024<\/a>, as etapas e convoca\u00e7\u00f5es para os processos de matr\u00edcula e listas de espera dos cursos de gradua\u00e7\u00e3o ofertados pela Institui\u00e7\u00e3o, para ingresso no 1\u00ba semestre de 2024, que utilizar\u00e1 o Sistema de Sele\u00e7\u00e3o Unificada (SiSU), instru\u00eddo pelo Edital n\u00ba 07\/2024 de 18 de janeiro de 2024 e suas retifica\u00e7\u00f5es.<\/p>\n\n\n\n<p>A Manifesta\u00e7\u00e3o de interesse dos(as) candidatos(as) em participar da lista de espera dever\u00e1 ser feita no per\u00edodo de 30 de janeiro a 09 de fevereiro de 2024 no <a href=\"\/\/acessounico.mec.gov.br\/sisu\">Portal \u00danico de Acesso ao Ensino Superior<\/a>.  No per\u00edodo de 01 a 09 de fevereiro acontece a pr\u00e9-Matr\u00edcula (Recep\u00e7\u00e3o e Confer\u00eancia de Documentos). Neste per\u00edodo os(as) candidatos(as) devem encaminhar os documentos de acordo com a modalidade de vaga que foi aprovado (a) para o e-mail prosel.sisu@si.ifbaiano.edu.br.  A matr\u00edcula ser\u00e1 realizada, presencialmente, ap\u00f3s a confer\u00eancia da documenta\u00e7\u00e3o exigida.<\/p>\n\n\n\n<p>Os(as) candidatos(as) que se inscreverem para concorrerem \u00e0s a\u00e7\u00f5es afirmativas ser\u00e3o convocados(as) no dia 16 de fevereiro de 2024 para entrevista pela Banca de Verifica\u00e7\u00e3o da Autodeclara\u00e7\u00e3o \u00c9tnico-Racial, e a qualquer momento, caso seja necess\u00e1rio, conforme defini\u00e7\u00e3o do Campus escolhido para ingresso, em atendimento \u00e0 portaria n\u00ba 18\/2012 do MEC e portaria n\u00ba 4\/2018 do MPDG e Resolu\u00e7\u00e3o 153\/2021 &#8211; CONSUP\/IFBAIANO, de 18 de agosto de 2021.<\/p>\n\n\n\n<p>\u00c9 imprescind\u00edvel a leitura do <a href=\"https:\/\/concurso.ifbaiano.edu.br\/portal\/sisu2024-1\/wp-content\/uploads\/sites\/930\/2024\/01\/Edital-01-2024-Chamada-para-matricula-e-Lista-de-Espera-SISU-2024-Campus-Santa-Ines.pdf\">edital<\/a> e sua <a href=\"https:\/\/concurso.ifbaiano.edu.br\/portal\/sisu2024-1\/wp-content\/uploads\/sites\/930\/2024\/01\/Edital-de-retificacao-02-2024-Campus-Santa-Ines.pdf\">retifica\u00e7\u00e3o<\/a> para esclarecimento e informa\u00e7\u00f5es detalhadas do processo e em caso de d\u00favidas, o(a) candidato(a) poder\u00e1 entrar em contato atrav\u00e9s do e-mail: prosel.sisu@si.ifbaiano.edu.br.<\/p>\n\n\n\n<hr class=\"wp-block-separator has-alpha-channel-opacity\" \/>\n","protected":false},"excerpt":{"rendered":"<p>O IF Baiano &#8211; Campus Santa In\u00eas torna p\u00fablica, atrav\u00e9s do EDITAL N\u00ba 01\/2024 e considerando o Edital de Retifica\u00e7\u00e3o 02\/2024, as etapas e convoca\u00e7\u00f5es para os processos de matr\u00edcula e listas de espera dos cursos de gradua\u00e7\u00e3o ofertados pela Institui\u00e7\u00e3o, para ingresso no 1\u00ba semestre de 2024, que utilizar\u00e1 o Sistema de Sele\u00e7\u00e3o Unificada [&hellip;]<\/p>\n","protected":false},"author":86,"featured_media":20402,"comment_status":"closed","ping_status":"closed","sticky":false,"template":"","format":"standard","meta":[],"categories":[4,20,12,5,8,57],"tags":[],"_links":{"self":[{"href":"https:\/\/www.ifbaiano.edu.br\/unidades\/santaines\/wp-json\/wp\/v2\/posts\/20449"}],"collection":[{"href":"https:\/\/www.ifbaiano.edu.br\/unidades\/santaines\/wp-json\/wp\/v2\/posts"}],"about":[{"href":"https:\/\/www.ifbaiano.edu.br\/unidades\/santaines\/wp-json\/wp\/v2\/types\/post"}],"author":[{"embeddable":true,"href":"https:\/\/www.ifbaiano.edu.br\/unidades\/santaines\/wp-json\/wp\/v2\/users\/86"}],"replies":[{"embeddable":true,"href":"https:\/\/www.ifbaiano.edu.br\/unidades\/santaines\/wp-json\/wp\/v2\/comments?post=20449"}],"version-history":[{"count":6,"href":"https:\/\/www.ifbaiano.edu.br\/unidades\/santaines\/wp-json\/wp\/v2\/posts\/20449\/revisions"}],"predecessor-version":[{"id":20463,"href":"https:\/\/www.ifbaiano.edu.br\/unidades\/santaines\/wp-json\/wp\/v2\/posts\/20449\/revisions\/20463"}],"wp:featuredmedia":[{"embeddable":true,"href":"https:\/\/www.ifbaiano.edu.br\/unidades\/santaines\/wp-json\/wp\/v2\/media\/20402"}],"wp:attachment":[{"href":"https:\/\/www.ifbaiano.edu.br\/unidades\/santaines\/wp-json\/wp\/v2\/media?parent=20449"}],"wp:term":[{"taxonomy":"category","embeddable":true,"href":"https:\/\/www.ifbaiano.edu.br\/unidades\/santaines\/wp-json\/wp\/v2\/categories?post=20449"},{"taxonomy":"post_tag","embeddable":true,"href":"https:\/\/www.ifbaiano.edu.br\/unidades\/santaines\/wp-json\/wp\/v2\/tags?post=20449"}],"curies":[{"name":"wp","href":"https:\/\/api.w.org\/{rel}","templated":true}]}}