{"id":20453,"date":"2024-02-15T17:48:00","date_gmt":"2024-02-15T20:48:00","guid":{"rendered":"https:\/\/www.ifbaiano.edu.br\/unidades\/santaines\/?p=20453"},"modified":"2024-02-15T17:49:54","modified_gmt":"2024-02-15T20:49:54","slug":"campus-santa-ines-abre-vagas-remanescentes-do-processo-seletivo-2023","status":"publish","type":"post","link":"https:\/\/www.ifbaiano.edu.br\/unidades\/santaines\/campus-santa-ines-abre-vagas-remanescentes-do-processo-seletivo-2023\/","title":{"rendered":"Campus Santa In\u00eas abre vagas remanescentes do Processo Seletivo 2023"},"content":{"rendered":"\n<p>IF Baiano &#8211; Campus Santa In\u00eas\u00a0abriu inscri\u00e7\u00f5es para 40 vagas remanescentes oriundas do processo de ingresso de estudantes de 2023, nos cursos da Educa\u00e7\u00e3o Profissional T\u00e9cnica de N\u00edvel M\u00e9dio (EPTNM), na forma integrada ao ensino m\u00e9dio, na modalidade presencial. Das vagas ofertadas, 17 s\u00e3o para o Curso T\u00e9cnico em Agropecu\u00e1ria e 23 para o Curso T\u00e9cnico em Alimentos.<\/p>\n\n\n\n<p>A sele\u00e7\u00e3o se deu por meio de manifesta\u00e7\u00e3o de interesse na vaga, considerando a\u00a0ordem de chegada\u00a0ao local de inscri\u00e7\u00e3o\/matr\u00edcula. Os(As) Candidatos(as) interessados(as) realizaram as inscri\u00e7\u00f5es\/matr\u00edculas, presencialmente, acompanhados(as) de um(a) respons\u00e1vel legal, no caso de candidatos(as) menores de idade, no Instituto Federal de Educa\u00e7\u00e3o, Ci\u00eancia e Tecnologia Baiano Campus Santa In\u00eas, no endere\u00e7o BR 420, CEP 45320-000  no per\u00edodo de  05\u00a0a\u00a019 de fevereiro de 2024, das 08h \u00e0s 16h.<\/p>\n\n\n\n<p>Para ingresso nos cursos t\u00e9cnicos de n\u00edvel m\u00e9dio, na forma integrada ao ensino m\u00e9dio, na modalidade presencial do IF Baiano o(a) candidato(a) precisa ter conclu\u00eddo o ensino fundamental (9\u00ba ano) at\u00e9 o dia da inscri\u00e7\u00e3o\/matr\u00edcula e apresentar a seguinte documenta\u00e7\u00e3o:<\/p>\n\n\n\n<ul>\n<li>documento de identifica\u00e7\u00e3o;<\/li>\n\n\n\n<li>Cadastro de Pessoa F\u00edsica (CPF), caso n\u00e3o conste o n\u00famero desse documento no RG;<\/li>\n\n\n\n<li>hist\u00f3rico escolar do ensino m\u00e9dio com certificado de conclus\u00e3o emitido por institui\u00e7\u00e3o oficial de ensino, ou certificado de conclus\u00e3o do ensino m\u00e9dio por meio de desempenho no Exame Nacional&nbsp;do Ensino M\u00e9dio&nbsp;(ENEM) ou no&nbsp;Exame Nacional para Certifica\u00e7\u00e3o de Compet\u00eancias de Jovens e Adultos&nbsp;(ENCCEJA). Quando oriundo de pa\u00edses estrangeiros, esse documento dever\u00e1 ser revalidado e devidamente acompanhado da respectiva tradu\u00e7\u00e3o juramentada;<\/li>\n\n\n\n<li>comprovante de resid\u00eancia ou declara\u00e7\u00e3o de domic\u00edlio;<\/li>\n\n\n\n<li>RG e CPF do(a) respons\u00e1vel legal, se o(a) candidato(a) for menor de dezoito anos;<\/li>\n\n\n\n<li>comprovante de regulariza\u00e7\u00e3o com o Servi\u00e7o Militar, para candidatos do g\u00eanero masculino maiores de dezoito anos. N\u00e3o ser\u00e1 aceita como comprovante a certid\u00e3o de a\u00e7\u00f5es criminais;<\/li>\n\n\n\n<li><a href=\"https:\/\/www.tse.jus.br\/servicos-eleitorais\/certidoes\/certidao-de-quitacao-eleitoral\">comprovante de quita\u00e7\u00e3o com a Justi\u00e7a Eleitoral<\/a>, para candidatos(as) maiores de dezoito anos;<\/li>\n\n\n\n<li>certid\u00e3o de nascimento ou de casamento;<\/li>\n\n\n\n<li>comprovante do grupo sangu\u00edneo do sistema ABO e do fator RH;<\/li>\n\n\n\n<li>cart\u00e3o de vacina\u00e7\u00e3o constando vacina contra t\u00e9tano nos \u00faltimos dez anos, devidamente assinado pelo(a) agente de sa\u00fade;<\/li>\n\n\n\n<li>cart\u00e3o do Sistema \u00danico de Sa\u00fade (SUS);<\/li>\n\n\n\n<li>duas fotos 3&#215;4 coloridas, iguais e recentes.<\/li>\n<\/ul>\n\n\n\n<p>Conforme prev\u00ea o cronograma estabelecido para as atividades do <a href=\"https:\/\/concurso.ifbaiano.edu.br\/portal\/vagas-integrado-santa-ines-janeiro-2024\/wp-content\/uploads\/sites\/938\/2024\/01\/Edital-no-3.pdf\">Edital de Processo Seletivo de Vagas Remanescentes<\/a> a lista de matriculados segue publicada abaixo:<\/p>\n\n\n\n<ul>\n<li><a href=\"https:\/\/www.ifbaiano.edu.br\/unidades\/santaines\/files\/2024\/02\/Matriculados-nas-Vagas-Remanescentes-2024.pdf\">Rela\u00e7\u00e3o de matriculados nas vagas remanescentes<\/a><\/li>\n<\/ul>\n\n\n\n<p>O <a href=\"https:\/\/concurso.ifbaiano.edu.br\/portal\/vagas-integrado-santa-ines-janeiro-2024\/wp-content\/uploads\/sites\/938\/2024\/01\/Edital-no-3.pdf\">edital<\/a> prev\u00ea que, caso o n\u00famero de interessados(as) seja menor do que o n\u00famero de vagas disponibilizadas, o Campus continuar\u00e1 recebendo inscri\u00e7\u00f5es e matr\u00edculas at\u00e9 que as vagas sejam<br>preenchidas ou at\u00e9 o in\u00edcio das aulas (19 de fevereiro de 2024), o que ocorrer primeiro. Assim, os(as) candidatos(as) interessados(as) devem comparecer no Campus, munidos(as) dos documentos relacionados acima.<\/p>\n\n\n\n<p>O <a href=\"https:\/\/concurso.ifbaiano.edu.br\/portal\/vagas-integrado-santa-ines-janeiro-2024\/wp-content\/uploads\/sites\/938\/2024\/01\/Edital-no-3.pdf\">edital<\/a>, bem como sua <a href=\"https:\/\/www.ifbaiano.edu.br\/unidades\/santaines\/files\/2024\/02\/Reficacao-do-Edital-No-03_2024-de-31-de-Janeiro-de-2024.pdf\">retifica\u00e7\u00e3o<\/a>, trazem as informa\u00e7\u00f5es detalhadas sobre o processo. Em caso de d\u00favidas, o(a) candidato(a) poder\u00e1 entrar em contato atrav\u00e9s do e-mail: prosel@si.ifbaiano.edu.br<\/p>\n\n\n\n<hr class=\"wp-block-separator has-alpha-channel-opacity\" \/>\n\n\n\n<p><\/p>\n\n\n\n<p><\/p>\n","protected":false},"excerpt":{"rendered":"<p>IF Baiano &#8211; Campus Santa In\u00eas\u00a0abriu inscri\u00e7\u00f5es para 40 vagas remanescentes oriundas do processo de ingresso de estudantes de 2023, nos cursos da Educa\u00e7\u00e3o Profissional T\u00e9cnica de N\u00edvel M\u00e9dio (EPTNM), na forma integrada ao ensino m\u00e9dio, na modalidade presencial. Das vagas ofertadas, 17 s\u00e3o para o Curso T\u00e9cnico em Agropecu\u00e1ria e 23 para o Curso [&hellip;]<\/p>\n","protected":false},"author":86,"featured_media":20465,"comment_status":"closed","ping_status":"closed","sticky":false,"template":"","format":"standard","meta":[],"categories":[4,13,5,8,57],"tags":[],"_links":{"self":[{"href":"https:\/\/www.ifbaiano.edu.br\/unidades\/santaines\/wp-json\/wp\/v2\/posts\/20453"}],"collection":[{"href":"https:\/\/www.ifbaiano.edu.br\/unidades\/santaines\/wp-json\/wp\/v2\/posts"}],"about":[{"href":"https:\/\/www.ifbaiano.edu.br\/unidades\/santaines\/wp-json\/wp\/v2\/types\/post"}],"author":[{"embeddable":true,"href":"https:\/\/www.ifbaiano.edu.br\/unidades\/santaines\/wp-json\/wp\/v2\/users\/86"}],"replies":[{"embeddable":true,"href":"https:\/\/www.ifbaiano.edu.br\/unidades\/santaines\/wp-json\/wp\/v2\/comments?post=20453"}],"version-history":[{"count":6,"href":"https:\/\/www.ifbaiano.edu.br\/unidades\/santaines\/wp-json\/wp\/v2\/posts\/20453\/revisions"}],"predecessor-version":[{"id":20571,"href":"https:\/\/www.ifbaiano.edu.br\/unidades\/santaines\/wp-json\/wp\/v2\/posts\/20453\/revisions\/20571"}],"wp:featuredmedia":[{"embeddable":true,"href":"https:\/\/www.ifbaiano.edu.br\/unidades\/santaines\/wp-json\/wp\/v2\/media\/20465"}],"wp:attachment":[{"href":"https:\/\/www.ifbaiano.edu.br\/unidades\/santaines\/wp-json\/wp\/v2\/media?parent=20453"}],"wp:term":[{"taxonomy":"category","embeddable":true,"href":"https:\/\/www.ifbaiano.edu.br\/unidades\/santaines\/wp-json\/wp\/v2\/categories?post=20453"},{"taxonomy":"post_tag","embeddable":true,"href":"https:\/\/www.ifbaiano.edu.br\/unidades\/santaines\/wp-json\/wp\/v2\/tags?post=20453"}],"curies":[{"name":"wp","href":"https:\/\/api.w.org\/{rel}","templated":true}]}}