{"id":20519,"date":"2024-02-09T12:12:07","date_gmt":"2024-02-09T15:12:07","guid":{"rendered":"https:\/\/www.ifbaiano.edu.br\/unidades\/santaines\/?p=20519"},"modified":"2024-02-09T13:33:50","modified_gmt":"2024-02-09T16:33:50","slug":"semana-pedagogica-marca-retorno-das-atividades-letivas-no-campus-santa-ines","status":"publish","type":"post","link":"https:\/\/www.ifbaiano.edu.br\/unidades\/santaines\/semana-pedagogica-marca-retorno-das-atividades-letivas-no-campus-santa-ines\/","title":{"rendered":"Semana Pedag\u00f3gica marca retorno das atividades letivas no Campus Santa In\u00eas"},"content":{"rendered":"\n<p>Com o retorno das atividades letivas, no IF Baiano &#8211; Campus Santa In\u00eas, aconteceu, no audit\u00f3rio da biblioteca do campus, durante esta semana, 06 a 08 de fevereiro, a Jornada Pedag\u00f3gica 2024. Com o tema &#8220;Rela\u00e7\u00f5es \u00c9tnico-Raciais e de G\u00eanero no Cotidiano Escolar: Pensando os conte\u00fados, conhecimentos, saberes e pr\u00e1ticas escolares&#8221;, aconteceram discurs\u00f5es e aprendizados foram trocados por servidores presentes. Logo na manh\u00e3 do dia 6, primeiro dia da jornada, servidores(as) presentes foram recepcionados com um caf\u00e9 da manh\u00e3, no audit\u00f3rio do Campus. J\u00e1 no audit\u00f3rio, ap\u00f3s a abertura da semana pelo Diretor Acad\u00eamico, professor Andr\u00e9 Leonardo e pela Coordenadora de Ensino, professora Tharcilla Pessoa, que deu as boas vindas a todas as pessoas presentes, a professora Marilete Previero declamou o poema \u201cAviso da Lua que menstrua\u201d de Elisa Lucinda. <\/p>\n\n\n\n<figure class=\"wp-block-gallery has-nested-images columns-default is-cropped wp-block-gallery-1 is-layout-flex\">\n<figure class=\"wp-block-image size-large\"><a href=\"https:\/\/www.ifbaiano.edu.br\/unidades\/santaines\/files\/2024\/02\/91d19e90-4875-4188-ae1d-fd0172ab15fb.jpg\"><img decoding=\"async\" loading=\"lazy\" width=\"1600\" height=\"1200\" data-id=\"20537\"  src=\"https:\/\/www.ifbaiano.edu.br\/unidades\/santaines\/files\/2024\/02\/91d19e90-4875-4188-ae1d-fd0172ab15fb.jpg\" alt=\"\" class=\"wp-image-20537\" \/><\/a><\/figure>\n\n\n\n<figure class=\"wp-block-image size-large\"><a href=\"https:\/\/www.ifbaiano.edu.br\/unidades\/santaines\/files\/2024\/02\/f5e5db16-ddde-4ff5-bdbf-52fe9fdb4d5d.jpg\"><img decoding=\"async\" loading=\"lazy\" width=\"900\" height=\"1600\" data-id=\"20529\"  src=\"https:\/\/www.ifbaiano.edu.br\/unidades\/santaines\/files\/2024\/02\/f5e5db16-ddde-4ff5-bdbf-52fe9fdb4d5d.jpg\" alt=\"\" class=\"wp-image-20529\" \/><\/a><\/figure>\n\n\n\n<figure class=\"wp-block-image size-large\"><a href=\"https:\/\/www.ifbaiano.edu.br\/unidades\/santaines\/files\/2024\/02\/68f4ec01-9d02-4a38-878c-f5e29293b03e.jpg\"><img decoding=\"async\" loading=\"lazy\" width=\"1200\" height=\"1600\" data-id=\"20532\"  src=\"https:\/\/www.ifbaiano.edu.br\/unidades\/santaines\/files\/2024\/02\/68f4ec01-9d02-4a38-878c-f5e29293b03e.jpg\" alt=\"\" class=\"wp-image-20532\" \/><\/a><\/figure>\n<\/figure>\n\n\n\n<p>Com a palestra, &#8220;\u00c1frica em n\u00f3s: Os valores civilizat\u00f3rios afro-brasileiros na constitui\u00e7\u00e3o de uma sociedade diversa, a professora Tarry Pereira trouxe um leque de informa\u00e7\u00f5es e relatos e situa\u00e7\u00f5es reais para discuss\u00e3o. Tarry Cristina Santos Pereira \u00e9 graduada em Pedagogia, especialista em psicopedagogia clinica, institucional e gest\u00e3o escolar, colaboradora do GRUMAP \u2013 Grupo de mulheres do Alto das Pombas e do Instituto Cultural Steve Biko.<\/p>\n\n\n\n<p>A diretora geral, professora Genilda Lima n\u00e3o pode estar presente por estar em licen\u00e7a m\u00e9dica, no entanto, registrou sua presen\u00e7a atrav\u00e9s de um v\u00eddeo com sua mensagem de boas vindas e agradecimento a toda comunidade pela parceria e por &#8220;pensar junto&#8221; em a\u00e7\u00f5es de melhorias para a institui\u00e7\u00e3o. Al\u00e9m disso relatou sobre a import\u00e2ncia da tem\u00e1tica discutida na jornada e a import\u00e2ncia de fazer essas reflex\u00f5es e discuss\u00f5es possibilitando melhorias no processo de ensino aprendizagem: &#8220;Compreendo que esse \u00e9 um momento privilegiado da nossa institui\u00e7\u00e3o, pois \u00e9 atrav\u00e9s dele que vamos, de forma coletiva, discutir, avaliar as nossas a\u00e7\u00f5es para que possamos, tamb\u00e9m, tomar as nossas melhores decis\u00f5es para o nosso fazer pedag\u00f3gico&#8221;.  Finalizou Genilda.<\/p>\n\n\n\n<p>Outros momentos importantes aconteceram durante esses dias de jornada: palestras, discuss\u00f5es sobre planeamento das a\u00e7\u00f5es pedag\u00f3gicas, avalia\u00e7\u00e3o dos Cursos T\u00e9cnicos, Gradua\u00e7\u00e3o e EaD com apresenta\u00e7\u00e3o dos coordenadores de cada curso; aux\u00edlios estudantis apresentado pelo coordenador de Assuntos Estudantis; planejamento dos programas de perman\u00eancia e \u00eaxito: nivelamento, tutoria, monitoria e atendimento ao aluno conduzido pela dire\u00e7\u00e3o acad\u00eamica, coordena\u00e7\u00e3o de ensino e equipe t\u00e9cnico pedag\u00f3gica; apresenta\u00e7\u00e3o do or\u00e7amento pela diretoria administrativa; conforme <a href=\"https:\/\/www.ifbaiano.edu.br\/unidades\/santaines\/files\/2024\/02\/Folder-JORNADA-Pedagogica-2024-1.pdf\">programa\u00e7\u00e3o<\/a> onde consta cada atividade. <\/p>\n\n\n\n<figure class=\"wp-block-gallery has-nested-images columns-default is-cropped wp-block-gallery-3 is-layout-flex\">\n<figure class=\"wp-block-image size-large\"><a href=\"https:\/\/www.ifbaiano.edu.br\/unidades\/santaines\/files\/2024\/02\/12133336-2595-4e1f-b1aa-ee71751768d7.jpg\"><img decoding=\"async\" loading=\"lazy\" width=\"1600\" height=\"1200\" data-id=\"20523\"  src=\"https:\/\/www.ifbaiano.edu.br\/unidades\/santaines\/files\/2024\/02\/12133336-2595-4e1f-b1aa-ee71751768d7.jpg\" alt=\"\" class=\"wp-image-20523\" \/><\/a><\/figure>\n\n\n\n<figure class=\"wp-block-image size-large\"><a href=\"https:\/\/www.ifbaiano.edu.br\/unidades\/santaines\/files\/2024\/02\/ba2a77fb-90bf-4037-a9d9-d3a7223dec29.jpg\"><img decoding=\"async\" loading=\"lazy\" width=\"1600\" height=\"1200\" data-id=\"20535\"  src=\"https:\/\/www.ifbaiano.edu.br\/unidades\/santaines\/files\/2024\/02\/ba2a77fb-90bf-4037-a9d9-d3a7223dec29.jpg\" alt=\"\" class=\"wp-image-20535\" \/><\/a><\/figure>\n\n\n\n<figure class=\"wp-block-image size-large\"><a href=\"https:\/\/www.ifbaiano.edu.br\/unidades\/santaines\/files\/2024\/02\/9bf10072-84db-4ea9-b470-282be93d1415.jpg\"><img decoding=\"async\" loading=\"lazy\" width=\"1200\" height=\"1600\" data-id=\"20533\"  src=\"https:\/\/www.ifbaiano.edu.br\/unidades\/santaines\/files\/2024\/02\/9bf10072-84db-4ea9-b470-282be93d1415.jpg\" alt=\"\" class=\"wp-image-20533\" \/><\/a><\/figure>\n\n\n\n<figure class=\"wp-block-image size-large\"><a href=\"https:\/\/www.ifbaiano.edu.br\/unidades\/santaines\/files\/2024\/02\/38e3258a-ce40-41ad-9d1b-3bb564de32f1.jpg\"><img decoding=\"async\" loading=\"lazy\" width=\"1600\" height=\"1200\" data-id=\"20531\"  src=\"https:\/\/www.ifbaiano.edu.br\/unidades\/santaines\/files\/2024\/02\/38e3258a-ce40-41ad-9d1b-3bb564de32f1.jpg\" alt=\"\" class=\"wp-image-20531\" \/><\/a><\/figure>\n\n\n\n<figure class=\"wp-block-image size-large\"><a href=\"https:\/\/www.ifbaiano.edu.br\/unidades\/santaines\/files\/2024\/02\/088ddc20-da16-48fe-9328-4f379761cca0.jpg\"><img decoding=\"async\" loading=\"lazy\" width=\"1200\" height=\"1600\" data-id=\"20528\"  src=\"https:\/\/www.ifbaiano.edu.br\/unidades\/santaines\/files\/2024\/02\/088ddc20-da16-48fe-9328-4f379761cca0.jpg\" alt=\"\" class=\"wp-image-20528\" \/><\/a><\/figure>\n\n\n\n<figure class=\"wp-block-image size-large\"><a href=\"https:\/\/www.ifbaiano.edu.br\/unidades\/santaines\/files\/2024\/02\/9a9f6cda-c436-4339-b8f3-297ea64c48ff.jpg\"><img decoding=\"async\" loading=\"lazy\" width=\"1200\" height=\"1600\" data-id=\"20527\"  src=\"https:\/\/www.ifbaiano.edu.br\/unidades\/santaines\/files\/2024\/02\/9a9f6cda-c436-4339-b8f3-297ea64c48ff.jpg\" alt=\"\" class=\"wp-image-20527\" \/><\/a><\/figure>\n<\/figure>\n\n\n\n<hr class=\"wp-block-separator has-alpha-channel-opacity\" \/>\n","protected":false},"excerpt":{"rendered":"<p>Com o retorno das atividades letivas, no IF Baiano &#8211; Campus Santa In\u00eas, aconteceu, no audit\u00f3rio da biblioteca do campus, durante esta semana, 06 a 08 de fevereiro, a Jornada Pedag\u00f3gica 2024. Com o tema &#8220;Rela\u00e7\u00f5es \u00c9tnico-Raciais e de G\u00eanero no Cotidiano Escolar: Pensando os conte\u00fados, conhecimentos, saberes e pr\u00e1ticas escolares&#8221;, aconteceram discurs\u00f5es e aprendizados [&hellip;]<\/p>\n","protected":false},"author":86,"featured_media":20543,"comment_status":"closed","ping_status":"closed","sticky":false,"template":"","format":"standard","meta":[],"categories":[4,57],"tags":[],"_links":{"self":[{"href":"https:\/\/www.ifbaiano.edu.br\/unidades\/santaines\/wp-json\/wp\/v2\/posts\/20519"}],"collection":[{"href":"https:\/\/www.ifbaiano.edu.br\/unidades\/santaines\/wp-json\/wp\/v2\/posts"}],"about":[{"href":"https:\/\/www.ifbaiano.edu.br\/unidades\/santaines\/wp-json\/wp\/v2\/types\/post"}],"author":[{"embeddable":true,"href":"https:\/\/www.ifbaiano.edu.br\/unidades\/santaines\/wp-json\/wp\/v2\/users\/86"}],"replies":[{"embeddable":true,"href":"https:\/\/www.ifbaiano.edu.br\/unidades\/santaines\/wp-json\/wp\/v2\/comments?post=20519"}],"version-history":[{"count":3,"href":"https:\/\/www.ifbaiano.edu.br\/unidades\/santaines\/wp-json\/wp\/v2\/posts\/20519\/revisions"}],"predecessor-version":[{"id":20547,"href":"https:\/\/www.ifbaiano.edu.br\/unidades\/santaines\/wp-json\/wp\/v2\/posts\/20519\/revisions\/20547"}],"wp:featuredmedia":[{"embeddable":true,"href":"https:\/\/www.ifbaiano.edu.br\/unidades\/santaines\/wp-json\/wp\/v2\/media\/20543"}],"wp:attachment":[{"href":"https:\/\/www.ifbaiano.edu.br\/unidades\/santaines\/wp-json\/wp\/v2\/media?parent=20519"}],"wp:term":[{"taxonomy":"category","embeddable":true,"href":"https:\/\/www.ifbaiano.edu.br\/unidades\/santaines\/wp-json\/wp\/v2\/categories?post=20519"},{"taxonomy":"post_tag","embeddable":true,"href":"https:\/\/www.ifbaiano.edu.br\/unidades\/santaines\/wp-json\/wp\/v2\/tags?post=20519"}],"curies":[{"name":"wp","href":"https:\/\/api.w.org\/{rel}","templated":true}]}}