{"id":20557,"date":"2024-02-15T11:51:56","date_gmt":"2024-02-15T14:51:56","guid":{"rendered":"https:\/\/www.ifbaiano.edu.br\/unidades\/santaines\/?p=20557"},"modified":"2024-02-15T11:51:56","modified_gmt":"2024-02-15T14:51:56","slug":"reuniao-de-pais-no-campus-santa-ines-acontece-na-proxima-semana","status":"publish","type":"post","link":"https:\/\/www.ifbaiano.edu.br\/unidades\/santaines\/reuniao-de-pais-no-campus-santa-ines-acontece-na-proxima-semana\/","title":{"rendered":"Reuni\u00e3o de pais, no Campus Santa In\u00eas, acontece na pr\u00f3xima semana"},"content":{"rendered":"\n<p>O IF Baiano &#8211; Campus Santa In\u00eas realizar\u00e1 a primeira reuni\u00e3o do Ano Letivo 2024 com os pais\/respons\u00e1veis de\/pelos estudantes dos Cursos T\u00e9cnicos Integrados ao Ensino M\u00e9dio. O encontro acontecer\u00e1 na quadra poliesportiva do Campus, em dois momentos. Na na pr\u00f3xima segunda-feira, 19, \u00e0s 8h, a reuni\u00e3o ser\u00e1 com pais\/respons\u00e1veis de\/pelos estudantes das turmas de 1\u00aa s\u00e9rie. Na quarta-feira, dia 21, \u00e0s 13h30min, o encontro ser\u00e1 com pais\/respons\u00e1veis de\/pelos estudantes das turmas de 2\u00aa e 3\u00aa s\u00e9ries.<\/p>\n\n\n\n<p>Todos(as) os pais e\/ou respons\u00e1veis\u00a0pelos estudantes deste Campus est\u00e3o convidados para participar. Para a professora Tharcilla Pess\u00f4a, Coordenadora de Ensino, este \u00e9 um momento de acolhida, de esclarecimentos de d\u00favidas e uma oportunidade dos pais\/respons\u00e1veis conhecerem um pouco mais a institui\u00e7\u00e3o, seus servidores e funcionamento dos setores. A professora avalia como de grande import\u00e2ncia a participa\u00e7\u00e3o de todos(as). &#8220;\u00c9 imprescind\u00edvel que tenhamos a presen\u00e7a dos pais e\/ou respons\u00e1veis\u00a0pelos nossos estudantes.  Precisamos trabalhar juntos, fam\u00edlia e escola, para que tenhamos sucesso na forma\u00e7\u00e3o desses adolescentes&#8221;.<\/p>\n\n\n\n<p>Ser\u00e3o explanados, nessa reuni\u00e3o, sobre os procedimentos acad\u00eamicos referentes ao ano letivo 2024, apresentada a equipe de trabalho do Campus. No primeiro dia de reuni\u00e3o, os(as) estudantes das turmas de 1\u00aa s\u00e9rie ter\u00e3o aula normal no per\u00edodo da tarde, ap\u00f3s a reuni\u00e3o. Os demais estudantes j\u00e1 est\u00e3o em aula regularmente.<\/p>\n\n\n\n<hr class=\"wp-block-separator has-alpha-channel-opacity\" \/>\n\n\n\n<p><\/p>\n","protected":false},"excerpt":{"rendered":"<p>O IF Baiano &#8211; Campus Santa In\u00eas realizar\u00e1 a primeira reuni\u00e3o do Ano Letivo 2024 com os pais\/respons\u00e1veis de\/pelos estudantes dos Cursos T\u00e9cnicos Integrados ao Ensino M\u00e9dio. O encontro acontecer\u00e1 na quadra poliesportiva do Campus, em dois momentos. Na na pr\u00f3xima segunda-feira, 19, \u00e0s 8h, a reuni\u00e3o ser\u00e1 com pais\/respons\u00e1veis de\/pelos estudantes das turmas de [&hellip;]<\/p>\n","protected":false},"author":86,"featured_media":18821,"comment_status":"closed","ping_status":"closed","sticky":false,"template":"","format":"standard","meta":[],"categories":[4,19,13,5,57],"tags":[],"_links":{"self":[{"href":"https:\/\/www.ifbaiano.edu.br\/unidades\/santaines\/wp-json\/wp\/v2\/posts\/20557"}],"collection":[{"href":"https:\/\/www.ifbaiano.edu.br\/unidades\/santaines\/wp-json\/wp\/v2\/posts"}],"about":[{"href":"https:\/\/www.ifbaiano.edu.br\/unidades\/santaines\/wp-json\/wp\/v2\/types\/post"}],"author":[{"embeddable":true,"href":"https:\/\/www.ifbaiano.edu.br\/unidades\/santaines\/wp-json\/wp\/v2\/users\/86"}],"replies":[{"embeddable":true,"href":"https:\/\/www.ifbaiano.edu.br\/unidades\/santaines\/wp-json\/wp\/v2\/comments?post=20557"}],"version-history":[{"count":1,"href":"https:\/\/www.ifbaiano.edu.br\/unidades\/santaines\/wp-json\/wp\/v2\/posts\/20557\/revisions"}],"predecessor-version":[{"id":20558,"href":"https:\/\/www.ifbaiano.edu.br\/unidades\/santaines\/wp-json\/wp\/v2\/posts\/20557\/revisions\/20558"}],"wp:featuredmedia":[{"embeddable":true,"href":"https:\/\/www.ifbaiano.edu.br\/unidades\/santaines\/wp-json\/wp\/v2\/media\/18821"}],"wp:attachment":[{"href":"https:\/\/www.ifbaiano.edu.br\/unidades\/santaines\/wp-json\/wp\/v2\/media?parent=20557"}],"wp:term":[{"taxonomy":"category","embeddable":true,"href":"https:\/\/www.ifbaiano.edu.br\/unidades\/santaines\/wp-json\/wp\/v2\/categories?post=20557"},{"taxonomy":"post_tag","embeddable":true,"href":"https:\/\/www.ifbaiano.edu.br\/unidades\/santaines\/wp-json\/wp\/v2\/tags?post=20557"}],"curies":[{"name":"wp","href":"https:\/\/api.w.org\/{rel}","templated":true}]}}