{"id":20595,"date":"2024-02-19T23:22:58","date_gmt":"2024-02-20T02:22:58","guid":{"rendered":"https:\/\/www.ifbaiano.edu.br\/unidades\/santaines\/?p=20595"},"modified":"2024-02-19T23:23:00","modified_gmt":"2024-02-20T02:23:00","slug":"campus-santa-ines-inicia-ano-letivo-com-ingressantes-2024","status":"publish","type":"post","link":"https:\/\/www.ifbaiano.edu.br\/unidades\/santaines\/campus-santa-ines-inicia-ano-letivo-com-ingressantes-2024\/","title":{"rendered":"Campus Santa In\u00eas inicia ano letivo com ingressantes 2024"},"content":{"rendered":"\n<div class=\"wp-block-media-text alignwide is-stacked-on-mobile\"><figure class=\"wp-block-media-text__media\"><img decoding=\"async\" loading=\"lazy\" width=\"1600\" height=\"900\" src=\"https:\/\/www.ifbaiano.edu.br\/unidades\/santaines\/files\/2024\/02\/b5c7b3ff-a2ec-4c05-8c11-461d9a041854-1.jpg\" alt=\"\" class=\"wp-image-20599 size-full\" \/><\/figure><div class=\"wp-block-media-text__content\">\n<p>Na manh\u00e3 de hoje, 19, na quadra poliesportiva do Campus Santa In\u00eas, aconteceu a primeira reuni\u00e3o de pais e\/ou respons\u00e1veis dos estudantes ingressantes dos cursos t\u00e9cnicos integrados em Alimentos, Agropecu\u00e1ria, Inform\u00e1tica e Zootecnia.<\/p>\n<\/div><\/div>\n\n\n\n<p>A professora Tharcilla Pess\u00f4a, Coordenadora de Ensino, conduziu a reuni\u00e3o que lotou o espa\u00e7o da quadra com a presen\u00e7a, al\u00e9m de estudantes e familiares, da Diretora Geral, professora Genilda Lima; do Diretor Acad\u00eamico, professor Andr\u00e9 Leonardo; das Coordenadoras dos Cursos T\u00e9cnicos em Alimentos, Agropecu\u00e1ria, Inform\u00e1tica e Zootecnia: professoras Marilete Previero, Lucidalva Menezes, Jadson Santos e Viviane Correa, respectivamente; a Equipe T\u00e9cnico-pedag\u00f3gica: Arlene Luttigards, Merilande Eloi e Eliane Ferreira; o Coordenador de Assuntos Estudantis, \u00c2ngelo Francisco e equipe da Coordena\u00e7\u00e3o; a psic\u00f3loga do Campus Claudimeia Barreto, o N\u00facleo de Atendimento \u00e0s pessoas com Necessidades Espec\u00edficas, Setor de Biblioteca, Coordena\u00e7\u00e3o das Unidades Educativas de Campo, Gr\u00eamio Estudantil Carlos Lamarca, servidores e colaboradores.<\/p>\n\n\n\n<figure class=\"wp-block-gallery has-nested-images columns-default is-cropped wp-block-gallery-1 is-layout-flex\">\n<figure class=\"wp-block-image size-large\"><a href=\"https:\/\/www.ifbaiano.edu.br\/unidades\/santaines\/files\/2024\/02\/20240219_085108.jpg\"><img decoding=\"async\" loading=\"lazy\" width=\"4032\" height=\"1816\" data-id=\"20601\"  src=\"https:\/\/www.ifbaiano.edu.br\/unidades\/santaines\/files\/2024\/02\/20240219_085108.jpg\" alt=\"\" class=\"wp-image-20601\" \/><\/a><\/figure>\n\n\n\n<figure class=\"wp-block-image size-large\"><a href=\"https:\/\/www.ifbaiano.edu.br\/unidades\/santaines\/files\/2024\/02\/20240219_085541.jpg\"><img decoding=\"async\" loading=\"lazy\" width=\"4032\" height=\"1816\" data-id=\"20604\"  src=\"https:\/\/www.ifbaiano.edu.br\/unidades\/santaines\/files\/2024\/02\/20240219_085541.jpg\" alt=\"\" class=\"wp-image-20604\" \/><\/a><\/figure>\n<\/figure>\n\n\n\n<p>Houve o acolhimento pela Diretora Geral, professora Genilda Lima, apresenta\u00e7\u00e3o de cada Coordena\u00e7\u00e3o de curso com sua respectiva coordena\u00e7\u00e3o pedag\u00f3gica que falou um pouco sobre cada curso; foi explicado sobre o organograma funcional, fun\u00e7\u00f5es de cada setor, assim como, frisada a import\u00e2ncia da leitura do material distribu\u00eddo para os pais\/respons\u00e1veis que continha o regimento ao qual os(as) discentes est\u00e3o submetidos.<\/p>\n\n\n\n<p>Todos os presentes que fizeram uso da palavra, foram un\u00e2nimes em registrar sobre a import\u00e2ncia da participa\u00e7\u00e3o da fam\u00edlia na institui\u00e7\u00e3o e as possibilidades que os estudantes t\u00eam n\u00e3o apenas no ensino, como tamb\u00e9m na pesquisa e na extens\u00e3o como forma complementar aos estudos qualificando ainda mais a sua forma\u00e7\u00e3o.<\/p>\n\n\n\n<figure class=\"wp-block-gallery has-nested-images columns-default is-cropped wp-block-gallery-3 is-layout-flex\">\n<figure class=\"wp-block-image size-large\"><a href=\"https:\/\/www.ifbaiano.edu.br\/unidades\/santaines\/files\/2024\/02\/20240219_091927.jpg\"><img decoding=\"async\" loading=\"lazy\" width=\"3024\" height=\"3024\" data-id=\"20613\"  src=\"https:\/\/www.ifbaiano.edu.br\/unidades\/santaines\/files\/2024\/02\/20240219_091927.jpg\" alt=\"\" class=\"wp-image-20613\" \/><\/a><\/figure>\n\n\n\n<figure class=\"wp-block-image size-large\"><a href=\"https:\/\/www.ifbaiano.edu.br\/unidades\/santaines\/files\/2024\/02\/20240219_092135.jpg\"><img decoding=\"async\" loading=\"lazy\" width=\"3024\" height=\"3024\" data-id=\"20612\"  src=\"https:\/\/www.ifbaiano.edu.br\/unidades\/santaines\/files\/2024\/02\/20240219_092135.jpg\" alt=\"\" class=\"wp-image-20612\" \/><\/a><\/figure>\n\n\n\n<figure class=\"wp-block-image size-large\"><a href=\"https:\/\/www.ifbaiano.edu.br\/unidades\/santaines\/files\/2024\/02\/20240219_092440.jpg\"><img decoding=\"async\" loading=\"lazy\" width=\"3024\" height=\"3024\" data-id=\"20606\"  src=\"https:\/\/www.ifbaiano.edu.br\/unidades\/santaines\/files\/2024\/02\/20240219_092440.jpg\" alt=\"\" class=\"wp-image-20606\" \/><\/a><\/figure>\n\n\n\n<figure class=\"wp-block-image size-large\"><a href=\"https:\/\/www.ifbaiano.edu.br\/unidades\/santaines\/files\/2024\/02\/20240219_092527.jpg\"><img decoding=\"async\" loading=\"lazy\" width=\"3024\" height=\"3024\" data-id=\"20610\"  src=\"https:\/\/www.ifbaiano.edu.br\/unidades\/santaines\/files\/2024\/02\/20240219_092527.jpg\" alt=\"\" class=\"wp-image-20610\" \/><\/a><\/figure>\n\n\n\n<figure class=\"wp-block-image size-large\"><a href=\"https:\/\/www.ifbaiano.edu.br\/unidades\/santaines\/files\/2024\/02\/20240219_094935.jpg\"><img decoding=\"async\" loading=\"lazy\" width=\"3024\" height=\"3024\" data-id=\"20608\"  src=\"https:\/\/www.ifbaiano.edu.br\/unidades\/santaines\/files\/2024\/02\/20240219_094935.jpg\" alt=\"\" class=\"wp-image-20608\" \/><\/a><\/figure>\n<\/figure>\n\n\n\n<p>O professor Andr\u00e9 Leonardo dirigiu-se aos pais\/respons\u00e1veis convidando-os a trabalhar em conjunto com a institui\u00e7\u00e3o. \u201cA gente n\u00e3o forma sozinho, a gente forma em parceria. Juntem-se a n\u00f3s para melhor forma\u00e7\u00e3o dos filhos de voc\u00eas. Agora, assim como n\u00f3s, voc\u00eas tamb\u00e9m s\u00e3o IF Baiano\u201d. Disse Andr\u00e9.<\/p>\n\n\n\n<p>Um pai presente, Adriano Silva, atual Secret\u00e1rio de Agricultura do munic\u00edpio de Cravol\u00e2ndia e egresso da primeira turma do Curso T\u00e9cnico em Zootecnia da institui\u00e7\u00e3o, veio acompanhando a sua filha que ingressou no mesmo curso. Ele fala, com muito orgulho, que apoiou a decis\u00e3o da filha em estudar na institui\u00e7\u00e3o. \u201cSou conhecedor da hist\u00f3ria deste instituto e sei da qualidade de ensino, bem como, dos seus profissionais al\u00e9m da estrutura tamb\u00e9m, na regi\u00e3o, de ensino p\u00fablico \u00e9 onde eu tenho a convic\u00e7\u00e3o de que a minha filha ter\u00e1 um bom acompanhamento estudantil\u201d<\/p>\n\n\n\n<figure class=\"wp-block-gallery has-nested-images columns-default is-cropped wp-block-gallery-5 is-layout-flex\">\n<figure class=\"wp-block-image size-large\"><a href=\"https:\/\/www.ifbaiano.edu.br\/unidades\/santaines\/files\/2024\/02\/1c4dcc2a-d23b-49b3-aa3a-551830f41cc4.jpg\"><img decoding=\"async\" loading=\"lazy\" width=\"1600\" height=\"900\" data-id=\"20625\"  src=\"https:\/\/www.ifbaiano.edu.br\/unidades\/santaines\/files\/2024\/02\/1c4dcc2a-d23b-49b3-aa3a-551830f41cc4.jpg\" alt=\"\" class=\"wp-image-20625\" \/><\/a><\/figure>\n\n\n\n<figure class=\"wp-block-image size-large\"><a href=\"https:\/\/www.ifbaiano.edu.br\/unidades\/santaines\/files\/2024\/02\/18ecd6ea-9854-44f0-a565-831a453daa3a.jpg\"><img decoding=\"async\" loading=\"lazy\" width=\"1599\" height=\"899\" data-id=\"20624\"  src=\"https:\/\/www.ifbaiano.edu.br\/unidades\/santaines\/files\/2024\/02\/18ecd6ea-9854-44f0-a565-831a453daa3a.jpg\" alt=\"\" class=\"wp-image-20624\" \/><\/a><\/figure>\n<\/figure>\n\n\n\n<p>A psic\u00f3loga do munic\u00edpio de Santa In\u00eas, Adriana Batista que atua na educa\u00e7\u00e3o, especificamente no Ensino Fundamental II, explanou sobre o trote, Bullyng e Cyerbullyng, trazendo uma reflex\u00e3o para as pessoas presentes sobre as consequ\u00eancias legais dessas \u201cbrincadeiras\u201d.<\/p>\n\n\n\n<p>Ao final das explana\u00e7\u00f5es, um pai pediu a fala e registrou sobre a sua experi\u00eancia na institui\u00e7\u00e3o e sua import\u00e2ncia, a responsabilidade dos pais na educa\u00e7\u00e3o dos filhos e o respeito que todos devem ter um com o outro. Renildo, \u00e9 estudante do curso de P\u00f3s-gradua\u00e7\u00e3o do Campus em Educa\u00e7\u00e3o de Jovens e Adultos articulada \u00e0 Educa\u00e7\u00e3o Profissional, teve uma filha que concluiu um curso t\u00e9cnico no Campus em 2017 e veio acompanhando seu segundo filho que est\u00e1 ingressando como estudante. \u201cS\u00f3 para refor\u00e7ar: eu optei pelo meu filho estar aqui hoje porque eu amo o Heitor e se eu amo Heitor, eu amo o instituto\u201d. Finalizou sua fala com uma frase da m\u00fasica de Raul Seixas \u201csonho que se sonha s\u00f3, \u00e9 s\u00f3 um sonho que se sonha s\u00f3. Mas sonho que se sonha junto \u00e9 realidade\u201d.<\/p>\n\n\n\n<p>Ap\u00f3s essas falas, os pais e respons\u00e1veis pelos estudantes foram direcionados para apresenta\u00e7\u00f5es dos stands dos grupos de estudos dos estudantes do campus.<\/p>\n\n\n\n<figure class=\"wp-block-gallery has-nested-images columns-default is-cropped wp-block-gallery-7 is-layout-flex\">\n<figure class=\"wp-block-image size-large\"><a href=\"https:\/\/www.ifbaiano.edu.br\/unidades\/santaines\/files\/2024\/02\/20240219_093154.jpg\"><img decoding=\"async\" loading=\"lazy\" width=\"3024\" height=\"3024\" data-id=\"20618\"  src=\"https:\/\/www.ifbaiano.edu.br\/unidades\/santaines\/files\/2024\/02\/20240219_093154.jpg\" alt=\"\" class=\"wp-image-20618\" \/><\/a><\/figure>\n\n\n\n<figure class=\"wp-block-image size-large\"><a href=\"https:\/\/www.ifbaiano.edu.br\/unidades\/santaines\/files\/2024\/02\/20240219_092305.jpg\"><img decoding=\"async\" loading=\"lazy\" width=\"3024\" height=\"3024\" data-id=\"20620\"  src=\"https:\/\/www.ifbaiano.edu.br\/unidades\/santaines\/files\/2024\/02\/20240219_092305.jpg\" alt=\"\" class=\"wp-image-20620\" \/><\/a><\/figure>\n\n\n\n<figure class=\"wp-block-image size-large\"><a href=\"https:\/\/www.ifbaiano.edu.br\/unidades\/santaines\/files\/2024\/02\/20240219_090722.jpg\"><img decoding=\"async\" loading=\"lazy\" width=\"3024\" height=\"3024\" data-id=\"20619\"  src=\"https:\/\/www.ifbaiano.edu.br\/unidades\/santaines\/files\/2024\/02\/20240219_090722.jpg\" alt=\"\" class=\"wp-image-20619\" \/><\/a><\/figure>\n\n\n\n<figure class=\"wp-block-image size-large\"><a href=\"https:\/\/www.ifbaiano.edu.br\/unidades\/santaines\/files\/2024\/02\/20240219_090734.jpg\"><img decoding=\"async\" loading=\"lazy\" width=\"3024\" height=\"3024\" data-id=\"20614\"  src=\"https:\/\/www.ifbaiano.edu.br\/unidades\/santaines\/files\/2024\/02\/20240219_090734.jpg\" alt=\"\" class=\"wp-image-20614\" \/><\/a><\/figure>\n\n\n\n<figure class=\"wp-block-image size-large\"><a href=\"https:\/\/www.ifbaiano.edu.br\/unidades\/santaines\/files\/2024\/02\/20240219_090701.jpg\"><img decoding=\"async\" loading=\"lazy\" width=\"3024\" height=\"3024\" data-id=\"20623\"  src=\"https:\/\/www.ifbaiano.edu.br\/unidades\/santaines\/files\/2024\/02\/20240219_090701.jpg\" alt=\"\" class=\"wp-image-20623\" \/><\/a><\/figure>\n\n\n\n<figure class=\"wp-block-image size-large\"><a href=\"https:\/\/www.ifbaiano.edu.br\/unidades\/santaines\/files\/2024\/02\/20240219_090242.jpg\"><img decoding=\"async\" loading=\"lazy\" width=\"3024\" height=\"3024\" data-id=\"20616\"  src=\"https:\/\/www.ifbaiano.edu.br\/unidades\/santaines\/files\/2024\/02\/20240219_090242.jpg\" alt=\"\" class=\"wp-image-20616\" \/><\/a><\/figure>\n\n\n\n<figure class=\"wp-block-image size-large\"><a href=\"https:\/\/www.ifbaiano.edu.br\/unidades\/santaines\/files\/2024\/02\/20240219_090215.jpg\"><img decoding=\"async\" loading=\"lazy\" width=\"4032\" height=\"1816\" data-id=\"20617\"  src=\"https:\/\/www.ifbaiano.edu.br\/unidades\/santaines\/files\/2024\/02\/20240219_090215.jpg\" alt=\"\" class=\"wp-image-20617\" \/><\/a><\/figure>\n<\/figure>\n\n\n\n<hr class=\"wp-block-separator has-alpha-channel-opacity\" \/>\n\n\n<p><!-- \/wp:paragraph --><!-- wp:paragraph --><\/p>\n<p><!-- \/wp:paragraph --><!-- wp:paragraph --><\/p>\n<p style=\"text-align: justify;line-height: 150%\">\u00a0<\/p>\n<p style=\"text-align: justify;line-height: 150%\">\u00a0<\/p>\n<p><!-- \/wp:paragraph --><\/p>\n<p style=\"text-align: justify;line-height: 150%\">\u00a0<\/p>\n<p style=\"text-align: justify;line-height: 150%\">\u00a0<\/p>\n<p><!-- \/wp:paragraph --><!-- wp:paragraph --><\/p>\n<p style=\"text-align: justify;line-height: 150%\">\u00a0<\/p>\n<p><!-- \/wp:paragraph --><!-- wp:paragraph --><\/p>\n<p class=\"MsoNormal\" style=\"text-align: justify;line-height: 150%\"><span style=\"font-family: 'Arial',sans-serif\">\u00a0<\/span><\/p>","protected":false},"excerpt":{"rendered":"<p>Na manh\u00e3 de hoje, 19, na quadra poliesportiva do Campus Santa In\u00eas, aconteceu a primeira reuni\u00e3o de pais e\/ou respons\u00e1veis dos estudantes ingressantes dos cursos t\u00e9cnicos integrados em Alimentos, Agropecu\u00e1ria, Inform\u00e1tica e Zootecnia. A professora Tharcilla Pess\u00f4a, Coordenadora de Ensino, conduziu a reuni\u00e3o que lotou o espa\u00e7o da quadra com a presen\u00e7a, al\u00e9m de estudantes [&hellip;]<\/p>\n","protected":false},"author":86,"featured_media":20598,"comment_status":"closed","ping_status":"closed","sticky":false,"template":"","format":"standard","meta":[],"categories":[4,13,5,57],"tags":[],"_links":{"self":[{"href":"https:\/\/www.ifbaiano.edu.br\/unidades\/santaines\/wp-json\/wp\/v2\/posts\/20595"}],"collection":[{"href":"https:\/\/www.ifbaiano.edu.br\/unidades\/santaines\/wp-json\/wp\/v2\/posts"}],"about":[{"href":"https:\/\/www.ifbaiano.edu.br\/unidades\/santaines\/wp-json\/wp\/v2\/types\/post"}],"author":[{"embeddable":true,"href":"https:\/\/www.ifbaiano.edu.br\/unidades\/santaines\/wp-json\/wp\/v2\/users\/86"}],"replies":[{"embeddable":true,"href":"https:\/\/www.ifbaiano.edu.br\/unidades\/santaines\/wp-json\/wp\/v2\/comments?post=20595"}],"version-history":[{"count":1,"href":"https:\/\/www.ifbaiano.edu.br\/unidades\/santaines\/wp-json\/wp\/v2\/posts\/20595\/revisions"}],"predecessor-version":[{"id":20626,"href":"https:\/\/www.ifbaiano.edu.br\/unidades\/santaines\/wp-json\/wp\/v2\/posts\/20595\/revisions\/20626"}],"wp:featuredmedia":[{"embeddable":true,"href":"https:\/\/www.ifbaiano.edu.br\/unidades\/santaines\/wp-json\/wp\/v2\/media\/20598"}],"wp:attachment":[{"href":"https:\/\/www.ifbaiano.edu.br\/unidades\/santaines\/wp-json\/wp\/v2\/media?parent=20595"}],"wp:term":[{"taxonomy":"category","embeddable":true,"href":"https:\/\/www.ifbaiano.edu.br\/unidades\/santaines\/wp-json\/wp\/v2\/categories?post=20595"},{"taxonomy":"post_tag","embeddable":true,"href":"https:\/\/www.ifbaiano.edu.br\/unidades\/santaines\/wp-json\/wp\/v2\/tags?post=20595"}],"curies":[{"name":"wp","href":"https:\/\/api.w.org\/{rel}","templated":true}]}}