{"id":2061,"date":"2012-06-11T08:24:16","date_gmt":"2012-06-11T11:24:16","guid":{"rendered":"http:\/\/www.ifbaiano.edu.br\/unidades\/santaines\/?p=2061"},"modified":"2012-06-25T08:36:57","modified_gmt":"2012-06-25T11:36:57","slug":"processo-seletivo-para-o-cargo-de-professor-temporario-e-substituto-2012","status":"publish","type":"post","link":"https:\/\/www.ifbaiano.edu.br\/unidades\/santaines\/processo-seletivo-para-o-cargo-de-professor-temporario-e-substituto-2012\/","title":{"rendered":"Processo Seletivo para o Cargo de Professor Tempor\u00e1rio e Substituto 2012 &#8211; Inscri\u00e7\u00f5es Homologadas"},"content":{"rendered":"<p style=\"text-align: justify\">Est\u00e3o encerradas as inscri\u00e7\u00f5es para o &#8220;Processo Seletivo Simplificado para Professor Tempor\u00e1rio e Substituto&#8221;, Campus Santa In\u00eas. A sele\u00e7\u00e3o ocorrer\u00e1 no pr\u00f3prio Campus, ainda neste m\u00eas de junho, e visa selecionar docentes para as \u00e1reas de: Biologia, F\u00edsica, Geografia, Ingl\u00eas, L\u00edngua Portuguesa e Geografia com \u00eanfase em Geoprocessamento, Cartografia Sistem\u00e1tica e Tem\u00e1tica. Para mais informa\u00e7\u00f5es, acesse o <a href=\"http:\/\/200.128.99.51\/site\/selecao\/2012\/edital\/Edital_106_06_Junho.pdf\" target=\"_blank\">Edital N\u00ba106 de 06\/06\/12.<\/a><\/p>\n<h2 style=\"text-align: justify\">ATEN\u00c7\u00c3O!!!<\/h2>\n<p style=\"text-align: justify\">Acesse o <a href=\"http:\/\/200.128.99.51\/site\/selecao\/2012\/\" target=\"_blank\">link<\/a> do Concurso e veja informa\u00e7\u00f5es sobre a disponibiliza\u00e7\u00e3o de recursos para a Prova Did\u00e1tica.<\/p>\n<p style=\"text-align: justify\"><a href=\"http:\/\/200.128.99.51\/site\/selecao\/2012\/index.php?sc=Homologado\" target=\"_blank\">Clique Aqui e confira a lista de candidatos homologados<\/a><\/p>\n<p>Comiss\u00e3o Organizadora.<\/p>\n","protected":false},"excerpt":{"rendered":"<p>Est\u00e3o encerradas as inscri\u00e7\u00f5es para o &#8220;Processo Seletivo Simplificado para Professor Tempor\u00e1rio e Substituto&#8221;, Campus Santa In\u00eas. A sele\u00e7\u00e3o ocorrer\u00e1 no pr\u00f3prio Campus, ainda neste m\u00eas de junho, e visa selecionar docentes para as \u00e1reas de: Biologia, F\u00edsica, Geografia, Ingl\u00eas, L\u00edngua Portuguesa e Geografia com \u00eanfase em Geoprocessamento, Cartografia Sistem\u00e1tica e Tem\u00e1tica. Para mais informa\u00e7\u00f5es, [&hellip;]<\/p>\n","protected":false},"author":26,"featured_media":0,"comment_status":"closed","ping_status":"closed","sticky":false,"template":"","format":"standard","meta":[],"categories":[10],"tags":[],"_links":{"self":[{"href":"https:\/\/www.ifbaiano.edu.br\/unidades\/santaines\/wp-json\/wp\/v2\/posts\/2061"}],"collection":[{"href":"https:\/\/www.ifbaiano.edu.br\/unidades\/santaines\/wp-json\/wp\/v2\/posts"}],"about":[{"href":"https:\/\/www.ifbaiano.edu.br\/unidades\/santaines\/wp-json\/wp\/v2\/types\/post"}],"author":[{"embeddable":true,"href":"https:\/\/www.ifbaiano.edu.br\/unidades\/santaines\/wp-json\/wp\/v2\/users\/26"}],"replies":[{"embeddable":true,"href":"https:\/\/www.ifbaiano.edu.br\/unidades\/santaines\/wp-json\/wp\/v2\/comments?post=2061"}],"version-history":[{"count":12,"href":"https:\/\/www.ifbaiano.edu.br\/unidades\/santaines\/wp-json\/wp\/v2\/posts\/2061\/revisions"}],"predecessor-version":[{"id":2064,"href":"https:\/\/www.ifbaiano.edu.br\/unidades\/santaines\/wp-json\/wp\/v2\/posts\/2061\/revisions\/2064"}],"wp:attachment":[{"href":"https:\/\/www.ifbaiano.edu.br\/unidades\/santaines\/wp-json\/wp\/v2\/media?parent=2061"}],"wp:term":[{"taxonomy":"category","embeddable":true,"href":"https:\/\/www.ifbaiano.edu.br\/unidades\/santaines\/wp-json\/wp\/v2\/categories?post=2061"},{"taxonomy":"post_tag","embeddable":true,"href":"https:\/\/www.ifbaiano.edu.br\/unidades\/santaines\/wp-json\/wp\/v2\/tags?post=2061"}],"curies":[{"name":"wp","href":"https:\/\/api.w.org\/{rel}","templated":true}]}}