{"id":20633,"date":"2024-02-21T18:20:03","date_gmt":"2024-02-21T21:20:03","guid":{"rendered":"https:\/\/www.ifbaiano.edu.br\/unidades\/santaines\/?p=20633"},"modified":"2024-02-21T18:20:04","modified_gmt":"2024-02-21T21:20:04","slug":"if-baiano-campus-santa-ines-divulga-nota-de-repudio-a-pratica-de-trote","status":"publish","type":"post","link":"https:\/\/www.ifbaiano.edu.br\/unidades\/santaines\/if-baiano-campus-santa-ines-divulga-nota-de-repudio-a-pratica-de-trote\/","title":{"rendered":"IF Baiano &#8211; Campus Santa In\u00eas divulga nota de rep\u00fadio \u00e0 pr\u00e1tica de trote"},"content":{"rendered":"\n<p>Em comunicado divulgado hoje, 21 de fevereiro, o Corpo Diretivo do IF Baiano &#8211; Campus Santa In\u00eas emite nota de rep\u00fadio \u00e0 pr\u00e1tica de trote.<\/p>\n\n\n\n<p><a href=\"https:\/\/www.ifbaiano.edu.br\/unidades\/santaines\/files\/2024\/02\/Nota-de-repudio-a-pratica-de-TROTE.pdf\"><strong>Leia na \u00edntegra clicando aqui<\/strong><\/a>.<\/p>\n\n\n\n<hr class=\"wp-block-separator has-alpha-channel-opacity\" \/>\n","protected":false},"excerpt":{"rendered":"<p>Em comunicado divulgado hoje, 21 de fevereiro, o Corpo Diretivo do IF Baiano &#8211; Campus Santa In\u00eas emite nota de rep\u00fadio \u00e0 pr\u00e1tica de trote. Leia na \u00edntegra clicando aqui.<\/p>\n","protected":false},"author":86,"featured_media":12024,"comment_status":"closed","ping_status":"closed","sticky":false,"template":"","format":"standard","meta":[],"categories":[4,5,10,57],"tags":[],"_links":{"self":[{"href":"https:\/\/www.ifbaiano.edu.br\/unidades\/santaines\/wp-json\/wp\/v2\/posts\/20633"}],"collection":[{"href":"https:\/\/www.ifbaiano.edu.br\/unidades\/santaines\/wp-json\/wp\/v2\/posts"}],"about":[{"href":"https:\/\/www.ifbaiano.edu.br\/unidades\/santaines\/wp-json\/wp\/v2\/types\/post"}],"author":[{"embeddable":true,"href":"https:\/\/www.ifbaiano.edu.br\/unidades\/santaines\/wp-json\/wp\/v2\/users\/86"}],"replies":[{"embeddable":true,"href":"https:\/\/www.ifbaiano.edu.br\/unidades\/santaines\/wp-json\/wp\/v2\/comments?post=20633"}],"version-history":[{"count":1,"href":"https:\/\/www.ifbaiano.edu.br\/unidades\/santaines\/wp-json\/wp\/v2\/posts\/20633\/revisions"}],"predecessor-version":[{"id":20635,"href":"https:\/\/www.ifbaiano.edu.br\/unidades\/santaines\/wp-json\/wp\/v2\/posts\/20633\/revisions\/20635"}],"wp:featuredmedia":[{"embeddable":true,"href":"https:\/\/www.ifbaiano.edu.br\/unidades\/santaines\/wp-json\/wp\/v2\/media\/12024"}],"wp:attachment":[{"href":"https:\/\/www.ifbaiano.edu.br\/unidades\/santaines\/wp-json\/wp\/v2\/media?parent=20633"}],"wp:term":[{"taxonomy":"category","embeddable":true,"href":"https:\/\/www.ifbaiano.edu.br\/unidades\/santaines\/wp-json\/wp\/v2\/categories?post=20633"},{"taxonomy":"post_tag","embeddable":true,"href":"https:\/\/www.ifbaiano.edu.br\/unidades\/santaines\/wp-json\/wp\/v2\/tags?post=20633"}],"curies":[{"name":"wp","href":"https:\/\/api.w.org\/{rel}","templated":true}]}}