{"id":20659,"date":"2024-02-22T14:46:59","date_gmt":"2024-02-22T17:46:59","guid":{"rendered":"https:\/\/www.ifbaiano.edu.br\/unidades\/santaines\/?p=20659"},"modified":"2024-02-22T14:46:59","modified_gmt":"2024-02-22T17:46:59","slug":"if-baiano-consulta-comunidade-em-pesquisa-de-qualidade","status":"publish","type":"post","link":"https:\/\/www.ifbaiano.edu.br\/unidades\/santaines\/if-baiano-consulta-comunidade-em-pesquisa-de-qualidade\/","title":{"rendered":"IF Baiano consulta comunidade em pesquisa de qualidade"},"content":{"rendered":"\n<p>O Instituto Federal Baiano realizar\u00e1 sua pesquisa anual de qualidade, entre os dias 26 de fevereiro e 16 de mar\u00e7o. A pesquisa ser\u00e1 feita de forma online, via question\u00e1rio da&nbsp;<a href=\"https:\/\/opinanovo.ifbaiano.edu.br\/index.php\/732487?lang=pt-BR\">Plataforma Opina<\/a>.<\/p>\n\n\n\n<p>O p\u00fablico-alvo da pesquisa s\u00e3o estudantes, egressos, docentes, t\u00e9cnicos-administrativos e comunidade externa do IF Baiano. O objetivo da consulta, realizada pela Pr\u00f3-reitoria de Desenvolvimento Institucional, \u00e9 medir a satisfa\u00e7\u00e3o dos servi\u00e7os ofertados pelo IF Baiano aos seus usu\u00e1rios, para que seja poss\u00edvel avaliar quais \u00e1reas necessitam de melhoria.<\/p>\n\n\n\n<p>O question\u00e1rio possui 9 perguntas objetivas e espa\u00e7o para envio de sugest\u00f5es, cr\u00edticas e elogios por escrito. O respondente avaliar\u00e1 cada t\u00f3pico com base em uma escala de satisfa\u00e7\u00e3o (excelente, bom, regular, insuficiente, ruim).<\/p>\n\n\n\n<p>O formul\u00e1rio visa coletar informa\u00e7\u00f5es sobre como os participantes avaliam a qualidade dos cursos, atividades de extens\u00e3o, pesquisa, pol\u00edtica de assist\u00eancia estudantil, acessibilidade para pessoas com defici\u00eancia e avalia\u00e7\u00e3o geral da unidade.<\/p>\n\n\n\n<p>Fique atento ao prazo e n\u00e3o deixe dar sua contribui\u00e7\u00e3o para a melhoria do Instituto!<\/p>\n\n\n\n<hr class=\"wp-block-separator has-alpha-channel-opacity\" \/>\n","protected":false},"excerpt":{"rendered":"<p>O per\u00edodo para responder o question\u00e1rio ser\u00e1 de 26 de fevereiro a 16 de mar\u00e7o<\/p>\n","protected":false},"author":86,"featured_media":0,"comment_status":"closed","ping_status":"closed","sticky":false,"template":"","format":"standard","meta":[],"categories":[4,57],"tags":[],"_links":{"self":[{"href":"https:\/\/www.ifbaiano.edu.br\/unidades\/santaines\/wp-json\/wp\/v2\/posts\/20659"}],"collection":[{"href":"https:\/\/www.ifbaiano.edu.br\/unidades\/santaines\/wp-json\/wp\/v2\/posts"}],"about":[{"href":"https:\/\/www.ifbaiano.edu.br\/unidades\/santaines\/wp-json\/wp\/v2\/types\/post"}],"author":[{"embeddable":true,"href":"https:\/\/www.ifbaiano.edu.br\/unidades\/santaines\/wp-json\/wp\/v2\/users\/86"}],"replies":[{"embeddable":true,"href":"https:\/\/www.ifbaiano.edu.br\/unidades\/santaines\/wp-json\/wp\/v2\/comments?post=20659"}],"version-history":[{"count":1,"href":"https:\/\/www.ifbaiano.edu.br\/unidades\/santaines\/wp-json\/wp\/v2\/posts\/20659\/revisions"}],"predecessor-version":[{"id":20660,"href":"https:\/\/www.ifbaiano.edu.br\/unidades\/santaines\/wp-json\/wp\/v2\/posts\/20659\/revisions\/20660"}],"wp:attachment":[{"href":"https:\/\/www.ifbaiano.edu.br\/unidades\/santaines\/wp-json\/wp\/v2\/media?parent=20659"}],"wp:term":[{"taxonomy":"category","embeddable":true,"href":"https:\/\/www.ifbaiano.edu.br\/unidades\/santaines\/wp-json\/wp\/v2\/categories?post=20659"},{"taxonomy":"post_tag","embeddable":true,"href":"https:\/\/www.ifbaiano.edu.br\/unidades\/santaines\/wp-json\/wp\/v2\/tags?post=20659"}],"curies":[{"name":"wp","href":"https:\/\/api.w.org\/{rel}","templated":true}]}}