{"id":2071,"date":"2012-06-13T09:20:32","date_gmt":"2012-06-13T12:20:32","guid":{"rendered":"http:\/\/www.ifbaiano.edu.br\/unidades\/santaines\/?p=2071"},"modified":"2012-06-29T23:02:44","modified_gmt":"2012-06-30T02:02:44","slug":"edital-de-assistencia-estudantil-n-222012","status":"publish","type":"post","link":"https:\/\/www.ifbaiano.edu.br\/unidades\/santaines\/edital-de-assistencia-estudantil-n-222012\/","title":{"rendered":"Edital de Assist\u00eancia Estudantil N\u00ba 22\/2012"},"content":{"rendered":"<p>A entrevista de car\u00e1ter obrigat\u00f3rio para o processo de sele\u00e7\u00e3o de estudantes, com finalidade da participa\u00e7\u00e3o das a\u00e7\u00f5es do Programa de Assist\u00eancia e Inclus\u00e3o Social do Estudante \u2013 PAISE, para o per\u00edodo letivo de 2012 ser\u00e1 realizada conforme cronograma abaixo.<\/p>\n<p><strong>Os estudantes menores de 18 anos de idade que participar\u00e3o da entrevista ter\u00e3o a obrigatoriedade de vir acompanhados dos pais ou respons\u00e1veis. <\/strong><\/p>\n<p><strong>Em caso de paralisa\u00e7\u00e3o das atividades letivas, a Comiss\u00e3o de Assist\u00eancia Estudantil respons\u00e1vel pela sele\u00e7\u00e3o, execu\u00e7\u00e3o, acompanhamento e avalia\u00e7\u00e3o do PAISE ir\u00e1 divulgar novo cronograma de entrevista<\/strong>.<\/p>\n<p><a href=\"http:\/\/www.ifbaiano.edu.br\/unidades\/santaines\/files\/2012\/06\/RELAcaO-DOS-ALUNOS-PARA-ENTREVISTA-DA-POLiTICA-DE-ASSISTeNCIA-ESTUDANTIL-1.pdf\" target=\"_blank\">Rela\u00e7\u00e3o dos Alunos para a entrevista da pol\u00edtica de Assit\u00eancia Estudantil<\/a><\/p>\n<p>Atenciosamente,<\/p>\n<p>Comiss\u00e3o Assist\u00eancia Estudantil<\/p>\n","protected":false},"excerpt":{"rendered":"<p>A entrevista de car\u00e1ter obrigat\u00f3rio para o processo de sele\u00e7\u00e3o de estudantes, com finalidade da participa\u00e7\u00e3o das a\u00e7\u00f5es do Programa de Assist\u00eancia e Inclus\u00e3o Social do Estudante \u2013 PAISE, para o per\u00edodo letivo de 2012 ser\u00e1 realizada conforme cronograma abaixo. Os estudantes menores de 18 anos de idade que participar\u00e3o da entrevista ter\u00e3o a obrigatoriedade [&hellip;]<\/p>\n","protected":false},"author":26,"featured_media":0,"comment_status":"closed","ping_status":"closed","sticky":false,"template":"","format":"standard","meta":[],"categories":[10],"tags":[],"_links":{"self":[{"href":"https:\/\/www.ifbaiano.edu.br\/unidades\/santaines\/wp-json\/wp\/v2\/posts\/2071"}],"collection":[{"href":"https:\/\/www.ifbaiano.edu.br\/unidades\/santaines\/wp-json\/wp\/v2\/posts"}],"about":[{"href":"https:\/\/www.ifbaiano.edu.br\/unidades\/santaines\/wp-json\/wp\/v2\/types\/post"}],"author":[{"embeddable":true,"href":"https:\/\/www.ifbaiano.edu.br\/unidades\/santaines\/wp-json\/wp\/v2\/users\/26"}],"replies":[{"embeddable":true,"href":"https:\/\/www.ifbaiano.edu.br\/unidades\/santaines\/wp-json\/wp\/v2\/comments?post=2071"}],"version-history":[{"count":7,"href":"https:\/\/www.ifbaiano.edu.br\/unidades\/santaines\/wp-json\/wp\/v2\/posts\/2071\/revisions"}],"predecessor-version":[{"id":2127,"href":"https:\/\/www.ifbaiano.edu.br\/unidades\/santaines\/wp-json\/wp\/v2\/posts\/2071\/revisions\/2127"}],"wp:attachment":[{"href":"https:\/\/www.ifbaiano.edu.br\/unidades\/santaines\/wp-json\/wp\/v2\/media?parent=2071"}],"wp:term":[{"taxonomy":"category","embeddable":true,"href":"https:\/\/www.ifbaiano.edu.br\/unidades\/santaines\/wp-json\/wp\/v2\/categories?post=2071"},{"taxonomy":"post_tag","embeddable":true,"href":"https:\/\/www.ifbaiano.edu.br\/unidades\/santaines\/wp-json\/wp\/v2\/tags?post=2071"}],"curies":[{"name":"wp","href":"https:\/\/api.w.org\/{rel}","templated":true}]}}