{"id":20726,"date":"2024-04-08T12:54:00","date_gmt":"2024-04-08T15:54:00","guid":{"rendered":"https:\/\/www.ifbaiano.edu.br\/unidades\/santaines\/?p=20726"},"modified":"2026-03-11T15:49:02","modified_gmt":"2026-03-11T18:49:02","slug":"campus-santa-ines-seleciona-estudantes-para-cursos-ead-na-forma-subsequente-ao-ensino-medio","status":"publish","type":"post","link":"https:\/\/www.ifbaiano.edu.br\/unidades\/santaines\/campus-santa-ines-seleciona-estudantes-para-cursos-ead-na-forma-subsequente-ao-ensino-medio\/","title":{"rendered":"Campus Santa In\u00eas oferta 180 vagas em cursos T\u00e9cnicos Subsequentes (EaD)"},"content":{"rendered":"\n<p>O IF Baiano &#8211; Campus Santa In\u00eas abriu inscri\u00e7\u00f5es, no <strong>per\u00edodo de 02 a&nbsp;10 de mar\u00e7o de 2024<\/strong>, para 180 vagas em cursos da Educa\u00e7\u00e3o Profissional T\u00e9cnica de N\u00edvel M\u00e9dio, na forma Subsequente ao Ensino M\u00e9dio &#8211; Modalidade de Educa\u00e7\u00e3o a Dist\u00e2ncia (EaD). Os cursos s\u00e3o semipresenciais com um encontro presencial, na semana e utilizam a plataforma <em>Moodle <\/em>para atividades.<\/p>\n\n\n\n<p>As inscri\u00e7\u00f5es aconteceram exclusivamente <em>online<\/em>, atrav\u00e9s da manifesta\u00e7\u00e3o de interesse e ordem de recebimento do <a href=\"https:\/\/forms.gle\/roGuTiezyqoUug6aA\">formul\u00e1rio eletr\u00f4nico<\/a> e envio de documentos, conforme consta no <a href=\"https:\/\/www.ifbaiano.edu.br\/unidades\/santaines\/files\/2024\/02\/EDITAL-PROCESSO-SELETIVO-PARA-INGRESSO-DE-ESTUDANTES-NOS-CURSOS-DA-EDUCACAO-PROFISSIONAL-TECNICA-DE-NIVEL-MEDIO-NA-FORMA-SUBSEQUENTE-AO-ENSINO-MEDIO-EaD.pdf\">Edital<\/a>. Para se inscrever, o(a) candidato(a) deveria ter o Cadastro de Pessoa F\u00edsica (CPF) e comprovante de conclus\u00e3o do Ensino M\u00e9dio (hist\u00f3rico ou declara\u00e7\u00e3o de conclus\u00e3o), escane\u00e1-los, em formato PDF, e anex\u00e1-los no <a href=\"https:\/\/forms.gle\/roGuTiezyqoUug6aA\">formul\u00e1rio <em>online<\/em><\/a>.<\/p>\n\n\n\n<p>As vagas ofertadas s\u00e3o para os seguintes cursos:<\/p>\n\n\n\n<ul>\n<li>T\u00e9cnico em Vendas no polo Santa In\u00eas &#8211; 40 vagas &#8211; curso com dura\u00e7\u00e3o de dois semestres e funcionando em regime noturno;<\/li>\n\n\n\n<li>T\u00e9cnico em Inform\u00e1tica &#8211; no polo Marac\u00e1s (P\u00e9 de Serra) &#8211; 50 vagas &#8211; curso com dura\u00e7\u00e3o de tr\u00eas semestres e funcionando em regime noturno;<\/li>\n\n\n\n<li>T\u00e9cnico em Inform\u00e1tica &#8211; no polo Marac\u00e1s (Porto Alegre) &#8211; 50 vagas &#8211; curso com dura\u00e7\u00e3o de tr\u00eas semestres e funcionando em regime noturno;<\/li>\n\n\n\n<li>T\u00e9cnico em Secretaria Escolar &#8211; no polo Marac\u00e1s (Sede do Munic\u00edpio) &#8211; 40 vagas &#8211; com dura\u00e7\u00e3o de tr\u00eas semestres e funcionando em regime diurno.<\/li>\n<\/ul>\n\n\n\n<p>Os(As) candidatos(as) devem acompanhar todas as etapas do processo seletivo e publica\u00e7\u00f5es dessa p\u00e1gina e, em caso de d\u00favidas, encaminhar e-mail&nbsp;para prosel.ead2024@gmail.com ou contato por <em>WhatsApp <\/em>no telefone (73) 98128-9734.<\/p>\n\n\n\n<hr class=\"wp-block-separator has-alpha-channel-opacity\" \/>\n\n\n\n<h2 class=\"wp-block-heading\"><strong>Documentos\/Etapas desse Processo Seletivo:<\/strong><\/h2>\n\n\n\n<ul>\n<li><a href=\"https:\/\/www.ifbaiano.edu.br\/unidades\/santaines\/files\/2024\/02\/EDITAL-PROCESSO-SELETIVO-PARA-INGRESSO-DE-ESTUDANTES-NOS-CURSOS-DA-EDUCACAO-PROFISSIONAL-TECNICA-DE-NIVEL-MEDIO-NA-FORMA-SUBSEQUENTE-AO-ENSINO-MEDIO-EaD.pdf\">Edital n\u00ba 4<\/a><\/li>\n\n\n\n<li><a href=\"https:\/\/www.ifbaiano.edu.br\/unidades\/santaines\/files\/2024\/02\/ANEXO-I-consolidacao-de-renda.pdf\">Anexo I &#8211; Consolida\u00e7\u00e3o de Renda Familiar<\/a> &#8211; para os candidatos que escolheram as vagas RV1 RV2 RV3 RV4 RV5<\/li>\n\n\n\n<li><a href=\"https:\/\/www.ifbaiano.edu.br\/unidades\/santaines\/files\/2024\/02\/ANEXO-II-autodeclaracao-etnico-racial.pdf\">Anexo II &#8211; Autodeclara\u00e7\u00e3o \u00c9tnico-Racial<\/a> &#8211; para os candidatos que escolheram as vagas RV1 RV2 RV5 RV6<\/li>\n\n\n\n<li><a href=\"https:\/\/www.ifbaiano.edu.br\/unidades\/santaines\/files\/2024\/02\/ANEXO-III-pessoa-com-deficiencia.pdf\">Anexo III &#8211; Declara\u00e7\u00e3o de Pessoa com Defici\u00eancia<\/a> &#8211; para os candidatos que escolheram as vagas A1 RV2 RV4 RV6 RV8<\/li>\n\n\n\n<li><a href=\"https:\/\/www.ifbaiano.edu.br\/unidades\/santaines\/files\/2024\/02\/ANEXO-IV-declaracao-de-renda.pdf\">Anexo IV &#8211; Autodeclara\u00e7\u00e3o de renda<\/a> &#8211; para os candidatos que escolheram as vagas RV1 RV2 RV3 RV4 RV5<\/li>\n\n\n\n<li><a href=\"https:\/\/www.ifbaiano.edu.br\/unidades\/santaines\/files\/2024\/02\/ANEXO-V-formulario-para-recurso.pdf\">Anexo V &#8211; Formul\u00e1rio para recurso<\/a><\/li>\n\n\n\n<li><a href=\"https:\/\/www.ifbaiano.edu.br\/unidades\/santaines\/files\/2024\/02\/ANEXO-VI-ficha-de-matricula.pdf\">Ficha de Matr\u00edcula<\/a><\/li>\n\n\n\n<li><a href=\"https:\/\/www.ifbaiano.edu.br\/unidades\/santaines\/files\/2024\/03\/resultado-preliminar-das-inscricoes-homologadas-EAD-CSI-2024.pdf\">Resultado preliminar das inscri\u00e7\u00f5es homologadas<\/a>  <\/li>\n\n\n\n<li><a href=\"https:\/\/www.ifbaiano.edu.br\/unidades\/santaines\/files\/2024\/03\/Resultado-inscricoes-homologadas-pos-recursos.pdf\">Resultado final das inscri\u00e7\u00f5es homologadas p\u00f3s recurso<\/a> &#8211; Candidatos(as) com inscri\u00e7\u00f5es INDEFERIDAS est\u00e3o desclassificados devido a n\u00e3o apresenta\u00e7\u00e3o da documenta\u00e7\u00e3o b\u00e1sica (RG+CPF e Hist\u00f3rico do ensino m\u00e9dio)<\/li>\n\n\n\n<li><a href=\"https:\/\/www.ifbaiano.edu.br\/unidades\/santaines\/files\/2024\/03\/CONVOCACAO-PARA-BANCA-DE-HETEROIDENTIFICACAO-CURSOS-EAD.pdf\">Candidatos(as) convocados(as) para Banca de Heteroidentifica\u00e7\u00e3o<\/a> &#8211; DATA : 15\/03\/2024; HOR\u00c1RIO: vespertino; FORMATO: <em>on-line<\/em><\/li>\n\n\n\n<li><a href=\"https:\/\/www.ifbaiano.edu.br\/unidades\/santaines\/files\/2024\/03\/Curriculo-bancas_EAD_2024_CSI.pdf\">Curr\u00edculo dos(as) membros(as) da Banca de Heteroidentifica\u00e7\u00e3o<\/a><\/li>\n\n\n\n<li><a href=\"https:\/\/www.ifbaiano.edu.br\/unidades\/santaines\/files\/2024\/03\/LISTA-RESULTADO-FINAL-BANCA-DE-HETEROIDENTIFICACAO-CURSOS-EAD_2024-publicacao.pdf\">Resultado Preliminar &#8211; Banca de Heteroidentifica\u00e7\u00e3o<\/a><\/li>\n\n\n\n<li><a rel=\"noreferrer noopener\" href=\"https:\/\/concurso.ifbaiano.edu.br\/portal\/ingresso-subsequente-ead-santa-ines-fevereiro-2024\/wp-content\/uploads\/sites\/959\/2024\/03\/Reficacao-do-Edital-No-4_2024_EaD.pdf\" target=\"_blank\">Retifica\u00e7\u00e3o do Edital n\u00ba 4<\/a><\/li>\n\n\n\n<li><a href=\"https:\/\/www.ifbaiano.edu.br\/unidades\/santaines\/files\/2024\/03\/Lista-de-convocados-para-matricula.pdf\">Lista de convocados(as) para matr\u00edcula<\/a> &#8211; As matr\u00edculas ser\u00e3o realizadas nos dias 21 e&nbsp;22 de mar\u00e7o de 2024 atrav\u00e9s do e-mail&nbsp;prosel.ead2024@gmail.com, onde deve ser anexada a documenta\u00e7\u00e3o exigida no <a href=\"https:\/\/www.ifbaiano.edu.br\/unidades\/santaines\/files\/2024\/02\/EDITAL-PROCESSO-SELETIVO-PARA-INGRESSO-DE-ESTUDANTES-NOS-CURSOS-DA-EDUCACAO-PROFISSIONAL-TECNICA-DE-NIVEL-MEDIO-NA-FORMA-SUBSEQUENTE-AO-ENSINO-MEDIO-EaD.pdf\">edital<\/a>  e a <a href=\"https:\/\/concurso.ifbaiano.edu.br\/portal\/ingresso-subsequente-ead-santa-ines-fevereiro-2024\/wp-content\/uploads\/sites\/959\/2024\/02\/ANEXO-VI-ficha-de-matricula.pdf\">ficha de inscri\u00e7\u00e3o<\/a>.<\/li>\n\n\n\n<li><a href=\"https:\/\/www.ifbaiano.edu.br\/unidades\/santaines\/files\/2024\/04\/Lista-de-Matriculados-EaD.pdf\">Lista de Matriculados(as)<\/a><\/li>\n\n\n\n<li><a href=\"https:\/\/www.ifbaiano.edu.br\/unidades\/santaines\/files\/2024\/04\/Errata-listagem-Edital-no-4.pdf\">Errata listagem &#8211; Edital n\u00ba 4<\/a><\/li>\n\n\n\n<li><a href=\"https:\/\/www.ifbaiano.edu.br\/unidades\/santaines\/files\/2024\/04\/Errata-da-documentacao-EaD.pdf\">Errata da documenta\u00e7\u00e3o<\/a><\/li>\n<\/ul>\n\n\n\n<hr class=\"wp-block-separator has-alpha-channel-opacity\" \/>\n","protected":false},"excerpt":{"rendered":"<p>As oportunidades s\u00e3o para os cursos T\u00e9cnico em Vendas, Inform\u00e1tica e Secretaria Escolar<\/p>\n","protected":false},"author":7,"featured_media":18120,"comment_status":"closed","ping_status":"closed","sticky":false,"template":"","format":"standard","meta":[],"categories":[4,5,8,57],"tags":[],"_links":{"self":[{"href":"https:\/\/www.ifbaiano.edu.br\/unidades\/santaines\/wp-json\/wp\/v2\/posts\/20726"}],"collection":[{"href":"https:\/\/www.ifbaiano.edu.br\/unidades\/santaines\/wp-json\/wp\/v2\/posts"}],"about":[{"href":"https:\/\/www.ifbaiano.edu.br\/unidades\/santaines\/wp-json\/wp\/v2\/types\/post"}],"author":[{"embeddable":true,"href":"https:\/\/www.ifbaiano.edu.br\/unidades\/santaines\/wp-json\/wp\/v2\/users\/7"}],"replies":[{"embeddable":true,"href":"https:\/\/www.ifbaiano.edu.br\/unidades\/santaines\/wp-json\/wp\/v2\/comments?post=20726"}],"version-history":[{"count":18,"href":"https:\/\/www.ifbaiano.edu.br\/unidades\/santaines\/wp-json\/wp\/v2\/posts\/20726\/revisions"}],"predecessor-version":[{"id":21060,"href":"https:\/\/www.ifbaiano.edu.br\/unidades\/santaines\/wp-json\/wp\/v2\/posts\/20726\/revisions\/21060"}],"wp:featuredmedia":[{"embeddable":true,"href":"https:\/\/www.ifbaiano.edu.br\/unidades\/santaines\/wp-json\/wp\/v2\/media\/18120"}],"wp:attachment":[{"href":"https:\/\/www.ifbaiano.edu.br\/unidades\/santaines\/wp-json\/wp\/v2\/media?parent=20726"}],"wp:term":[{"taxonomy":"category","embeddable":true,"href":"https:\/\/www.ifbaiano.edu.br\/unidades\/santaines\/wp-json\/wp\/v2\/categories?post=20726"},{"taxonomy":"post_tag","embeddable":true,"href":"https:\/\/www.ifbaiano.edu.br\/unidades\/santaines\/wp-json\/wp\/v2\/tags?post=20726"}],"curies":[{"name":"wp","href":"https:\/\/api.w.org\/{rel}","templated":true}]}}